{"id":11133,"date":"2022-06-06T23:23:46","date_gmt":"2022-06-06T21:23:46","guid":{"rendered":"https:\/\/wellclinic.pl\/?p=11133"},"modified":"2025-08-04T13:46:16","modified_gmt":"2025-08-04T11:46:16","slug":"wie-man-die-bildung-von-haarkurven-verhindern-kann","status":"publish","type":"post","link":"https:\/\/wellclinic.pl\/de\/jak-zatrzymac-powstawanie-zakoli\/","title":{"rendered":"Wie kann man die Bildung von Haarkurven verhindern?"},"content":{"rendered":"<p>Die Bildung von Haarkr\u00e4nzen ist das erste Stadium der Kahlheit, das entgegen der allgemeinen Meinung gestoppt werden kann. Das Problem der Haarballen betrifft vor allem M\u00e4nner, und die Ursache f\u00fcr ihre Bildung kann auf eine Reihe von Faktoren zur\u00fcckzuf\u00fchren sein - von genetischer Veranlagung \u00fcber Ern\u00e4hrung und Stress bis hin zur Einnahme von Medikamenten gegen verschiedene Krankheiten. Wie kann man die Bildung von Haarballen verhindern? Die wirksamste Ma\u00dfnahme, um das Haar zu verdichten und die Bildung von Haarballen zu verhindern, ist die Lasertechnik, die wir in der Wellclinic anwenden.&nbsp;<\/p>\n\n\n\n<h2 class=\"wp-block-heading\"><strong>Hausmittel f\u00fcr die Kurve<\/strong><\/h2>\n\n\n\n<p>Wie kann ich mein Haar zu Hause b\u00e4ndigen? Regelm\u00e4\u00dfige Kopfhautmassagen zur Verbesserung der Durchblutung und die Anwendung von Einreibungen und Masken auf der Basis von nat\u00fcrlichen \u00d6len (z. B. Rosmarin\u00f6l) oder N\u00e4hrstoffen (wie Biotin in der Ern\u00e4hrung) sind beliebte Hausmittel gegen Haarkurven. Um ihr Haar wirksam zu b\u00e4ndigen, greifen viele Patienten auf bew\u00e4hrte Apothekenpr\u00e4parate zur\u00fcck.<\/p>\n\n\n\n<p>Eines davon ist Minoxidil f\u00fcr die Haarfollikel, ein Wirkstoff, der in Haarsp\u00fclungen enthalten ist und die Haarfollikel zum Wachstum anregt. Seine Wirkung tritt allm\u00e4hlich ein. Wie lange muss ich Minoxidil f\u00fcr den Haaransatz anwenden? Es handelt sich um eine Langzeitbehandlung mit einer Dauer von mindestens 12 Monaten. Um die erzielten Ergebnisse zu erhalten, darf die Behandlung nicht unterbrochen werden.<\/p>\n\n\n\n<p>Und welches SLS-freie Shampoo f\u00fcr den Haaransatz? Empfehlenswert sind sanfte Shampoos, die die Kopfhaut nicht reizen und Wirkstoffe wie Koffein, Zink oder Pflanzenextrakte zur Unterst\u00fctzung geschw\u00e4chter Haarfollikel enthalten.<\/p>\n\n\n\n<h2 class=\"wp-block-heading\"><strong>Wie viel kostet eine Haartransplantation FUE-Haarverpflanzung vs. Fotona-Haarwiederherstellung - Meinungen<\/strong><\/h2>\n\n\n\n<p>Die Preise f\u00fcr Kurvenbehandlungen k\u00f6nnen je nach Klinik und Anzahl der ben\u00f6tigten Grafts (Haareinheiten) variieren. In der Regel liegen die Kosten f\u00fcr kleine Kurven zwischen 12.000 z\u0142 und 15.000 z\u0142, w\u00e4hrend die Preise f\u00fcr gr\u00f6\u00dfere Kurven oder Haarlinienreduzierungen bis zu 20.000 z\u0142 oder mehr betragen k\u00f6nnen.<\/p>\n\n\n\n<p>In der Wellclinic wird anstelle der invasiven FUE-Transplantation das Fotona-Haarwiederherstellungsprotokoll als schmerzfreie und nicht-chirurgische Alternative zur Bek\u00e4mpfung von Kahlheit und Haarausfall angeboten. Die Ergebnisse dieser Therapie sind oft vergleichbar oder sogar besser als die Ergebnisse von Haartransplantationen, die mehr als 30.000 z\u0142 kosten.<\/p>\n\n\n\n<p>Die von der Wellclinic Medical Clinic entwickelte Formel kann zu einem verst\u00e4rkten Wachstum neuer Haare, zur St\u00e4rkung bestehender Haare und zur Verbesserung der Haardicke und des gesunden Aussehens f\u00fchren, ohne Narbenbildung oder lange Erholungszeiten. Die Kosten f\u00fcr die kombinierte Therapie (6 Sitzungen) \u00fcbersteigen nicht 4.000 z\u0142.<\/p>\n\n\n\n<h2 class=\"wp-block-heading\"><strong>Stoppen der Bildung von Haarkurven in der Wellclinic<\/strong><\/h2>\n\n\n\n<p>In unserer Klinik f\u00fcr \u00e4sthetische Medizin f\u00fchren wir eine effektive und dauerhafte Entfernung von Haarkurven und <a href=\"https:\/\/wellclinic.pl\/de\/angebot\/behandlung-von-alopezie\/\">Anzeichen von Kahlheit<\/a>. Das Behandlungsprogramm f\u00fcr die Kopfhaut basiert auf dem hochmodernen <a href=\"https:\/\/wellclinic.pl\/de\/enzyklopadie\/photona-dynamis-sp-2\/\">Fotona Dynamis SP-Laser<\/a>. Es kombiniert synergetisch mit der neuesten Entdeckung in der \u00e4sthetischen Medizin, n\u00e4mlich Gewebe Biostimulatoren. Laser-Kurvenentfernung dank zwei Weltklasse-Technologien, die gleichzeitig arbeiten, produzieren Ergebnisse bis zu 300% besser als herk\u00f6mmliche Methoden. Die Fotona-Laserbehandlung mit Gewebe-Biostimulatoren wird von f\u00fchrenden \u00c4rzten in der ganzen Welt empfohlen. Klinische Studien best\u00e4tigen, dass eine Serie von drei Behandlungen in der Lage ist, das Haar um bis zu 86% zu verd\u00fcnnen und die Bildung von Haarkurven zu stoppen.<\/p>\n\n\n\n<h2 class=\"wp-block-heading\"><strong>Vorteile der Kurvenbehandlung in der Wellclinic<\/strong><\/h2>\n\n\n\n<p>Fotona Hair Restoration ist eine Therapie, die die Bildung von Haarkurven stoppen und auch den Kahlheitsprozess umkehren kann. Die Wirkung des Lasers ist unabh\u00e4ngig von der zugrundeliegenden Ursache des Problems - wenn die Haarkurven durch genetische Veranlagung entstanden sind, kann der Laser ihre Sichtbarkeit reduzieren und die weitere Ausbreitung kahler Stellen stoppen. Dar\u00fcber hinaus baut die Behandlung nicht nur die Struktur der abgestorbenen Haare wieder auf, sondern regt auch das Wachstum neuer Follikel an - so kann das Haar dicker werden als vor dem Auftreten des Problems. Dadurch wird das Haar \u00fcber mehrere Monate hinweg gest\u00e4rkt, und die Therapie erfordert nur sechs Besuche im w\u00f6chentlichen Rhythmus. Die Investition von Zeit und Geld lohnt sich auf jeden Fall - die Ergebnisse, die Wellclinic-Kunden erzielen, sind oft besser als Haartransplantationen, die \u00fcber 30.000 Euro kosten.<\/p>\n\n\n\n<h2 class=\"wp-block-heading\"><strong>Verlauf der Behandlung von Haarausfall und Kurven<\/strong><\/h2>\n\n\n\n<p>W <a href=\"https:\/\/wellclinic.pl\/de\/\">WellClinic<\/a> Jeder Behandlung geht eine ausf\u00fchrliche Anamnese voraus, um Kontraindikationen auszuschlie\u00dfen. Anschlie\u00dfend wird das Haar gereinigt und desinfiziert. Die Behandlung dauert je nach Behandlungsbereich etwa 15-20 Minuten und besteht aus zwei Phasen:<\/p>\n\n\n\n<ul class=\"wp-block-list\">\n<li>Die erste Stufe der Kombinationstherapie ist die Lasertherapie mit dem Fotona Hair Restoration Ger\u00e4t. Das Fotona Dynamis SP Pro gibt lange Laserimpulse ab, die direkt auf die schlafenden Follikel einwirken. Die Wirkung zielt darauf ab, den Haarfollikel zum schnellen Wachstum anzuregen.<\/li>\n\n\n\n<li>Es folgt die Biostimulation - Nucleofill Hair. Dies ist nichts anderes als eine Mesotherapie mit einem Pr\u00e4parat mit Polynukleotiden. Die Substanz stimuliert die Mikrozirkulation und verbessert und erh\u00f6ht den Transport von Mikron\u00e4hrstoffen. Die in Nucleofill Hair enthaltenen Polynukleotide sind ein nat\u00fcrlicher Zellbooster - sie stimulieren das Wachstum und hemmen den Haarausfall.<\/li>\n<\/ul>\n\n\n\n<h2 class=\"wp-block-heading\"><strong>Stoppen Sie die Kurven mit Wellclinic!<\/strong><\/h2>\n\n\n\n<p>Bei fortgeschrittenen Verkr\u00fcmmungen oder starkem Haarausfall reichen Hausmittel und allgemein erh\u00e4ltliche Pr\u00e4parate m\u00f6glicherweise nicht aus. In der Wellclinic setzen wir auf einen umfassenden Ansatz und hochmoderne Protokolle wie Fotona Hair Restoration, die eine fortschrittliche Unterst\u00fctzung bei der Haarregeneration und -verdichtung bieten und auf die individuellen Bed\u00fcrfnisse des Patienten zugeschnitten sind.<\/p>\n\n\n\n<p>Finden Sie heraus, ob Sie f\u00fcr eine individuelle Therapie in Frage kommen!<\/p>\n\n\n\n<p><\/p>","protected":false},"excerpt":{"rendered":"<p>Powstawanie zakoli jest pierwszym etapem \u0142ysienia, kt\u00f3re wbrew og\u00f3lnemu prze\u015bwiadczeniu, mo\u017cna zatrzyma\u0107. Problem zakoli dotyka g\u0142\u00f3wnie m\u0119\u017cczyzn, a pod\u0142o\u017ce ich powstawania mo\u017ce wynika\u0107 z wielu czynnik\u00f3w \u2013 od sk\u0142onno\u015bci genetycznych, przez diet\u0119 i stres, a tak\u017ce przez za\u017cywanie lek\u00f3w na r\u00f3\u017cne choroby. Jak zatrzyma\u0107 powstawanie zakoli? Najskuteczniejszym z dzia\u0142a\u0144 wspomagaj\u0105cych zag\u0119szczenie w\u0142os\u00f3w i zatrzymanie powstawania [&hellip;]<\/p>\n","protected":false},"author":3,"featured_media":11134,"comment_status":"closed","ping_status":"closed","sticky":false,"template":"","format":"standard","meta":{"_acf_changed":false,"footnotes":""},"categories":[38,101],"tags":[32],"class_list":["post-11133","post","type-post","status-publish","format-standard","has-post-thumbnail","hentry","category-zabieg-dla-mezczyzn","category-zabieg-laserowy","tag-laser-fotona"],"acf":[],"yoast_head":"<!-- This site is optimized with the Yoast SEO Premium plugin v21.1 (Yoast SEO v27.5) - https:\/\/yoast.com\/product\/yoast-seo-premium-wordpress\/ -->\n<title>Jak zahamowa\u0107 zakola? Zabiegi i piel\u0119gnacja \ud83e\uddf4<\/title>\n<meta name=\"description\" content=\"Powstawanie zakoli jest pierwszym etapem \u0142ysienia m\u0119\u017cczyzn, kt\u00f3re wbrew og\u00f3lnemu prze\u015bwiadczeniu, mo\u017cna zatrzyma\u0107. Chcesz wiedzie\u0107 jak? Sprawd\u017a!\" \/>\n<meta name=\"robots\" content=\"index, follow, max-snippet:-1, max-image-preview:large, max-video-preview:-1\" \/>\n<link rel=\"canonical\" href=\"https:\/\/wellclinic.pl\/de\/wie-man-die-bildung-von-haarkurven-verhindern-kann\/\" \/>\n<meta property=\"og:locale\" content=\"de_DE\" \/>\n<meta property=\"og:type\" content=\"article\" \/>\n<meta property=\"og:title\" content=\"Jak zatrzyma\u0107 powstawanie zakoli?\" \/>\n<meta property=\"og:description\" content=\"Powstawanie zakoli jest pierwszym etapem \u0142ysienia m\u0119\u017cczyzn, kt\u00f3re wbrew og\u00f3lnemu prze\u015bwiadczeniu, mo\u017cna zatrzyma\u0107. Chcesz wiedzie\u0107 jak? Sprawd\u017a!\" \/>\n<meta property=\"og:url\" content=\"https:\/\/wellclinic.pl\/de\/wie-man-die-bildung-von-haarkurven-verhindern-kann\/\" \/>\n<meta property=\"og:site_name\" content=\"Wellclinic\" \/>\n<meta property=\"article:published_time\" content=\"2022-06-06T21:23:46+00:00\" \/>\n<meta property=\"article:modified_time\" content=\"2025-08-04T11:46:16+00:00\" \/>\n<meta property=\"og:image\" content=\"https:\/\/wellclinic.pl\/wp-content\/uploads\/2022\/06\/zakola.png\" \/>\n\t<meta property=\"og:image:width\" content=\"940\" \/>\n\t<meta property=\"og:image:height\" content=\"788\" \/>\n\t<meta property=\"og:image:type\" content=\"image\/png\" \/>\n<meta name=\"author\" content=\"Monika Ma\u0107kowska\" \/>\n<meta name=\"twitter:card\" content=\"summary_large_image\" \/>\n<meta name=\"twitter:label1\" content=\"Verfasst von\" \/>\n\t<meta name=\"twitter:data1\" content=\"Monika Ma\u0107kowska\" \/>\n\t<meta name=\"twitter:label2\" content=\"Gesch\u00e4tzte Lesezeit\" \/>\n\t<meta name=\"twitter:data2\" content=\"5\u00a0Minuten\" \/>\n<script type=\"application\/ld+json\" class=\"yoast-schema-graph\">{\"@context\":\"https:\\\/\\\/schema.org\",\"@graph\":[{\"@type\":\"Article\",\"@id\":\"https:\\\/\\\/wellclinic.pl\\\/de\\\/wie-man-die-bildung-von-haarkurven-verhindern-kann\\\/#article\",\"isPartOf\":{\"@id\":\"https:\\\/\\\/wellclinic.pl\\\/de\\\/wie-man-die-bildung-von-haarkurven-verhindern-kann\\\/\"},\"author\":{\"name\":\"Monika Ma\u0107kowska\",\"@id\":\"https:\\\/\\\/wellclinic.pl\\\/#\\\/schema\\\/person\\\/668ce633433267e3384a51550082edbf\"},\"headline\":\"Jak zatrzyma\u0107 powstawanie zakoli?\",\"datePublished\":\"2022-06-06T21:23:46+00:00\",\"dateModified\":\"2025-08-04T11:46:16+00:00\",\"mainEntityOfPage\":{\"@id\":\"https:\\\/\\\/wellclinic.pl\\\/de\\\/wie-man-die-bildung-von-haarkurven-verhindern-kann\\\/\"},\"wordCount\":891,\"image\":{\"@id\":\"https:\\\/\\\/wellclinic.pl\\\/de\\\/wie-man-die-bildung-von-haarkurven-verhindern-kann\\\/#primaryimage\"},\"thumbnailUrl\":\"https:\\\/\\\/wellclinic.pl\\\/wp-content\\\/uploads\\\/2022\\\/06\\\/zakola.png\",\"keywords\":[\"Laser Fotona\"],\"articleSection\":[\"Zabieg dla m\u0119\u017cczyzn\",\"Zabieg laserowy\"],\"inLanguage\":\"de\"},{\"@type\":\"WebPage\",\"@id\":\"https:\\\/\\\/wellclinic.pl\\\/de\\\/wie-man-die-bildung-von-haarkurven-verhindern-kann\\\/\",\"url\":\"https:\\\/\\\/wellclinic.pl\\\/de\\\/wie-man-die-bildung-von-haarkurven-verhindern-kann\\\/\",\"name\":\"Jak zahamowa\u0107 zakola? Zabiegi i piel\u0119gnacja \ud83e\uddf4\",\"isPartOf\":{\"@id\":\"https:\\\/\\\/wellclinic.pl\\\/#website\"},\"primaryImageOfPage\":{\"@id\":\"https:\\\/\\\/wellclinic.pl\\\/de\\\/wie-man-die-bildung-von-haarkurven-verhindern-kann\\\/#primaryimage\"},\"image\":{\"@id\":\"https:\\\/\\\/wellclinic.pl\\\/de\\\/wie-man-die-bildung-von-haarkurven-verhindern-kann\\\/#primaryimage\"},\"thumbnailUrl\":\"https:\\\/\\\/wellclinic.pl\\\/wp-content\\\/uploads\\\/2022\\\/06\\\/zakola.png\",\"datePublished\":\"2022-06-06T21:23:46+00:00\",\"dateModified\":\"2025-08-04T11:46:16+00:00\",\"author\":{\"@id\":\"https:\\\/\\\/wellclinic.pl\\\/#\\\/schema\\\/person\\\/668ce633433267e3384a51550082edbf\"},\"description\":\"Powstawanie zakoli jest pierwszym etapem \u0142ysienia m\u0119\u017cczyzn, kt\u00f3re wbrew og\u00f3lnemu prze\u015bwiadczeniu, mo\u017cna zatrzyma\u0107. Chcesz wiedzie\u0107 jak? Sprawd\u017a!\",\"breadcrumb\":{\"@id\":\"https:\\\/\\\/wellclinic.pl\\\/de\\\/wie-man-die-bildung-von-haarkurven-verhindern-kann\\\/#breadcrumb\"},\"inLanguage\":\"de\",\"potentialAction\":[{\"@type\":\"ReadAction\",\"target\":[\"https:\\\/\\\/wellclinic.pl\\\/de\\\/wie-man-die-bildung-von-haarkurven-verhindern-kann\\\/\"]}]},{\"@type\":\"ImageObject\",\"inLanguage\":\"de\",\"@id\":\"https:\\\/\\\/wellclinic.pl\\\/de\\\/wie-man-die-bildung-von-haarkurven-verhindern-kann\\\/#primaryimage\",\"url\":\"https:\\\/\\\/wellclinic.pl\\\/wp-content\\\/uploads\\\/2022\\\/06\\\/zakola.png\",\"contentUrl\":\"https:\\\/\\\/wellclinic.pl\\\/wp-content\\\/uploads\\\/2022\\\/06\\\/zakola.png\",\"width\":940,\"height\":788,\"caption\":\"zpowstawanie zakoli\"},{\"@type\":\"BreadcrumbList\",\"@id\":\"https:\\\/\\\/wellclinic.pl\\\/de\\\/wie-man-die-bildung-von-haarkurven-verhindern-kann\\\/#breadcrumb\",\"itemListElement\":[{\"@type\":\"ListItem\",\"position\":1,\"name\":\"Strona g\u0142\u00f3wna\",\"item\":\"https:\\\/\\\/wellclinic.pl\\\/\"},{\"@type\":\"ListItem\",\"position\":2,\"name\":\"Jak zatrzyma\u0107 powstawanie zakoli?\"}]},{\"@type\":\"WebSite\",\"@id\":\"https:\\\/\\\/wellclinic.pl\\\/#website\",\"url\":\"https:\\\/\\\/wellclinic.pl\\\/\",\"name\":\"Wellclinic Klinika Medycyny Estetycznej - Warszawa i Gda\u0144sk\",\"description\":\"Klinika Medycyny Estetycznej - Warszawa i Gda\u0144sk\",\"potentialAction\":[{\"@type\":\"SearchAction\",\"target\":{\"@type\":\"EntryPoint\",\"urlTemplate\":\"https:\\\/\\\/wellclinic.pl\\\/?s={search_term_string}\"},\"query-input\":{\"@type\":\"PropertyValueSpecification\",\"valueRequired\":true,\"valueName\":\"search_term_string\"}}],\"inLanguage\":\"de\"},{\"@type\":\"Person\",\"@id\":\"https:\\\/\\\/wellclinic.pl\\\/#\\\/schema\\\/person\\\/668ce633433267e3384a51550082edbf\",\"name\":\"Monika Ma\u0107kowska\",\"url\":\"https:\\\/\\\/wellclinic.pl\\\/de\\\/author\\\/monika\\\/\"}]}<\/script>\n<!-- \/ Yoast SEO Premium plugin. -->","yoast_head_json":{"title":"Wie k\u00f6nnen Sie Ihre Haarkurven b\u00e4ndigen? Behandlungen und Pflege \ud83e\uddf4.","description":"Die Bildung von Haarkurven ist das erste Stadium der m\u00e4nnlichen Glatzenbildung, die entgegen der allgemeinen Meinung gestoppt werden kann. Sie wollen wissen, wie? Sehen Sie es sich an!","robots":{"index":"index","follow":"follow","max-snippet":"max-snippet:-1","max-image-preview":"max-image-preview:large","max-video-preview":"max-video-preview:-1"},"canonical":"https:\/\/wellclinic.pl\/de\/wie-man-die-bildung-von-haarkurven-verhindern-kann\/","og_locale":"de_DE","og_type":"article","og_title":"Jak zatrzyma\u0107 powstawanie zakoli?","og_description":"Powstawanie zakoli jest pierwszym etapem \u0142ysienia m\u0119\u017cczyzn, kt\u00f3re wbrew og\u00f3lnemu prze\u015bwiadczeniu, mo\u017cna zatrzyma\u0107. Chcesz wiedzie\u0107 jak? Sprawd\u017a!","og_url":"https:\/\/wellclinic.pl\/de\/wie-man-die-bildung-von-haarkurven-verhindern-kann\/","og_site_name":"Wellclinic","article_published_time":"2022-06-06T21:23:46+00:00","article_modified_time":"2025-08-04T11:46:16+00:00","og_image":[{"width":940,"height":788,"url":"https:\/\/wellclinic.pl\/wp-content\/uploads\/2022\/06\/zakola.png","type":"image\/png"}],"author":"Monika Ma\u0107kowska","twitter_card":"summary_large_image","twitter_misc":{"Verfasst von":"Monika Ma\u0107kowska","Gesch\u00e4tzte Lesezeit":"5\u00a0Minuten"},"schema":{"@context":"https:\/\/schema.org","@graph":[{"@type":"Article","@id":"https:\/\/wellclinic.pl\/de\/wie-man-die-bildung-von-haarkurven-verhindern-kann\/#article","isPartOf":{"@id":"https:\/\/wellclinic.pl\/de\/wie-man-die-bildung-von-haarkurven-verhindern-kann\/"},"author":{"name":"Monika Ma\u0107kowska","@id":"https:\/\/wellclinic.pl\/#\/schema\/person\/668ce633433267e3384a51550082edbf"},"headline":"Jak zatrzyma\u0107 powstawanie zakoli?","datePublished":"2022-06-06T21:23:46+00:00","dateModified":"2025-08-04T11:46:16+00:00","mainEntityOfPage":{"@id":"https:\/\/wellclinic.pl\/de\/wie-man-die-bildung-von-haarkurven-verhindern-kann\/"},"wordCount":891,"image":{"@id":"https:\/\/wellclinic.pl\/de\/wie-man-die-bildung-von-haarkurven-verhindern-kann\/#primaryimage"},"thumbnailUrl":"https:\/\/wellclinic.pl\/wp-content\/uploads\/2022\/06\/zakola.png","keywords":["Laser Fotona"],"articleSection":["Zabieg dla m\u0119\u017cczyzn","Zabieg laserowy"],"inLanguage":"de"},{"@type":"WebPage","@id":"https:\/\/wellclinic.pl\/de\/wie-man-die-bildung-von-haarkurven-verhindern-kann\/","url":"https:\/\/wellclinic.pl\/de\/wie-man-die-bildung-von-haarkurven-verhindern-kann\/","name":"Wie k\u00f6nnen Sie Ihre Haarkurven b\u00e4ndigen? Behandlungen und Pflege \ud83e\uddf4.","isPartOf":{"@id":"https:\/\/wellclinic.pl\/#website"},"primaryImageOfPage":{"@id":"https:\/\/wellclinic.pl\/de\/wie-man-die-bildung-von-haarkurven-verhindern-kann\/#primaryimage"},"image":{"@id":"https:\/\/wellclinic.pl\/de\/wie-man-die-bildung-von-haarkurven-verhindern-kann\/#primaryimage"},"thumbnailUrl":"https:\/\/wellclinic.pl\/wp-content\/uploads\/2022\/06\/zakola.png","datePublished":"2022-06-06T21:23:46+00:00","dateModified":"2025-08-04T11:46:16+00:00","author":{"@id":"https:\/\/wellclinic.pl\/#\/schema\/person\/668ce633433267e3384a51550082edbf"},"description":"Die Bildung von Haarkurven ist das erste Stadium der m\u00e4nnlichen Glatzenbildung, die entgegen der allgemeinen Meinung gestoppt werden kann. Sie wollen wissen, wie? Sehen Sie es sich an!","breadcrumb":{"@id":"https:\/\/wellclinic.pl\/de\/wie-man-die-bildung-von-haarkurven-verhindern-kann\/#breadcrumb"},"inLanguage":"de","potentialAction":[{"@type":"ReadAction","target":["https:\/\/wellclinic.pl\/de\/wie-man-die-bildung-von-haarkurven-verhindern-kann\/"]}]},{"@type":"ImageObject","inLanguage":"de","@id":"https:\/\/wellclinic.pl\/de\/wie-man-die-bildung-von-haarkurven-verhindern-kann\/#primaryimage","url":"https:\/\/wellclinic.pl\/wp-content\/uploads\/2022\/06\/zakola.png","contentUrl":"https:\/\/wellclinic.pl\/wp-content\/uploads\/2022\/06\/zakola.png","width":940,"height":788,"caption":"zpowstawanie zakoli"},{"@type":"BreadcrumbList","@id":"https:\/\/wellclinic.pl\/de\/wie-man-die-bildung-von-haarkurven-verhindern-kann\/#breadcrumb","itemListElement":[{"@type":"ListItem","position":1,"name":"Strona g\u0142\u00f3wna","item":"https:\/\/wellclinic.pl\/"},{"@type":"ListItem","position":2,"name":"Jak zatrzyma\u0107 powstawanie zakoli?"}]},{"@type":"WebSite","@id":"https:\/\/wellclinic.pl\/#website","url":"https:\/\/wellclinic.pl\/","name":"Wellclinic Klinik f\u00fcr \u00e4sthetische Medizin-Warschau und Danzig","description":"Klinik f\u00fcr \u00e4sthetische Medizin-Warschau und Danzig","potentialAction":[{"@type":"SearchAction","target":{"@type":"EntryPoint","urlTemplate":"https:\/\/wellclinic.pl\/?s={search_term_string}"},"query-input":{"@type":"PropertyValueSpecification","valueRequired":true,"valueName":"search_term_string"}}],"inLanguage":"de"},{"@type":"Person","@id":"https:\/\/wellclinic.pl\/#\/schema\/person\/668ce633433267e3384a51550082edbf","name":"Monika Ma\u0107kowska","url":"https:\/\/wellclinic.pl\/de\/author\/monika\/"}]}},"_links":{"self":[{"href":"https:\/\/wellclinic.pl\/de\/wp-json\/wp\/v2\/posts\/11133","targetHints":{"allow":["GET"]}}],"collection":[{"href":"https:\/\/wellclinic.pl\/de\/wp-json\/wp\/v2\/posts"}],"about":[{"href":"https:\/\/wellclinic.pl\/de\/wp-json\/wp\/v2\/types\/post"}],"author":[{"embeddable":true,"href":"https:\/\/wellclinic.pl\/de\/wp-json\/wp\/v2\/users\/3"}],"replies":[{"embeddable":true,"href":"https:\/\/wellclinic.pl\/de\/wp-json\/wp\/v2\/comments?post=11133"}],"version-history":[{"count":1,"href":"https:\/\/wellclinic.pl\/de\/wp-json\/wp\/v2\/posts\/11133\/revisions"}],"predecessor-version":[{"id":29386,"href":"https:\/\/wellclinic.pl\/de\/wp-json\/wp\/v2\/posts\/11133\/revisions\/29386"}],"wp:featuredmedia":[{"embeddable":true,"href":"https:\/\/wellclinic.pl\/de\/wp-json\/wp\/v2\/media\/11134"}],"wp:attachment":[{"href":"https:\/\/wellclinic.pl\/de\/wp-json\/wp\/v2\/media?parent=11133"}],"wp:term":[{"taxonomy":"category","embeddable":true,"href":"https:\/\/wellclinic.pl\/de\/wp-json\/wp\/v2\/categories?post=11133"},{"taxonomy":"post_tag","embeddable":true,"href":"https:\/\/wellclinic.pl\/de\/wp-json\/wp\/v2\/tags?post=11133"}],"curies":[{"name":"wp","href":"https:\/\/api.w.org\/{rel}","templated":true}]}}