{"id":14928,"date":"2026-08-04T19:34:00","date_gmt":"2026-08-04T17:34:00","guid":{"rendered":"https:\/\/wellclinic.pl\/?p=14928"},"modified":"2026-09-01T20:57:40","modified_gmt":"2026-09-01T18:57:40","slug":"ovale-formung-des-gesichts","status":"publish","type":"post","link":"https:\/\/wellclinic.pl\/de\/modelowanie-owalu-twarzy\/","title":{"rendered":"Modelowanie owalu twarzy \u2013 jak poprawi\u0107 kontur i przywr\u00f3ci\u0107 twarzy harmonijne proporcje?"},"content":{"rendered":"<p class=\"wp-block-paragraph\">Rysy twarzy zmieniaj\u0105 si\u0119 na przestrzeni lat \u2013 sk\u00f3ra stopniowo traci j\u0119drno\u015b\u0107, opada, a kontur twarzy mo\u017ce stawa\u0107 si\u0119 mniej wyra\u017any. <strong>Traci tak\u017ce swoj\u0105 m\u0142odzie\u0144cz\u0105 elastyczno\u015b\u0107, przez co twarz mo\u017ce wygl\u0105da\u0107 na bardziej zm\u0119czon\u0105.<\/strong> Jednym ze sposob\u00f3w na popraw\u0119 proporcji i przywr\u00f3cenie wyra\u017aniejszego konturu jest <a href=\"https:\/\/wellclinic.pl\/de\/gesichtsmodellierung-mit-hyaluronsaure\/\"><strong>ovale Formung des Gesichts<\/strong><\/a>.<\/p>\n\n\n\n<p class=\"wp-block-paragraph\">Zabieg pozwala na korekcj\u0119 wybranych obszar\u00f3w twarzy, takich jak \u017cuchwa, policzki czy broda. Odpowiednio zaplanowane <strong>ovale Formung des Gesichts<\/strong> mo\u017ce poprawi\u0107 proporcje rys\u00f3w i nada\u0107 im bardziej harmonijny wygl\u0105d.<\/p>\n\n\n\n<h2 class=\"wp-block-heading\">Ist es sinnvoll, den Unterkiefer zu modellieren?<\/h2>\n\n\n\n<p class=\"wp-block-paragraph\">Wolumetria twarzy, a tym samym <strong>ovale Formung des Gesichts<\/strong>, mo\u017ce znacz\u0105co wp\u0142yn\u0105\u0107 na wygl\u0105d ca\u0142ej twarzy. Wyra\u017aniejsza linia \u017cuchwy, odpowiednio zaznaczone ko\u015bci policzkowe i zachowane proporcje mi\u0119dzy poszczeg\u00f3lnymi cz\u0119\u015bciami twarzy sprawiaj\u0105, \u017ce rysy mog\u0105 wygl\u0105da\u0107 bardziej harmonijnie.<\/p>\n\n\n\n<p class=\"wp-block-paragraph\"><strong>Volumetrics<\/strong> pozwala wyostrzy\u0107 rysy \u2013 nada\u0107 kszta\u0142t \u017cuchwie, podkre\u015bli\u0107 ko\u015bci policzkowe i poprawi\u0107 wygl\u0105d opadaj\u0105cych tkanek. Jest szczeg\u00f3lnie cz\u0119sto wybierana przez osoby, kt\u00f3re zaobserwowa\u0142y u siebie pierwsze oznaki starzenia, takie jak utrata obj\u0119to\u015bci, mniej wyra\u017any kontur twarzy czy zmiana proporcji poszczeg\u00f3lnych obszar\u00f3w.<\/p>\n\n\n\n<p class=\"wp-block-paragraph\"><strong><a href=\"https:\/\/wellclinic.pl\/de\/enzyklopadie\/gesichtsvolumetrie-3\/\">Wolumetri\u0119 twarzy<\/a> <\/strong>wykonuje si\u0119 <strong>kwasem hialuronowym drog\u0105 iniekcji<\/strong>. Rezultat zabiegu powinien by\u0107 dopasowany do indywidualnych proporcji twarzy. Dlatego znaczenie ma nie tylko wyb\u00f3r preparatu, ale r\u00f3wnie\u017c w\u0142a\u015bciwa kwalifikacja i do\u015bwiadczenie lekarza.<\/p>\n\n\n\n<figure class=\"wp-block-image size-full\"><img fetchpriority=\"high\" decoding=\"async\" width=\"1024\" height=\"683\" src=\"https:\/\/wellclinic.pl\/wp-content\/uploads\/2025\/09\/wolumetria-1024x683-1.jpg\" alt=\"Volumetrics\" class=\"wp-image-42843\" srcset=\"https:\/\/wellclinic.pl\/wp-content\/uploads\/2025\/09\/wolumetria-1024x683-1.jpg 1024w, https:\/\/wellclinic.pl\/wp-content\/uploads\/2025\/09\/wolumetria-1024x683-1-300x200.jpg 300w, https:\/\/wellclinic.pl\/wp-content\/uploads\/2025\/09\/wolumetria-1024x683-1-768x512.jpg 768w, https:\/\/wellclinic.pl\/wp-content\/uploads\/2025\/09\/wolumetria-1024x683-1-18x12.jpg 18w\" sizes=\"(max-width: 1024px) 100vw, 1024px\" \/><\/figure>\n\n\n\n<h2 class=\"wp-block-heading\">Modelowanie owalu twarzy kwasem hialuronowym<\/h2>\n\n\n\n<p class=\"wp-block-paragraph\"><a href=\"https:\/\/wellclinic.pl\/de\/enzyklopadie\/hyaluronsaure\/\"><strong>Hyalurons\u00e4ure<\/strong><\/a> jest substancj\u0105 naturalnie wyst\u0119puj\u0105c\u0105 w organizmie. Ma zdolno\u015b\u0107 wi\u0105zania wody, dlatego odgrywa wa\u017cn\u0105 rol\u0119 w utrzymaniu odpowiedniego poziomu nawil\u017cenia i obj\u0119to\u015bci tkanek. Z tego wzgl\u0119du znalaz\u0142 szerokie zastosowanie w medycynie estetycznej.<\/p>\n\n\n\n<p class=\"wp-block-paragraph\">W przypadku wolumetrii odpowiednio dobrany preparat mo\u017ce by\u0107 wykorzystany do <strong>modelowania owalu twarzy, \u017cuchwy, brody czy policzk\u00f3w<\/strong>. Nie chodzi jednak wy\u0142\u0105cznie o zwi\u0119kszenie obj\u0119to\u015bci. Celem zabiegu jest przede wszystkim poprawa proporcji i zachowanie harmonijnego wygl\u0105du twarzy.<\/p>\n\n\n\n<p class=\"wp-block-paragraph\">Kwas hialuronowy wykorzystywany jest r\u00f3wnie\u017c do korekcji oznak starzenia, w tym utraty obj\u0119to\u015bci i widocznych bruzd i <a href=\"https:\/\/wellclinic.pl\/de\/enzyklopadie\/falten\/\"><strong>Falten<\/strong><\/a>.  <\/p>\n\n\n\n<h2 class=\"wp-block-heading\">Wie modelliert man das Oval des Gesichts?<\/h2>\n\n\n\n<p class=\"wp-block-paragraph\"><strong>Modellierung des Gesichtsovals<\/strong> wymaga indywidualnego podej\u015bcia. Podczas konsultacji lekarz ocenia proporcje twarzy, jako\u015b\u0107 sk\u00f3ry, stopie\u0144 utraty obj\u0119to\u015bci oraz rozmieszczenie tkanek. Na tej podstawie mo\u017ce zaplanowa\u0107 korekcj\u0119 wybranych obszar\u00f3w.<\/p>\n\n\n\n<p class=\"wp-block-paragraph\">Zabieg mo\u017ce obejmowa\u0107 mi\u0119dzy innymi podkre\u015blenie linii \u017cuchwy, wymodelowanie brody czy uwydatnienie ko\u015bci policzkowych. W przypadku tego ostatniego obszaru stosowana jest <a href=\"https:\/\/wellclinic.pl\/de\/enzyklopadie\/wangenknochen-volumetrie\/\"><strong>wolumetria ko\u015bci policzkowych<\/strong><\/a>, kt\u00f3ra pozwala na przywr\u00f3cenie lub podkre\u015blenie obj\u0119to\u015bci \u015brodkowej cz\u0119\u015bci twarzy.<\/p>\n\n\n\n<p class=\"wp-block-paragraph\">Es ist zu bedenken, dass <strong>Gesichtskonturierung<\/strong> nie zawsze oznacza konieczno\u015b\u0107 zastosowania wype\u0142niacza w ka\u017cdym obszarze. Czasami problemem jest przede wszystkim utrata j\u0119drno\u015bci i napi\u0119cia sk\u00f3ry. W takich przypadkach lekarz mo\u017ce zaproponowa\u0107 inne rozwi\u0105zania stosowane w medycynie estetycznej.<\/p>\n\n\n\n<p class=\"wp-block-paragraph\">Jedn\u0105 z mo\u017cliwo\u015bci jest <a href=\"https:\/\/wellclinic.pl\/de\/endolifting-4d-gesichtsverjungung-wellclinic\/\"><strong>4D-Endolifting<\/strong><\/a>, kt\u00f3rego celem jest poprawa napi\u0119cia i jako\u015bci sk\u00f3ry. W zale\u017cno\u015bci od wskaza\u0144 stosowane mog\u0105 by\u0107 r\u00f3wnie\u017c zabiegi wykorzystuj\u0105ce <a href=\"https:\/\/wellclinic.pl\/de\/enzyklopadie\/hifu-ii-4\/\"><strong>HIFU<\/strong><\/a> oder <a href=\"https:\/\/wellclinic.pl\/de\/enzyklopadie\/hochfrequenz\/\"><strong>Hochfrequenz<\/strong><\/a>.<\/p>\n\n\n\n<figure class=\"wp-block-image size-full\"><img decoding=\"async\" width=\"1024\" height=\"683\" src=\"https:\/\/wellclinic.pl\/wp-content\/uploads\/2025\/06\/Hifu_twarz.webp\" alt=\"Zabieg HIFU\" class=\"wp-image-52272\" srcset=\"https:\/\/wellclinic.pl\/wp-content\/uploads\/2025\/06\/Hifu_twarz.webp 1024w, https:\/\/wellclinic.pl\/wp-content\/uploads\/2025\/06\/Hifu_twarz-300x200.webp 300w, https:\/\/wellclinic.pl\/wp-content\/uploads\/2025\/06\/Hifu_twarz-768x512.webp 768w, https:\/\/wellclinic.pl\/wp-content\/uploads\/2025\/06\/Hifu_twarz-18x12.webp 18w\" sizes=\"(max-width: 1024px) 100vw, 1024px\" \/><\/figure>\n\n\n\n<h2 class=\"wp-block-heading\">Czy modelowanie owalu twarzy zawsze wymaga kwasu hialuronowego?<\/h2>\n\n\n\n<p class=\"wp-block-paragraph\">Nie. Metoda powinna by\u0107 dobrana do przyczyny problemu i oczekiwanego efektu. Je\u015bli g\u0142\u00f3wnym celem jest uzupe\u0142nienie utraconej obj\u0119to\u015bci i poprawa proporcji, odpowiednim rozwi\u0105zaniem mo\u017ce by\u0107 wolumetria z wykorzystaniem kwasu hialuronowego. Je\u017celi natomiast dominuj\u0105cym problemem jest utrata j\u0119drno\u015bci, lekarz mo\u017ce rozwa\u017cy\u0107 zabiegi ukierunkowane na popraw\u0119 napi\u0119cia sk\u00f3ry.<\/p>\n\n\n\n<p class=\"wp-block-paragraph\">W procesach starzenia znaczenie ma r\u00f3wnie\u017c stopniowe zmniejszanie produkcji <a href=\"https:\/\/wellclinic.pl\/de\/enzyklopadie\/kollagen\/\"><strong>Kollagen<\/strong><\/a> i <a href=\"https:\/\/wellclinic.pl\/de\/enzyklopadie\/elastin\/\"><strong>Elastine<\/strong><\/a>. W efekcie sk\u00f3ra staje si\u0119 mniej spr\u0119\u017cysta, a kontur twarzy mo\u017ce stopniowo traci\u0107 swoj\u0105 wyrazisto\u015b\u0107.<\/p>\n\n\n\n<h2 class=\"wp-block-heading\">Kiedy warto zdecydowa\u0107 si\u0119 na modelowanie owalu twarzy?<\/h2>\n\n\n\n<p class=\"wp-block-paragraph\"><strong>Volumetrics<\/strong> mo\u017ce by\u0107 rozwa\u017cana zar\u00f3wno przez osoby, kt\u00f3re chc\u0105 poprawi\u0107 naturalne proporcje twarzy, jak i przez pacjent\u00f3w, u kt\u00f3rych wraz z wiekiem zmieni\u0142 si\u0119 jej kontur. Wskazaniem mo\u017ce by\u0107 mi\u0119dzy innymi utrata obj\u0119to\u015bci policzk\u00f3w, mniej wyra\u017ana linia \u017cuchwy, zmiana proporcji brody czy opadanie tkanek.<\/p>\n\n\n\n<p class=\"wp-block-paragraph\"><strong>Modellierung des Gesichtsovals<\/strong> mo\u017ce by\u0107 r\u00f3wnie\u017c elementem szerszego planu poprawy wygl\u0105du twarzy. Podczas konsultacji lekarz ocenia jej anatomi\u0119 i okre\u015bla, czy modelowanie kwasem hialuronowym b\u0119dzie w\u0142a\u015bciwym rozwi\u0105zaniem. W niekt\u00f3rych przypadkach korzystniejsze mo\u017ce okaza\u0107 si\u0119 zastosowanie innej procedury lub po\u0142\u0105czenie kilku metod.<\/p>\n\n\n\n<p class=\"wp-block-paragraph\">M\u00f6chten Sie mehr \u00fcber die modernen Behandlungen der \u00e4sthetischen Medizin bei Wellclinic erfahren? <a href=\"https:\/\/wellclinic.pl\/de\/kontakt\/?utm_source=chatgpt.com\" target=\"_blank\" rel=\"noreferrer noopener\"><strong>Um\u00f3w si\u0119 na konsult<\/strong><\/a><strong><a href=\"https:\/\/wellclinic.pl\/de\/kontakt\/?utm_source=chatgpt.com\" target=\"_blank\" rel=\"noreferrer noopener\">acj\u0119<\/a> <\/strong>\u2013 nasz specjalista dobierze indywidualny plan zabieg\u00f3w, dopasowany do potrzeb Twojej sk\u00f3ry, rys\u00f3w twarzy i oczekiwanego efektu. Zabiegi medycyny estetycznej wykonujemy w naszych klinikach w <strong>Warschau<\/strong>, <strong>Danzig<\/strong> i <strong>Krakau<\/strong>.<\/p>","protected":false},"excerpt":{"rendered":"<p>Rysy twarzy zmieniaj\u0105 si\u0119 na przestrzeni lat \u2013 sk\u00f3ra stopniowo traci j\u0119drno\u015b\u0107, opada, a kontur twarzy mo\u017ce stawa\u0107 si\u0119 mniej wyra\u017any. Traci tak\u017ce swoj\u0105 m\u0142odzie\u0144cz\u0105 elastyczno\u015b\u0107, przez co twarz mo\u017ce wygl\u0105da\u0107 na bardziej zm\u0119czon\u0105. Jednym ze sposob\u00f3w na popraw\u0119 proporcji i przywr\u00f3cenie wyra\u017aniejszego konturu jest modelowanie owalu twarzy. Zabieg pozwala na korekcj\u0119 wybranych obszar\u00f3w twarzy, [&hellip;]<\/p>\n","protected":false},"author":26,"featured_media":14929,"comment_status":"closed","ping_status":"closed","sticky":false,"template":"","format":"standard","meta":{"_acf_changed":false,"footnotes":""},"categories":[59,36],"tags":[126],"class_list":["post-14928","post","type-post","status-publish","format-standard","has-post-thumbnail","hentry","category-blog","category-zabieg-dla-kobiet","tag-wypelnianie-zmarszczek"],"acf":[],"yoast_head":"<!-- This site is optimized with the Yoast SEO plugin v28.4 - https:\/\/yoast.com\/product\/yoast-seo-wordpress\/ -->\n<title>Modelowanie owalu twarzy \u2013 skuteczne metody i efekty<\/title>\n<meta name=\"description\" content=\"Rysy twarzy zmieniaj\u0105 si\u0119 na przestrzeni lat \u2013 sk\u00f3ra opada i zniekszta\u0142ca si\u0119. Modelowanie owalu twarzy to spos\u00f3b na cofni\u0119cie zmian.\" \/>\n<meta name=\"robots\" content=\"index, follow, max-snippet:-1, max-image-preview:large, max-video-preview:-1\" \/>\n<link rel=\"canonical\" href=\"https:\/\/wellclinic.pl\/de\/ovale-formung-des-gesichts\/\" \/>\n<meta property=\"og:locale\" content=\"de_DE\" \/>\n<meta property=\"og:type\" content=\"article\" \/>\n<meta property=\"og:title\" content=\"Modelowanie owalu twarzy \u2013 skuteczne metody i efekty\" \/>\n<meta property=\"og:description\" content=\"Rysy twarzy zmieniaj\u0105 si\u0119 na przestrzeni lat \u2013 sk\u00f3ra opada i zniekszta\u0142ca si\u0119. Modelowanie owalu twarzy to spos\u00f3b na cofni\u0119cie zmian.\" \/>\n<meta property=\"og:url\" content=\"https:\/\/wellclinic.pl\/de\/ovale-formung-des-gesichts\/\" \/>\n<meta property=\"og:site_name\" content=\"Wellclinic\" \/>\n<meta property=\"article:published_time\" content=\"2026-08-04T17:34:00+00:00\" \/>\n<meta property=\"article:modified_time\" content=\"2026-09-01T18:57:40+00:00\" \/>\n<meta property=\"og:image\" content=\"https:\/\/wellclinic.pl\/wp-content\/uploads\/2022\/08\/Projekt-bez-tytulu-7.jpg\" \/>\n\t<meta property=\"og:image:width\" content=\"940\" \/>\n\t<meta property=\"og:image:height\" content=\"788\" \/>\n\t<meta property=\"og:image:type\" content=\"image\/jpeg\" \/>\n<meta name=\"author\" content=\"Katarzyna Paw\u0142owska\" \/>\n<meta name=\"twitter:card\" content=\"summary_large_image\" \/>\n<meta name=\"twitter:label1\" content=\"Verfasst von\" \/>\n\t<meta name=\"twitter:data1\" content=\"Katarzyna Paw\u0142owska\" \/>\n\t<meta name=\"twitter:label2\" content=\"Gesch\u00e4tzte Lesezeit\" \/>\n\t<meta name=\"twitter:data2\" content=\"5\u00a0Minuten\" \/>\n<script type=\"application\/ld+json\" class=\"yoast-schema-graph\">{\"@context\":\"https:\\\/\\\/schema.org\",\"@graph\":[{\"@type\":\"Article\",\"@id\":\"https:\\\/\\\/wellclinic.pl\\\/modelowanie-owalu-twarzy\\\/#article\",\"isPartOf\":{\"@id\":\"https:\\\/\\\/wellclinic.pl\\\/modelowanie-owalu-twarzy\\\/\"},\"author\":{\"name\":\"Katarzyna Paw\u0142owska\",\"@id\":\"https:\\\/\\\/wellclinic.pl\\\/#\\\/schema\\\/person\\\/d6ba279cafc77bac21a8cf59a8aa67d6\"},\"headline\":\"Modelowanie owalu twarzy \u2013 jak poprawi\u0107 kontur i przywr\u00f3ci\u0107 twarzy harmonijne proporcje?\",\"datePublished\":\"2026-08-04T17:34:00+00:00\",\"dateModified\":\"2026-09-01T18:57:40+00:00\",\"mainEntityOfPage\":{\"@id\":\"https:\\\/\\\/wellclinic.pl\\\/modelowanie-owalu-twarzy\\\/\"},\"wordCount\":788,\"image\":{\"@id\":\"https:\\\/\\\/wellclinic.pl\\\/modelowanie-owalu-twarzy\\\/#primaryimage\"},\"thumbnailUrl\":\"https:\\\/\\\/wellclinic.pl\\\/wp-content\\\/uploads\\\/2022\\\/08\\\/Projekt-bez-tytulu-7.jpg\",\"keywords\":[\"wype\u0142nianie zmarszczek\"],\"articleSection\":[\"Blog\",\"Zabieg dla kobiet\"],\"inLanguage\":\"de\"},{\"@type\":\"WebPage\",\"@id\":\"https:\\\/\\\/wellclinic.pl\\\/modelowanie-owalu-twarzy\\\/\",\"url\":\"https:\\\/\\\/wellclinic.pl\\\/modelowanie-owalu-twarzy\\\/\",\"name\":\"Modelowanie owalu twarzy \u2013 skuteczne metody i efekty\",\"isPartOf\":{\"@id\":\"https:\\\/\\\/wellclinic.pl\\\/#website\"},\"primaryImageOfPage\":{\"@id\":\"https:\\\/\\\/wellclinic.pl\\\/modelowanie-owalu-twarzy\\\/#primaryimage\"},\"image\":{\"@id\":\"https:\\\/\\\/wellclinic.pl\\\/modelowanie-owalu-twarzy\\\/#primaryimage\"},\"thumbnailUrl\":\"https:\\\/\\\/wellclinic.pl\\\/wp-content\\\/uploads\\\/2022\\\/08\\\/Projekt-bez-tytulu-7.jpg\",\"datePublished\":\"2026-08-04T17:34:00+00:00\",\"dateModified\":\"2026-09-01T18:57:40+00:00\",\"author\":{\"@id\":\"https:\\\/\\\/wellclinic.pl\\\/#\\\/schema\\\/person\\\/d6ba279cafc77bac21a8cf59a8aa67d6\"},\"description\":\"Rysy twarzy zmieniaj\u0105 si\u0119 na przestrzeni lat \u2013 sk\u00f3ra opada i zniekszta\u0142ca si\u0119. Modelowanie owalu twarzy to spos\u00f3b na cofni\u0119cie zmian.\",\"breadcrumb\":{\"@id\":\"https:\\\/\\\/wellclinic.pl\\\/modelowanie-owalu-twarzy\\\/#breadcrumb\"},\"inLanguage\":\"de\",\"potentialAction\":[{\"@type\":\"ReadAction\",\"target\":[\"https:\\\/\\\/wellclinic.pl\\\/modelowanie-owalu-twarzy\\\/\"]}]},{\"@type\":\"ImageObject\",\"inLanguage\":\"de\",\"@id\":\"https:\\\/\\\/wellclinic.pl\\\/modelowanie-owalu-twarzy\\\/#primaryimage\",\"url\":\"https:\\\/\\\/wellclinic.pl\\\/wp-content\\\/uploads\\\/2022\\\/08\\\/Projekt-bez-tytulu-7.jpg\",\"contentUrl\":\"https:\\\/\\\/wellclinic.pl\\\/wp-content\\\/uploads\\\/2022\\\/08\\\/Projekt-bez-tytulu-7.jpg\",\"width\":940,\"height\":788,\"caption\":\"Modelowanie owalu twarzy\"},{\"@type\":\"BreadcrumbList\",\"@id\":\"https:\\\/\\\/wellclinic.pl\\\/modelowanie-owalu-twarzy\\\/#breadcrumb\",\"itemListElement\":[{\"@type\":\"ListItem\",\"position\":1,\"name\":\"Strona g\u0142\u00f3wna\",\"item\":\"https:\\\/\\\/wellclinic.pl\\\/\"},{\"@type\":\"ListItem\",\"position\":2,\"name\":\"Modelowanie owalu twarzy \u2013 jak poprawi\u0107 kontur i przywr\u00f3ci\u0107 twarzy harmonijne proporcje?\"}]},{\"@type\":\"WebSite\",\"@id\":\"https:\\\/\\\/wellclinic.pl\\\/#website\",\"url\":\"https:\\\/\\\/wellclinic.pl\\\/\",\"name\":\"Wellclinic Klinika Medycyny Estetycznej - Warszawa | Gda\u0144sk | Krak\u00f3w\",\"description\":\"Klinika Medycyny Estetycznej - Warszawa i Gda\u0144sk\",\"potentialAction\":[{\"@type\":\"SearchAction\",\"target\":{\"@type\":\"EntryPoint\",\"urlTemplate\":\"https:\\\/\\\/wellclinic.pl\\\/?s={search_term_string}\"},\"query-input\":{\"@type\":\"PropertyValueSpecification\",\"valueRequired\":true,\"valueName\":\"search_term_string\"}}],\"inLanguage\":\"de\"},{\"@type\":\"Person\",\"@id\":\"https:\\\/\\\/wellclinic.pl\\\/#\\\/schema\\\/person\\\/d6ba279cafc77bac21a8cf59a8aa67d6\",\"name\":\"Katarzyna Paw\u0142owska\",\"url\":\"https:\\\/\\\/wellclinic.pl\\\/de\\\/author\\\/kasia\\\/\"}]}<\/script>\n<!-- \/ Yoast SEO plugin. -->","yoast_head_json":{"title":"Modelowanie owalu twarzy \u2013 skuteczne metody i efekty","description":"Die Gesichtsz\u00fcge ver\u00e4ndern sich im Laufe der Jahre - die Haut erschlafft und verformt sich. Die Modellierung des Gesichtsovals ist eine M\u00f6glichkeit, diese Ver\u00e4nderungen r\u00fcckg\u00e4ngig zu machen.","robots":{"index":"index","follow":"follow","max-snippet":"max-snippet:-1","max-image-preview":"max-image-preview:large","max-video-preview":"max-video-preview:-1"},"canonical":"https:\/\/wellclinic.pl\/de\/ovale-formung-des-gesichts\/","og_locale":"de_DE","og_type":"article","og_title":"Modelowanie owalu twarzy \u2013 skuteczne metody i efekty","og_description":"Rysy twarzy zmieniaj\u0105 si\u0119 na przestrzeni lat \u2013 sk\u00f3ra opada i zniekszta\u0142ca si\u0119. Modelowanie owalu twarzy to spos\u00f3b na cofni\u0119cie zmian.","og_url":"https:\/\/wellclinic.pl\/de\/ovale-formung-des-gesichts\/","og_site_name":"Wellclinic","article_published_time":"2026-08-04T17:34:00+00:00","article_modified_time":"2026-09-01T18:57:40+00:00","og_image":[{"width":940,"height":788,"url":"https:\/\/wellclinic.pl\/wp-content\/uploads\/2022\/08\/Projekt-bez-tytulu-7.jpg","type":"image\/jpeg"}],"author":"Katarzyna Paw\u0142owska","twitter_card":"summary_large_image","twitter_misc":{"Verfasst von":"Katarzyna Paw\u0142owska","Gesch\u00e4tzte Lesezeit":"5\u00a0Minuten"},"schema":{"@context":"https:\/\/schema.org","@graph":[{"@type":"Article","@id":"https:\/\/wellclinic.pl\/modelowanie-owalu-twarzy\/#article","isPartOf":{"@id":"https:\/\/wellclinic.pl\/modelowanie-owalu-twarzy\/"},"author":{"name":"Katarzyna Paw\u0142owska","@id":"https:\/\/wellclinic.pl\/#\/schema\/person\/d6ba279cafc77bac21a8cf59a8aa67d6"},"headline":"Modelowanie owalu twarzy \u2013 jak poprawi\u0107 kontur i przywr\u00f3ci\u0107 twarzy harmonijne proporcje?","datePublished":"2026-08-04T17:34:00+00:00","dateModified":"2026-09-01T18:57:40+00:00","mainEntityOfPage":{"@id":"https:\/\/wellclinic.pl\/modelowanie-owalu-twarzy\/"},"wordCount":788,"image":{"@id":"https:\/\/wellclinic.pl\/modelowanie-owalu-twarzy\/#primaryimage"},"thumbnailUrl":"https:\/\/wellclinic.pl\/wp-content\/uploads\/2022\/08\/Projekt-bez-tytulu-7.jpg","keywords":["wype\u0142nianie zmarszczek"],"articleSection":["Blog","Zabieg dla kobiet"],"inLanguage":"de"},{"@type":"WebPage","@id":"https:\/\/wellclinic.pl\/modelowanie-owalu-twarzy\/","url":"https:\/\/wellclinic.pl\/modelowanie-owalu-twarzy\/","name":"Modelowanie owalu twarzy \u2013 skuteczne metody i efekty","isPartOf":{"@id":"https:\/\/wellclinic.pl\/#website"},"primaryImageOfPage":{"@id":"https:\/\/wellclinic.pl\/modelowanie-owalu-twarzy\/#primaryimage"},"image":{"@id":"https:\/\/wellclinic.pl\/modelowanie-owalu-twarzy\/#primaryimage"},"thumbnailUrl":"https:\/\/wellclinic.pl\/wp-content\/uploads\/2022\/08\/Projekt-bez-tytulu-7.jpg","datePublished":"2026-08-04T17:34:00+00:00","dateModified":"2026-09-01T18:57:40+00:00","author":{"@id":"https:\/\/wellclinic.pl\/#\/schema\/person\/d6ba279cafc77bac21a8cf59a8aa67d6"},"description":"Die Gesichtsz\u00fcge ver\u00e4ndern sich im Laufe der Jahre - die Haut erschlafft und verformt sich. Die Modellierung des Gesichtsovals ist eine M\u00f6glichkeit, diese Ver\u00e4nderungen r\u00fcckg\u00e4ngig zu machen.","breadcrumb":{"@id":"https:\/\/wellclinic.pl\/modelowanie-owalu-twarzy\/#breadcrumb"},"inLanguage":"de","potentialAction":[{"@type":"ReadAction","target":["https:\/\/wellclinic.pl\/modelowanie-owalu-twarzy\/"]}]},{"@type":"ImageObject","inLanguage":"de","@id":"https:\/\/wellclinic.pl\/modelowanie-owalu-twarzy\/#primaryimage","url":"https:\/\/wellclinic.pl\/wp-content\/uploads\/2022\/08\/Projekt-bez-tytulu-7.jpg","contentUrl":"https:\/\/wellclinic.pl\/wp-content\/uploads\/2022\/08\/Projekt-bez-tytulu-7.jpg","width":940,"height":788,"caption":"Modelowanie owalu twarzy"},{"@type":"BreadcrumbList","@id":"https:\/\/wellclinic.pl\/modelowanie-owalu-twarzy\/#breadcrumb","itemListElement":[{"@type":"ListItem","position":1,"name":"Strona g\u0142\u00f3wna","item":"https:\/\/wellclinic.pl\/"},{"@type":"ListItem","position":2,"name":"Modelowanie owalu twarzy \u2013 jak poprawi\u0107 kontur i przywr\u00f3ci\u0107 twarzy harmonijne proporcje?"}]},{"@type":"WebSite","@id":"https:\/\/wellclinic.pl\/#website","url":"https:\/\/wellclinic.pl\/","name":"Wellclinic Klinik f\u00fcr \u00c4sthetische Medizin - Warschau | Danzig | Krakau","description":"Klinik f\u00fcr \u00e4sthetische Medizin-Warschau und Danzig","potentialAction":[{"@type":"SearchAction","target":{"@type":"EntryPoint","urlTemplate":"https:\/\/wellclinic.pl\/?s={search_term_string}"},"query-input":{"@type":"PropertyValueSpecification","valueRequired":true,"valueName":"search_term_string"}}],"inLanguage":"de"},{"@type":"Person","@id":"https:\/\/wellclinic.pl\/#\/schema\/person\/d6ba279cafc77bac21a8cf59a8aa67d6","name":"Katarzyna Paw\u0142owska","url":"https:\/\/wellclinic.pl\/de\/author\/kasia\/"}]}},"_links":{"self":[{"href":"https:\/\/wellclinic.pl\/de\/wp-json\/wp\/v2\/posts\/14928","targetHints":{"allow":["GET"]}}],"collection":[{"href":"https:\/\/wellclinic.pl\/de\/wp-json\/wp\/v2\/posts"}],"about":[{"href":"https:\/\/wellclinic.pl\/de\/wp-json\/wp\/v2\/types\/post"}],"author":[{"embeddable":true,"href":"https:\/\/wellclinic.pl\/de\/wp-json\/wp\/v2\/users\/26"}],"replies":[{"embeddable":true,"href":"https:\/\/wellclinic.pl\/de\/wp-json\/wp\/v2\/comments?post=14928"}],"version-history":[{"count":9,"href":"https:\/\/wellclinic.pl\/de\/wp-json\/wp\/v2\/posts\/14928\/revisions"}],"predecessor-version":[{"id":55058,"href":"https:\/\/wellclinic.pl\/de\/wp-json\/wp\/v2\/posts\/14928\/revisions\/55058"}],"wp:featuredmedia":[{"embeddable":true,"href":"https:\/\/wellclinic.pl\/de\/wp-json\/wp\/v2\/media\/14929"}],"wp:attachment":[{"href":"https:\/\/wellclinic.pl\/de\/wp-json\/wp\/v2\/media?parent=14928"}],"wp:term":[{"taxonomy":"category","embeddable":true,"href":"https:\/\/wellclinic.pl\/de\/wp-json\/wp\/v2\/categories?post=14928"},{"taxonomy":"post_tag","embeddable":true,"href":"https:\/\/wellclinic.pl\/de\/wp-json\/wp\/v2\/tags?post=14928"}],"curies":[{"name":"wp","href":"https:\/\/api.w.org\/{rel}","templated":true}]}}