{"id":21187,"date":"2026-08-19T00:23:00","date_gmt":"2026-08-18T22:23:00","guid":{"rendered":"https:\/\/wellclinic.pl\/?p=21187"},"modified":"2026-09-02T15:37:58","modified_gmt":"2026-09-02T13:37:58","slug":"ursachen-fur-ruckenfett","status":"publish","type":"post","link":"https:\/\/wellclinic.pl\/de\/przyczyny-tluszczu-na-plecach\/","title":{"rendered":"T\u0142uszcz na plecach \u2013 jak si\u0119 go pozby\u0107? Skuteczne \u0107wiczenia i metody"},"content":{"rendered":"<p class=\"wp-block-paragraph\"><strong>Najgorsze, co mo\u017cesz zrobi\u0107 z t\u0142uszczem na plecach? Uzna\u0107, \u017ce wystarczy jeszcze bardziej schudn\u0105\u0107.<\/strong> Mo\u017cesz miesi\u0105cami ogranicza\u0107 jedzenie, zwi\u0119ksza\u0107 liczb\u0119 trening\u00f3w i obserwowa\u0107, jak waga spada. A mimo to fa\u0142dki pod biustonoszem, w okolicy \u0142opatek czy pod pachami mog\u0105 nadal by\u0107 widoczne. Wtedy zamiast pozby\u0107 si\u0119 problemu, zaczynasz walczy\u0107 z kolejnymi kilogramami \u2013 cho\u0107 wcale nie one musz\u0105 by\u0107 jego przyczyn\u0105.<\/p>\n\n\n\n<p class=\"wp-block-paragraph\"><strong><a href=\"https:\/\/wellclinic.pl\/de\/straffe-bildhauerei\/\">Fett auf dem R\u00fccken<\/a> <\/strong>mo\u017ce pozosta\u0107 nawet wtedy, gdy jeste\u015b szczup\u0142a i dbasz o sylwetk\u0119. Organizm nie spala tkanki t\u0142uszczowej r\u00f3wnomiernie, a miejscowe depozyty mog\u0105 by\u0107 wyj\u0105tkowo oporne na diet\u0119 i \u0107wiczenia. Je\u015bli b\u0119dziesz pr\u00f3bowa\u0107 rozwi\u0105za\u0107 ten problem wy\u0142\u0105cznie dalszym odchudzaniem, mo\u017cesz straci\u0107 wi\u0119cej kilogram\u00f3w, ale niekoniecznie uzyska\u0107 plecy, kt\u00f3rych wygl\u0105d naprawd\u0119 chcesz zmieni\u0107.<\/p>\n\n\n\n<p class=\"wp-block-paragraph\">Sk\u0105d bierze si\u0119 <strong>Fett auf dem R\u00fccken<\/strong>? Dlaczego \u0107wiczenia nie zawsze wystarczaj\u0105? I co mo\u017cna zrobi\u0107, gdy jedna partia cia\u0142a uparcie nie reaguje na diet\u0119? W tym artykule sprawdzamy, sk\u0105d bierze si\u0119 ten problem i jakie mo\u017cliwo\u015bci daje wsp\u00f3\u0142czesne modelowanie sylwetki.<\/p>\n\n\n\n<h2 class=\"wp-block-heading\">T\u0142uszcz na plecach \u2013 przyczyny powstawania<\/h2>\n\n\n\n<p class=\"wp-block-paragraph\"><strong>Fettes Gewebe <\/strong>jest naturalnym elementem organizmu. Jej ilo\u015b\u0107 i rozmieszczenie zale\u017c\u0105 m.in. od genetyki, wieku, p\u0142ci, stylu \u017cycia oraz bilansu energetycznego.<\/p>\n\n\n\n<p class=\"wp-block-paragraph\"><strong>Nadmiar tkanki t\u0142uszczowej najcz\u0119\u015bciej wi\u0105\u017ce si\u0119 z d\u0142ugotrwa\u0142\u0105 nadwy\u017ck\u0105 kaloryczn\u0105<\/strong>, czyli sytuacj\u0105, w kt\u00f3rej organizm otrzymuje wi\u0119cej energii, ni\u017c potrzebuje. Znaczenie ma r\u00f3wnie\u017c poziom codziennej aktywno\u015bci fizycznej.<\/p>\n\n\n\n<p class=\"wp-block-paragraph\">Siedz\u0105cy tryb \u017cycia, niewielka ilo\u015b\u0107 ruchu, nieprawid\u0142owe nawyki \u017cywieniowe oraz przewlek\u0142y stres mog\u0105 sprzyja\u0107 zwi\u0119kszaniu masy cia\u0142a. U niekt\u00f3rych os\u00f3b nadmiar tkanki t\u0142uszczowej jest szczeg\u00f3lnie widoczny w\u0142a\u015bnie na plecach.<\/p>\n\n\n\n<p class=\"wp-block-paragraph\">Es ist zu bedenken, dass&nbsp;<strong>miejsce odk\u0142adania t\u0142uszczu jest cz\u0119\u015bciowo uwarunkowane indywidualnie<\/strong>. U jednej osoby wi\u0119ksza ilo\u015b\u0107 tkanki t\u0142uszczowej b\u0119dzie widoczna przede wszystkim na brzuchu, u innej na udach, biodrach, po\u015bladkach lub plecach.<\/p>\n\n\n\n<div class=\"wp-block-buttons is-content-justification-center is-layout-flex wp-container-core-buttons-is-layout-3e41869c wp-block-buttons-is-layout-flex\">\n<div class=\"wp-block-button well-btn\"><a class=\"wp-block-button__link has-text-align-center wp-element-button\" href=\"\/de\/straffe-bildhauerei\/\">Weitere Informationen<\/a><\/div>\n<\/div>\n\n\n\n<h2 class=\"wp-block-heading\">T\u0142uszcz na plecach a hormony<\/h2>\n\n\n\n<p class=\"wp-block-paragraph\">W niekt\u00f3rych przypadkach zmiany masy cia\u0142a mog\u0105 mie\u0107 zwi\u0105zek z zaburzeniami hormonalnymi lub innymi problemami zdrowotnymi. Je\u017celi przyrost masy cia\u0142a jest nag\u0142y lub towarzysz\u0105 mu dodatkowe objawy, warto skonsultowa\u0107 si\u0119 z lekarzem.<\/p>\n\n\n\n<p class=\"wp-block-paragraph\">W zale\u017cno\u015bci od sytuacji specjalista mo\u017ce zaleci\u0107 odpowiedni\u0105 diagnostyk\u0119, w tym&nbsp;<strong><a href=\"https:\/\/wellclinic.pl\/de\/enzyklopadie\/hormontests-bei-frauen-3\/\" rel=\"noreferrer noopener\" target=\"_blank\">Hormontests bei Frauen<\/a><\/strong>&nbsp;oder&nbsp;<strong><a href=\"https:\/\/wellclinic.pl\/de\/enzyklopadie\/hormontests-bei-mannern-3\/\" rel=\"noreferrer noopener\" target=\"_blank\">Hormontests bei M\u00e4nnern<\/a><\/strong>.<\/p>\n\n\n\n<p class=\"wp-block-paragraph\">Nie nale\u017cy jednak zak\u0142ada\u0107, \u017ce ka\u017cda fa\u0142dka t\u0142uszczu na plecach jest wynikiem problem\u00f3w hormonalnych. W zdecydowanej wi\u0119kszo\u015bci przypadk\u00f3w na wygl\u0105d sylwetki wp\u0142ywa wiele czynnik\u00f3w jednocze\u015bnie.<\/p>\n\n\n\n<h2 class=\"wp-block-heading\">Fa\u0142dki na plecach \u2013 dlaczego powstaj\u0105?<\/h2>\n\n\n\n<p class=\"wp-block-paragraph\"><strong>Fa\u0142dki na plecach<\/strong>&nbsp;mog\u0105 pojawi\u0107 si\u0119 w r\u00f3\u017cnych miejscach \u2013 w okolicy \u0142opatek, bok\u00f3w tu\u0142owia, pod pachami czy w miejscu, w kt\u00f3rym przylega biustonosz.<\/p>\n\n\n\n<p class=\"wp-block-paragraph\">Ich widoczno\u015b\u0107 mo\u017ce zwi\u0119ksza\u0107 si\u0119 wraz ze wzrostem og\u00f3lnej ilo\u015bci tkanki t\u0142uszczowej. Znaczenie ma r\u00f3wnie\u017c budowa cia\u0142a, elastyczno\u015b\u0107 sk\u00f3ry, masa mi\u0119\u015bniowa oraz spos\u00f3b, w jaki uk\u0142ada si\u0119 cia\u0142o podczas siedzenia lub stania.<\/p>\n\n\n\n<p class=\"wp-block-paragraph\">Warto r\u00f3wnie\u017c pami\u0119ta\u0107, \u017ce fa\u0142dki sk\u00f3ry nie zawsze oznaczaj\u0105 wy\u0142\u0105cznie nadmiar t\u0142uszczu. Na ich wygl\u0105d mo\u017ce wp\u0142ywa\u0107 tak\u017ce&nbsp;<strong>wiotko\u015b\u0107 sk\u00f3ry oraz naturalne fa\u0142dowanie si\u0119 tkanek<\/strong>.<\/p>\n\n\n\n<h2 class=\"wp-block-heading\">Jak pozby\u0107 si\u0119 t\u0142uszczu na plecach?<\/h2>\n\n\n\n<p class=\"wp-block-paragraph\">Je\u015bli chcesz zmniejszy\u0107 ilo\u015b\u0107 tkanki t\u0142uszczowej na plecach, najwa\u017cniejsze jest podej\u015bcie kompleksowe.&nbsp;<strong>Nie istnieje \u0107wiczenie, kt\u00f3re spala t\u0142uszcz wy\u0142\u0105cznie z plec\u00f3w.<\/strong>&nbsp;Organizm redukuje tkank\u0119 t\u0142uszczow\u0105 w spos\u00f3b og\u00f3lny, a kolejno\u015b\u0107 zmian zale\u017cy m.in. od predyspozycji genetycznych.<\/p>\n\n\n\n<p class=\"wp-block-paragraph\">Najwa\u017cniejsze elementy procesu to:<\/p>\n\n\n\n<ul class=\"wp-block-list\">\n<li>odpowiednio dopasowana dieta,<\/li>\n\n\n\n<li>regularna aktywno\u015b\u0107 fizyczna,<\/li>\n\n\n\n<li>\u0107wiczenia wzmacniaj\u0105ce mi\u0119\u015bnie,<\/li>\n\n\n\n<li>odpowiednia ilo\u015b\u0107 snu i regeneracji,<\/li>\n\n\n\n<li>konsekwencja w utrzymywaniu zdrowych nawyk\u00f3w.<\/li>\n<\/ul>\n\n\n\n<p class=\"wp-block-paragraph\">W przypadku os\u00f3b, kt\u00f3re maj\u0105 trudno\u015b\u0107 z samodzielnym zaplanowaniem aktywno\u015bci, pomocny mo\u017ce by\u0107&nbsp;<strong><a href=\"https:\/\/wellclinic.pl\/de\/enzyklopadie\/personal-training-3\/\" rel=\"noreferrer noopener\" target=\"_blank\">pers\u00f6nliche Ausbildung<\/a><\/strong>.<\/p>\n\n\n\n<h2 class=\"wp-block-heading\">Welche \u00dcbungen f\u00fcr R\u00fcckenfett?<\/h2>\n\n\n\n<p class=\"wp-block-paragraph\">\u0106wiczenia na plecy nie powoduj\u0105 miejscowego spalania t\u0142uszczu, ale mog\u0105 pom\u00f3c&nbsp;<strong>wzmocni\u0107 i rozbudowa\u0107 mi\u0119\u015bnie tej partii cia\u0142a<\/strong>, co wp\u0142ywa na wygl\u0105d i proporcje sylwetki.<\/p>\n\n\n\n<p class=\"wp-block-paragraph\">Dobrym rozwi\u0105zaniem jest po\u0142\u0105czenie treningu cardio z \u0107wiczeniami si\u0142owymi.<\/p>\n\n\n\n<h3 class=\"wp-block-heading\">Cardio<\/h3>\n\n\n\n<p class=\"wp-block-paragraph\">Aktywno\u015b\u0107 cardio zwi\u0119ksza wydatek energetyczny i mo\u017ce by\u0107 elementem procesu redukcji tkanki t\u0142uszczowej. Nie musisz zaczyna\u0107 od intensywnych trening\u00f3w.<\/p>\n\n\n\n<p class=\"wp-block-paragraph\">Mo\u017cesz wybra\u0107:<\/p>\n\n\n\n<ul class=\"wp-block-list\">\n<li>szybki marsz,<\/li>\n\n\n\n<li>jazd\u0119 na rowerze,<\/li>\n\n\n\n<li>p\u0142ywanie,<\/li>\n\n\n\n<li>jogging,<\/li>\n\n\n\n<li>\u0107wiczenia cardio w domu.<\/li>\n<\/ul>\n\n\n\n<p class=\"wp-block-paragraph\"><strong>Regularno\u015b\u0107 jest wa\u017cniejsza ni\u017c jednorazowy, bardzo intensywny trening.<\/strong>&nbsp;Nawet 20\u201330 minut aktywno\u015bci kilka razy w tygodniu mo\u017ce by\u0107 dobrym pocz\u0105tkiem.<\/p>\n\n\n\n<h3 class=\"wp-block-heading\">\u0106wiczenia si\u0142owe na plecy<\/h3>\n\n\n\n<p class=\"wp-block-paragraph\">Podczas treningu warto uwzgl\u0119dni\u0107 \u0107wiczenia anga\u017cuj\u0105ce mi\u0119\u015bnie plec\u00f3w i ca\u0142ej g\u00f3rnej cz\u0119\u015bci cia\u0142a. Przyk\u0142ady to:<\/p>\n\n\n\n<ul class=\"wp-block-list\">\n<li>wios\u0142owanie hantlami,<\/li>\n\n\n\n<li>wios\u0142owanie na wyci\u0105gu,<\/li>\n\n\n\n<li>podci\u0105ganie lub jego \u0142atwiejsze warianty,<\/li>\n\n\n\n<li>\u0107wiczenia z gumami oporowymi,<\/li>\n\n\n\n<li>odwodzenie ramion,<\/li>\n\n\n\n<li>\u0107wiczenia wzmacniaj\u0105ce mi\u0119\u015bnie posturalne.<\/li>\n<\/ul>\n\n\n\n<p class=\"wp-block-paragraph\">Wzmocnienie mi\u0119\u015bni plec\u00f3w mo\u017ce poprawi\u0107 ich wygl\u0105d i wspiera\u0107 prawid\u0142ow\u0105 postaw\u0119 cia\u0142a.<\/p>\n\n\n\n<h2 class=\"wp-block-heading\">Dieta a t\u0142uszcz na plecach<\/h2>\n\n\n\n<p class=\"wp-block-paragraph\">Same \u0107wiczenia mog\u0105 nie wystarczy\u0107, je\u015bli spos\u00f3b od\u017cywiania regularnie prowadzi do nadwy\u017cki energetycznej.<\/p>\n\n\n\n<p class=\"wp-block-paragraph\">Podczas redukcji warto zadba\u0107 o&nbsp;<strong>odpowiednio zbilansowan\u0105 diet\u0119<\/strong>, dostarczaj\u0105c\u0105 odpowiedniej ilo\u015bci bia\u0142ka, warzyw, produkt\u00f3w pe\u0142noziarnistych, zdrowych t\u0142uszcz\u00f3w i innych niezb\u0119dnych sk\u0142adnik\u00f3w od\u017cywczych.<\/p>\n\n\n\n<p class=\"wp-block-paragraph\">Je\u017celi potrzebujesz indywidualnego podej\u015bcia, warto rozwa\u017cy\u0107\u00a0<strong><a href=\"https:\/\/wellclinic.pl\/de\/enzyklopadie\/individueller-ernahrungsplan-3\/\" target=\"_blank\" rel=\"noreferrer noopener\">individueller Ern\u00e4hrungsplan<\/a><\/strong>. Nie warto natomiast stosowa\u0107 bardzo restrykcyjnych diet ani oczekiwa\u0107, \u017ce okre\u015blony produkt spo\u017cywczy pozwoli spali\u0107 t\u0142uszcz wy\u0142\u0105cznie z plec\u00f3w.<\/p>\n\n\n\n<h2 class=\"wp-block-heading\">Jak pozby\u0107 si\u0119 wa\u0142eczk\u00f3w na plecach?<\/h2>\n\n\n\n<p class=\"wp-block-paragraph\">Je\u017celi chcesz zmniejszy\u0107 widoczno\u015b\u0107 wa\u0142eczk\u00f3w na plecach, zacznij od podstaw:&nbsp;<strong>zadbaj o diet\u0119, zwi\u0119ksz codzienn\u0105 aktywno\u015b\u0107 i wprowad\u017a regularny trening si\u0142owy<\/strong>.<\/p>\n\n\n\n<p class=\"wp-block-paragraph\">Nie oczekuj jednak natychmiastowych rezultat\u00f3w. Redukcja tkanki t\u0142uszczowej jest procesem, kt\u00f3ry wymaga czasu i konsekwencji.<\/p>\n\n\n\n<p class=\"wp-block-paragraph\">Je\u015bli mimo prawid\u0142owego od\u017cywiania i aktywno\u015bci fizycznej utrzymuje si\u0119 miejscowo nagromadzona tkanka t\u0142uszczowa, warto skonsultowa\u0107 si\u0119 ze specjalist\u0105 i sprawdzi\u0107, jakie&nbsp;<strong>Methoden zur K\u00f6rperformung<\/strong>&nbsp;mog\u0105 by\u0107 odpowiednie w konkretnym przypadku.<\/p>\n\n\n\n<h2 class=\"wp-block-heading\">Czy mo\u017cna schudn\u0105\u0107 tylko z plec\u00f3w?<\/h2>\n\n\n\n<p class=\"wp-block-paragraph\">To jedno z najcz\u0119stszych pyta\u0144 dotycz\u0105cych tego problemu.&nbsp;<strong>Niestety nie mo\u017cemy wskaza\u0107 organizmowi, z kt\u00f3rego miejsca ma pobiera\u0107 energi\u0119 w pierwszej kolejno\u015bci.<\/strong><\/p>\n\n\n\n<p class=\"wp-block-paragraph\">\u0106wiczenia ukierunkowane na plecy wzmacniaj\u0105 znajduj\u0105ce si\u0119 tam mi\u0119\u015bnie, ale nie powoduj\u0105 selektywnego spalania znajduj\u0105cej si\u0119 nad nimi tkanki t\u0142uszczowej.<\/p>\n\n\n\n<p class=\"wp-block-paragraph\">Dlatego je\u015bli Twoim celem jest zmniejszenie ilo\u015bci t\u0142uszczu na plecach, warto skupi\u0107 si\u0119 na&nbsp;<strong><a href=\"https:\/\/wellclinic.pl\/de\/enzyklopadie\/fettabbau\/\">Fettabbau<\/a><\/strong>. <\/p>\n\n\n\n<h2 class=\"wp-block-heading\">T\u0142uszcz na plecach \u2013 kiedy dieta i \u0107wiczenia nie wystarczaj\u0105?<\/h2>\n\n\n\n<p class=\"wp-block-paragraph\">U cz\u0119\u015bci os\u00f3b mimo redukcji masy cia\u0142a pozostaj\u0105 obszary, w kt\u00f3rych tkanka t\u0142uszczowa jest bardziej oporna. Mo\u017ce dotyczy\u0107 to r\u00f3wnie\u017c okolicy plec\u00f3w.<\/p>\n\n\n\n<p class=\"wp-block-paragraph\">W takiej sytuacji mo\u017cna pozna\u0107 mo\u017cliwo\u015bci&nbsp;<a href=\"https:\/\/wellclinic.pl\/de\/angebot\/korpermodellierung\/\"><strong>K\u00f6rperformung<\/strong>.<\/a> Dob\u00f3r odpowiedniej metody powinien zawsze zale\u017ce\u0107 od ilo\u015bci tkanki t\u0142uszczowej, jako\u015bci sk\u00f3ry, oczekiwanego efektu oraz indywidualnego stanu zdrowia.<\/p>\n\n\n\n<h2 class=\"wp-block-heading\">Liposukcja laserowa  na t\u0142uszcz na plecach i wiotk\u0105 sk\u00f3r\u0119<\/h2>\n\n\n\n<p class=\"wp-block-paragraph\">Jedn\u0105 z metod stosowanych w celu redukcji miejscowo nagromadzonej tkanki t\u0142uszczowej jest&nbsp;<strong><a href=\"https:\/\/wellclinic.pl\/de\/straffe-bildhauerei\/\" target=\"_blank\" rel=\"noreferrer noopener\">Laser-Liposuktion<\/a><\/strong>.<br>Wykorzystuje ona dzia\u0142anie lasera do jednoczesnego oddzia\u0142ywania na&nbsp;<strong>tkank\u0119 t\u0142uszczow\u0105 oraz sk\u00f3r\u0119<\/strong>. Zabieg mo\u017ce by\u0107 rozwa\u017cany w przypadku miejscowego nagromadzenia tkanki t\u0142uszczowej, kt\u00f3remu towarzyszy&nbsp;<strong>wiotko\u015b\u0107 lub utrata j\u0119drno\u015bci sk\u00f3ry<\/strong>. Jest to szczeg\u00f3lnie istotne w sytuacji, gdy problem dotyczy nie tylko nadmiaru tkanki t\u0142uszczowej, ale r\u00f3wnie\u017c wygl\u0105du sk\u00f3ry w obszarze plec\u00f3w.<\/p>\n\n\n\n<p class=\"wp-block-paragraph\">W zale\u017cno\u015bci od indywidualnych potrzeb zabieg mo\u017ce wspiera\u0107&nbsp;<strong>modelowanie sylwetki, popraw\u0119 napi\u0119cia sk\u00f3ry i jej wygl\u0105du<\/strong>. <strong><a href=\"https:\/\/wellclinic.pl\/de\/enzyklopadie\/strumpfhosen-sculpting-3\/\">Technologia TightSculpting<\/a> <\/strong>mo\u017ce by\u0107 stosowana na r\u00f3\u017cnych obszarach cia\u0142a, jednak zakres oraz parametry zabiegu powinny zosta\u0107 dobrane indywidualnie.<\/p>\n\n\n\n<p class=\"wp-block-paragraph\">O tym, czy&nbsp;<strong>TightSculpting na t\u0142uszcz na plecach<\/strong>&nbsp;b\u0119dzie odpowiednim rozwi\u0105zaniem, decyduje indywidualna ocena podczas konsultacji. Specjalista analizuje ilo\u015b\u0107 i rozmieszczenie tkanki t\u0142uszczowej, kondycj\u0119 sk\u00f3ry oraz oczekiwany efekt, a nast\u0119pnie mo\u017ce zaproponowa\u0107 odpowiednio dopasowane post\u0119powanie.<\/p>\n\n\n\n<div class=\"wp-block-buttons is-content-justification-center is-layout-flex wp-container-core-buttons-is-layout-3e41869c wp-block-buttons-is-layout-flex\">\n<div class=\"wp-block-button well-btn\"><a class=\"wp-block-button__link has-text-align-center wp-element-button\" href=\"\/de\/straffe-bildhauerei\/\">Weitere Informationen<\/a><\/div>\n<\/div>\n\n\n\n<h2 class=\"wp-block-heading\">Co zrobi\u0107, gdy t\u0142uszcz na plecach nie chce znikn\u0105\u0107?<\/h2>\n\n\n\n<p class=\"wp-block-paragraph\"><strong>Mo\u017cesz straci\u0107 kolejne kilogramy i nadal patrze\u0107 w lustro na te same fa\u0142dki na plecach.<\/strong> Je\u015bli mimo diety i regularnych trening\u00f3w miejscowo nagromadzona tkanka t\u0142uszczowa wci\u0105\u017c zaburza proporcje sylwetki, dalsze odchudzanie nie musi by\u0107 odpowiedzi\u0105. Organizm nie wybiera miejsca, z kt\u00f3rego spala t\u0142uszcz, dlatego problem jednej opornej partii mo\u017ce utrzymywa\u0107 si\u0119 nawet przy prawid\u0142owej masie cia\u0142a.<\/p>\n\n\n\n<p class=\"wp-block-paragraph\">Podstaw\u0105 pozostaj\u0105 <strong>odpowiednio dopasowana dieta, regularna aktywno\u015b\u0107 fizyczna i trening si\u0142owy<\/strong>. \u0106wiczenia mog\u0105 wzmocni\u0107 mi\u0119\u015bnie plec\u00f3w i poprawi\u0107 wygl\u0105d sylwetki, ale nie pozwalaj\u0105 na miejscowe spalanie t\u0142uszczu. Je\u015bli problemem s\u0105 niewielkie, oporne depozyty tkanki t\u0142uszczowej, warto podczas konsultacji oceni\u0107, czy odpowiednim rozwi\u0105zaniem b\u0119dzie metoda modelowania sylwetki, np. <strong>Laser-Liposuktion<\/strong>.<\/p>\n\n\n\n<p class=\"wp-block-paragraph\">Kluczowe znaczenie ma w\u0142a\u015bciwe rozpoznanie problemu. Specjalista oceni ilo\u015b\u0107 i rozmieszczenie tkanki t\u0142uszczowej, kondycj\u0119 oraz j\u0119drno\u015b\u0107 sk\u00f3ry i dopiero na tej podstawie dobierze odpowiednie post\u0119powanie.<\/p>\n\n\n\n<p class=\"wp-block-paragraph\"><strong>Nie tra\u0107 kolejnych miesi\u0119cy na odchudzanie obszaru, kt\u00f3rego nie da si\u0119 zmieni\u0107 sam\u0105 diet\u0105.<\/strong> <strong><a href=\"https:\/\/wellclinic.pl\/de\/kontakt\/\">Um\u00f3w konsultacj\u0119 w Wellclinic<\/a><\/strong> i sprawd\u017a, jakie mo\u017cliwo\u015bci modelowania sylwetki b\u0119d\u0105 odpowiednie w Twoim przypadku. Zabiegi wykonujemy w klinikach Wellclinic w <strong>Warschau, Gda\u0144sk und Krakau<\/strong>.<\/p>","protected":false},"excerpt":{"rendered":"<p>Najgorsze, co mo\u017cesz zrobi\u0107 z t\u0142uszczem na plecach? Uzna\u0107, \u017ce wystarczy jeszcze bardziej schudn\u0105\u0107. Mo\u017cesz miesi\u0105cami ogranicza\u0107 jedzenie, zwi\u0119ksza\u0107 liczb\u0119 trening\u00f3w i obserwowa\u0107, jak waga spada. A mimo to fa\u0142dki pod biustonoszem, w okolicy \u0142opatek czy pod pachami mog\u0105 nadal by\u0107 widoczne. Wtedy zamiast pozby\u0107 si\u0119 problemu, zaczynasz walczy\u0107 z kolejnymi kilogramami \u2013 cho\u0107 wcale [&hellip;]<\/p>\n","protected":false},"author":26,"featured_media":54822,"comment_status":"closed","ping_status":"closed","sticky":false,"template":"","format":"standard","meta":{"_acf_changed":false,"footnotes":""},"categories":[71,85,28],"tags":[32,131,416],"class_list":["post-21187","post","type-post","status-publish","format-standard","has-post-thumbnail","hentry","category-zabieg-na-cialo","category-zabieg-odchudzajacy","category-zabiegi","tag-laser-fotona","tag-odchudzanie","tag-tluszcz-na-plecach"],"acf":[],"yoast_head":"<!-- This site is optimized with the Yoast SEO plugin v28.4 - https:\/\/yoast.com\/product\/yoast-seo-wordpress\/ -->\n<title>T\u0142uszcz na plecach \u2013 jak si\u0119 go pozby\u0107? \u0106wiczenia i terapie<\/title>\n<meta name=\"description\" content=\"T\u0142uszcz na plecach i fa\u0142dki pod biustonoszem? Sprawd\u017a, jakie \u0107wiczenia, dieta i zabiegi mog\u0105 pom\u00f3c w modelowaniu sylwetki.\" \/>\n<meta name=\"robots\" content=\"index, follow, max-snippet:-1, max-image-preview:large, max-video-preview:-1\" \/>\n<link rel=\"canonical\" href=\"https:\/\/wellclinic.pl\/de\/ursachen-fur-ruckenfett\/\" \/>\n<meta property=\"og:locale\" content=\"de_DE\" \/>\n<meta property=\"og:type\" content=\"article\" \/>\n<meta property=\"og:title\" content=\"T\u0142uszcz na plecach \u2013 jak si\u0119 go pozby\u0107? \u0106wiczenia i terapie\" \/>\n<meta property=\"og:description\" content=\"T\u0142uszcz na plecach i fa\u0142dki pod biustonoszem? Sprawd\u017a, jakie \u0107wiczenia, dieta i zabiegi mog\u0105 pom\u00f3c w modelowaniu sylwetki.\" \/>\n<meta property=\"og:url\" content=\"https:\/\/wellclinic.pl\/de\/ursachen-fur-ruckenfett\/\" \/>\n<meta property=\"og:site_name\" content=\"Wellclinic\" \/>\n<meta property=\"article:published_time\" content=\"2026-08-18T22:23:00+00:00\" \/>\n<meta property=\"article:modified_time\" content=\"2026-09-02T13:37:58+00:00\" \/>\n<meta property=\"og:image\" content=\"https:\/\/wellclinic.pl\/wp-content\/uploads\/2026\/08\/tluszcz_na_plecach.png\" \/>\n\t<meta property=\"og:image:width\" content=\"900\" \/>\n\t<meta property=\"og:image:height\" content=\"664\" \/>\n\t<meta property=\"og:image:type\" content=\"image\/png\" \/>\n<meta name=\"author\" content=\"Katarzyna Paw\u0142owska\" \/>\n<meta name=\"twitter:card\" content=\"summary_large_image\" \/>\n<meta name=\"twitter:label1\" content=\"Verfasst von\" \/>\n\t<meta name=\"twitter:data1\" content=\"Katarzyna Paw\u0142owska\" \/>\n\t<meta name=\"twitter:label2\" content=\"Gesch\u00e4tzte Lesezeit\" \/>\n\t<meta name=\"twitter:data2\" content=\"8\u00a0Minuten\" \/>\n<script type=\"application\/ld+json\" class=\"yoast-schema-graph\">{\"@context\":\"https:\\\/\\\/schema.org\",\"@graph\":[{\"@type\":\"Article\",\"@id\":\"https:\\\/\\\/wellclinic.pl\\\/przyczyny-tluszczu-na-plecach\\\/#article\",\"isPartOf\":{\"@id\":\"https:\\\/\\\/wellclinic.pl\\\/przyczyny-tluszczu-na-plecach\\\/\"},\"author\":{\"name\":\"Katarzyna Paw\u0142owska\",\"@id\":\"https:\\\/\\\/wellclinic.pl\\\/#\\\/schema\\\/person\\\/d6ba279cafc77bac21a8cf59a8aa67d6\"},\"headline\":\"T\u0142uszcz na plecach \u2013 jak si\u0119 go pozby\u0107? Skuteczne \u0107wiczenia i metody\",\"datePublished\":\"2026-08-18T22:23:00+00:00\",\"dateModified\":\"2026-09-02T13:37:58+00:00\",\"mainEntityOfPage\":{\"@id\":\"https:\\\/\\\/wellclinic.pl\\\/przyczyny-tluszczu-na-plecach\\\/\"},\"wordCount\":1608,\"image\":{\"@id\":\"https:\\\/\\\/wellclinic.pl\\\/przyczyny-tluszczu-na-plecach\\\/#primaryimage\"},\"thumbnailUrl\":\"https:\\\/\\\/wellclinic.pl\\\/wp-content\\\/uploads\\\/2026\\\/08\\\/tluszcz_na_plecach.png\",\"keywords\":[\"Laser Fotona\",\"odchudzanie\",\"T\u0142uszcz na plecach\"],\"articleSection\":[\"Zabieg na cia\u0142o\",\"Zabieg odchudzaj\u0105cy\",\"Zabiegi\"],\"inLanguage\":\"de\"},{\"@type\":\"WebPage\",\"@id\":\"https:\\\/\\\/wellclinic.pl\\\/przyczyny-tluszczu-na-plecach\\\/\",\"url\":\"https:\\\/\\\/wellclinic.pl\\\/przyczyny-tluszczu-na-plecach\\\/\",\"name\":\"T\u0142uszcz na plecach \u2013 jak si\u0119 go pozby\u0107? \u0106wiczenia i terapie\",\"isPartOf\":{\"@id\":\"https:\\\/\\\/wellclinic.pl\\\/#website\"},\"primaryImageOfPage\":{\"@id\":\"https:\\\/\\\/wellclinic.pl\\\/przyczyny-tluszczu-na-plecach\\\/#primaryimage\"},\"image\":{\"@id\":\"https:\\\/\\\/wellclinic.pl\\\/przyczyny-tluszczu-na-plecach\\\/#primaryimage\"},\"thumbnailUrl\":\"https:\\\/\\\/wellclinic.pl\\\/wp-content\\\/uploads\\\/2026\\\/08\\\/tluszcz_na_plecach.png\",\"datePublished\":\"2026-08-18T22:23:00+00:00\",\"dateModified\":\"2026-09-02T13:37:58+00:00\",\"author\":{\"@id\":\"https:\\\/\\\/wellclinic.pl\\\/#\\\/schema\\\/person\\\/d6ba279cafc77bac21a8cf59a8aa67d6\"},\"description\":\"T\u0142uszcz na plecach i fa\u0142dki pod biustonoszem? Sprawd\u017a, jakie \u0107wiczenia, dieta i zabiegi mog\u0105 pom\u00f3c w modelowaniu sylwetki.\",\"breadcrumb\":{\"@id\":\"https:\\\/\\\/wellclinic.pl\\\/przyczyny-tluszczu-na-plecach\\\/#breadcrumb\"},\"inLanguage\":\"de\",\"potentialAction\":[{\"@type\":\"ReadAction\",\"target\":[\"https:\\\/\\\/wellclinic.pl\\\/przyczyny-tluszczu-na-plecach\\\/\"]}]},{\"@type\":\"ImageObject\",\"inLanguage\":\"de\",\"@id\":\"https:\\\/\\\/wellclinic.pl\\\/przyczyny-tluszczu-na-plecach\\\/#primaryimage\",\"url\":\"https:\\\/\\\/wellclinic.pl\\\/wp-content\\\/uploads\\\/2026\\\/08\\\/tluszcz_na_plecach.png\",\"contentUrl\":\"https:\\\/\\\/wellclinic.pl\\\/wp-content\\\/uploads\\\/2026\\\/08\\\/tluszcz_na_plecach.png\",\"width\":900,\"height\":664,\"caption\":\"t\u0142uszcz na plecach\"},{\"@type\":\"BreadcrumbList\",\"@id\":\"https:\\\/\\\/wellclinic.pl\\\/przyczyny-tluszczu-na-plecach\\\/#breadcrumb\",\"itemListElement\":[{\"@type\":\"ListItem\",\"position\":1,\"name\":\"Strona g\u0142\u00f3wna\",\"item\":\"https:\\\/\\\/wellclinic.pl\\\/\"},{\"@type\":\"ListItem\",\"position\":2,\"name\":\"T\u0142uszcz na plecach \u2013 jak si\u0119 go pozby\u0107? Skuteczne \u0107wiczenia i metody\"}]},{\"@type\":\"WebSite\",\"@id\":\"https:\\\/\\\/wellclinic.pl\\\/#website\",\"url\":\"https:\\\/\\\/wellclinic.pl\\\/\",\"name\":\"Wellclinic Klinika Medycyny Estetycznej - Warszawa | Gda\u0144sk | Krak\u00f3w\",\"description\":\"Klinika Medycyny Estetycznej - Warszawa i Gda\u0144sk\",\"potentialAction\":[{\"@type\":\"SearchAction\",\"target\":{\"@type\":\"EntryPoint\",\"urlTemplate\":\"https:\\\/\\\/wellclinic.pl\\\/?s={search_term_string}\"},\"query-input\":{\"@type\":\"PropertyValueSpecification\",\"valueRequired\":true,\"valueName\":\"search_term_string\"}}],\"inLanguage\":\"de\"},{\"@type\":\"Person\",\"@id\":\"https:\\\/\\\/wellclinic.pl\\\/#\\\/schema\\\/person\\\/d6ba279cafc77bac21a8cf59a8aa67d6\",\"name\":\"Katarzyna Paw\u0142owska\",\"url\":\"https:\\\/\\\/wellclinic.pl\\\/de\\\/author\\\/kasia\\\/\"}]}<\/script>\n<!-- \/ Yoast SEO plugin. -->","yoast_head_json":{"title":"T\u0142uszcz na plecach \u2013 jak si\u0119 go pozby\u0107? \u0106wiczenia i terapie","description":"T\u0142uszcz na plecach i fa\u0142dki pod biustonoszem? Sprawd\u017a, jakie \u0107wiczenia, dieta i zabiegi mog\u0105 pom\u00f3c w modelowaniu sylwetki.","robots":{"index":"index","follow":"follow","max-snippet":"max-snippet:-1","max-image-preview":"max-image-preview:large","max-video-preview":"max-video-preview:-1"},"canonical":"https:\/\/wellclinic.pl\/de\/ursachen-fur-ruckenfett\/","og_locale":"de_DE","og_type":"article","og_title":"T\u0142uszcz na plecach \u2013 jak si\u0119 go pozby\u0107? \u0106wiczenia i terapie","og_description":"T\u0142uszcz na plecach i fa\u0142dki pod biustonoszem? Sprawd\u017a, jakie \u0107wiczenia, dieta i zabiegi mog\u0105 pom\u00f3c w modelowaniu sylwetki.","og_url":"https:\/\/wellclinic.pl\/de\/ursachen-fur-ruckenfett\/","og_site_name":"Wellclinic","article_published_time":"2026-08-18T22:23:00+00:00","article_modified_time":"2026-09-02T13:37:58+00:00","og_image":[{"width":900,"height":664,"url":"https:\/\/wellclinic.pl\/wp-content\/uploads\/2026\/08\/tluszcz_na_plecach.png","type":"image\/png"}],"author":"Katarzyna Paw\u0142owska","twitter_card":"summary_large_image","twitter_misc":{"Verfasst von":"Katarzyna Paw\u0142owska","Gesch\u00e4tzte Lesezeit":"8\u00a0Minuten"},"schema":{"@context":"https:\/\/schema.org","@graph":[{"@type":"Article","@id":"https:\/\/wellclinic.pl\/przyczyny-tluszczu-na-plecach\/#article","isPartOf":{"@id":"https:\/\/wellclinic.pl\/przyczyny-tluszczu-na-plecach\/"},"author":{"name":"Katarzyna Paw\u0142owska","@id":"https:\/\/wellclinic.pl\/#\/schema\/person\/d6ba279cafc77bac21a8cf59a8aa67d6"},"headline":"T\u0142uszcz na plecach \u2013 jak si\u0119 go pozby\u0107? Skuteczne \u0107wiczenia i metody","datePublished":"2026-08-18T22:23:00+00:00","dateModified":"2026-09-02T13:37:58+00:00","mainEntityOfPage":{"@id":"https:\/\/wellclinic.pl\/przyczyny-tluszczu-na-plecach\/"},"wordCount":1608,"image":{"@id":"https:\/\/wellclinic.pl\/przyczyny-tluszczu-na-plecach\/#primaryimage"},"thumbnailUrl":"https:\/\/wellclinic.pl\/wp-content\/uploads\/2026\/08\/tluszcz_na_plecach.png","keywords":["Laser Fotona","odchudzanie","T\u0142uszcz na plecach"],"articleSection":["Zabieg na cia\u0142o","Zabieg odchudzaj\u0105cy","Zabiegi"],"inLanguage":"de"},{"@type":"WebPage","@id":"https:\/\/wellclinic.pl\/przyczyny-tluszczu-na-plecach\/","url":"https:\/\/wellclinic.pl\/przyczyny-tluszczu-na-plecach\/","name":"T\u0142uszcz na plecach \u2013 jak si\u0119 go pozby\u0107? \u0106wiczenia i terapie","isPartOf":{"@id":"https:\/\/wellclinic.pl\/#website"},"primaryImageOfPage":{"@id":"https:\/\/wellclinic.pl\/przyczyny-tluszczu-na-plecach\/#primaryimage"},"image":{"@id":"https:\/\/wellclinic.pl\/przyczyny-tluszczu-na-plecach\/#primaryimage"},"thumbnailUrl":"https:\/\/wellclinic.pl\/wp-content\/uploads\/2026\/08\/tluszcz_na_plecach.png","datePublished":"2026-08-18T22:23:00+00:00","dateModified":"2026-09-02T13:37:58+00:00","author":{"@id":"https:\/\/wellclinic.pl\/#\/schema\/person\/d6ba279cafc77bac21a8cf59a8aa67d6"},"description":"T\u0142uszcz na plecach i fa\u0142dki pod biustonoszem? Sprawd\u017a, jakie \u0107wiczenia, dieta i zabiegi mog\u0105 pom\u00f3c w modelowaniu sylwetki.","breadcrumb":{"@id":"https:\/\/wellclinic.pl\/przyczyny-tluszczu-na-plecach\/#breadcrumb"},"inLanguage":"de","potentialAction":[{"@type":"ReadAction","target":["https:\/\/wellclinic.pl\/przyczyny-tluszczu-na-plecach\/"]}]},{"@type":"ImageObject","inLanguage":"de","@id":"https:\/\/wellclinic.pl\/przyczyny-tluszczu-na-plecach\/#primaryimage","url":"https:\/\/wellclinic.pl\/wp-content\/uploads\/2026\/08\/tluszcz_na_plecach.png","contentUrl":"https:\/\/wellclinic.pl\/wp-content\/uploads\/2026\/08\/tluszcz_na_plecach.png","width":900,"height":664,"caption":"t\u0142uszcz na plecach"},{"@type":"BreadcrumbList","@id":"https:\/\/wellclinic.pl\/przyczyny-tluszczu-na-plecach\/#breadcrumb","itemListElement":[{"@type":"ListItem","position":1,"name":"Strona g\u0142\u00f3wna","item":"https:\/\/wellclinic.pl\/"},{"@type":"ListItem","position":2,"name":"T\u0142uszcz na plecach \u2013 jak si\u0119 go pozby\u0107? Skuteczne \u0107wiczenia i metody"}]},{"@type":"WebSite","@id":"https:\/\/wellclinic.pl\/#website","url":"https:\/\/wellclinic.pl\/","name":"Wellclinic Klinik f\u00fcr \u00c4sthetische Medizin - Warschau | Danzig | Krakau","description":"Klinik f\u00fcr \u00e4sthetische Medizin-Warschau und Danzig","potentialAction":[{"@type":"SearchAction","target":{"@type":"EntryPoint","urlTemplate":"https:\/\/wellclinic.pl\/?s={search_term_string}"},"query-input":{"@type":"PropertyValueSpecification","valueRequired":true,"valueName":"search_term_string"}}],"inLanguage":"de"},{"@type":"Person","@id":"https:\/\/wellclinic.pl\/#\/schema\/person\/d6ba279cafc77bac21a8cf59a8aa67d6","name":"Katarzyna Paw\u0142owska","url":"https:\/\/wellclinic.pl\/de\/author\/kasia\/"}]}},"_links":{"self":[{"href":"https:\/\/wellclinic.pl\/de\/wp-json\/wp\/v2\/posts\/21187","targetHints":{"allow":["GET"]}}],"collection":[{"href":"https:\/\/wellclinic.pl\/de\/wp-json\/wp\/v2\/posts"}],"about":[{"href":"https:\/\/wellclinic.pl\/de\/wp-json\/wp\/v2\/types\/post"}],"author":[{"embeddable":true,"href":"https:\/\/wellclinic.pl\/de\/wp-json\/wp\/v2\/users\/26"}],"replies":[{"embeddable":true,"href":"https:\/\/wellclinic.pl\/de\/wp-json\/wp\/v2\/comments?post=21187"}],"version-history":[{"count":14,"href":"https:\/\/wellclinic.pl\/de\/wp-json\/wp\/v2\/posts\/21187\/revisions"}],"predecessor-version":[{"id":55223,"href":"https:\/\/wellclinic.pl\/de\/wp-json\/wp\/v2\/posts\/21187\/revisions\/55223"}],"wp:featuredmedia":[{"embeddable":true,"href":"https:\/\/wellclinic.pl\/de\/wp-json\/wp\/v2\/media\/54822"}],"wp:attachment":[{"href":"https:\/\/wellclinic.pl\/de\/wp-json\/wp\/v2\/media?parent=21187"}],"wp:term":[{"taxonomy":"category","embeddable":true,"href":"https:\/\/wellclinic.pl\/de\/wp-json\/wp\/v2\/categories?post=21187"},{"taxonomy":"post_tag","embeddable":true,"href":"https:\/\/wellclinic.pl\/de\/wp-json\/wp\/v2\/tags?post=21187"}],"curies":[{"name":"wp","href":"https:\/\/api.w.org\/{rel}","templated":true}]}}