{"id":47237,"date":"2025-12-03T11:43:34","date_gmt":"2025-12-03T10:43:34","guid":{"rendered":"https:\/\/wellclinic.pl\/?p=47237"},"modified":"2025-12-03T11:43:35","modified_gmt":"2025-12-03T10:43:35","slug":"schneller-gewichtsverlust-auswirkungen-auf-die-haut-im-gesicht-und-am-hals","status":"publish","type":"post","link":"https:\/\/wellclinic.pl\/de\/szybka-utrata-wagi-wplyw-na-skore-twarzy-i-szyi\/","title":{"rendered":"Auswirkungen einer schnellen Gewichtsabnahme auf die Haut im Gesicht und am Hals: Symptome, Diagnose und Ausgleichsma\u00dfnahmen"},"content":{"rendered":"<p>Stellen Sie sich vor, Sie haben Ihr Ziel erreicht \u2013 Sie sind schlanker, wieder gesund und voller Energie. Sie empfinden gro\u00dfe Freude \u00fcber diese innere Verwandlung. Manchmal geht dies jedoch mit einer gewissen Dissonanz einher: Wenn Sie sich ansehen <strong>Auswirkungen des Abnehmens<\/strong> Im Bereich von Gesicht und Hals k\u00f6nnen Sie feststellen, dass die Haut nicht mit dem Tempo mithalten kann, in dem das Fett verschwindet. Das ist ganz nat\u00fcrlich, kann aber dazu f\u00fchren, dass Sie m\u00fcder aussehen.<\/p>\n\n\n\n<p>Unser <strong>Medizinisches Team<\/strong> Wir verstehen, dass Sie es verdienen, dass Ihr Gesicht genauso dynamisch ist wie Ihr neues Leben. Deshalb m\u00f6chten wir Ihnen zeigen, wie Sie Ihr Gewebe in dieser wichtigen Phase unterst\u00fctzen k\u00f6nnen. <strong>Remodeling-Prozess<\/strong>.<\/p>\n\n\n\n<h2 class=\"wp-block-heading\"><strong>Die Auswirkungen des Abnehmens auf die Haut \u2013 schnelle Gewichtsreduktion und Straffheit<\/strong><\/h2>\n\n\n\n<p><strong>Wie reagiert die Haut auf schnelles Abnehmen?<\/strong> Reaktion der Haut auf <strong>schnelle Gewichtsreduktion <\/strong>basiert auf der Physiologie. Das Unterhautfettgewebe, das als \u201eGer\u00fcst\u201d fungierte, verschwindet pl\u00f6tzlich. Die Haut, die zuvor gedehnt war, verliert ihre St\u00fctze. Dies f\u00fchrt zu einem Ph\u00e4nomen, das wir medizinisch als <strong>Hauterschlaffung<\/strong>.<\/p>\n\n\n\n<p>Am st\u00e4rksten betroffen sind Bereiche mit d\u00fcnnerer Haut und hoher Beweglichkeit, daher sind dort <strong>Ver\u00e4nderungen der Haut im Gesicht und am Hals<\/strong>. Deine Haut, die pl\u00f6tzlich an Volumen verloren hat, hat keine Zeit f\u00fcr <strong>Produktion von Kollagen und Elastin<\/strong> in einem Tempo, das ihr nat\u00fcrliches Schrumpfen erm\u00f6glichen w\u00fcrde. Infolgedessen stellen Sie fest, dass Ihre Haut an Festigkeit verliert und ihre Elastizit\u00e4t nachl\u00e4sst.<\/p>\n\n\n\n<h2 class=\"wp-block-heading\"><strong>Diagnose des Hautzustands im Gesicht \u2013 Remodeling-Prozess<\/strong><\/h2>\n\n\n\n<p>Bevor wir irgendwelche Ma\u00dfnahmen ergreifen <strong>Ma\u00dfnahmen zur Unterst\u00fctzung der Hautspannung<\/strong>, ist eine genaue Beurteilung des Zustands Ihrer Haut erforderlich.<\/p>\n\n\n\n<p><strong>Wie l\u00e4sst sich der Zustand der Haut im Gesicht und am Hals beurteilen?<\/strong> Unser Wellteam f\u00fchrt eine detaillierte <strong>Diagnose des Hautzustands im Gesicht<\/strong> (einschlie\u00dflich Hals), mit Schwerpunkt auf:<\/p>\n\n\n\n<ul class=\"wp-block-list\">\n<li>Horizontal <strong>Scho\u00dfigkeit der Haut<\/strong> \u2013 d. h. dem Grad ihres Absinkens und der fehlenden Spannung.<\/li>\n\n\n\n<li>Gewebedichte (Gehalt <strong>Kollagen und Elastin<\/strong>).<\/li>\n\n\n\n<li>Das Auftreten von Falten und Gravitationsfalten, die sich pl\u00f6tzlich vertieft haben.<\/li>\n<\/ul>\n\n\n\n<p>Eine solche Bewertung ist f\u00fcr die Erstellung eines personalisierten <strong>Therapieplan<\/strong>, der unterst\u00fctzen wird <strong>Remodeling-Prozess<\/strong> Deiner Haut, und nicht nur das Problem kaschiert.<\/p>\n\n\n\n<h2 class=\"wp-block-heading\"><strong>Ma\u00dfnahmen zur Unterst\u00fctzung der Hautspannung \u2013 wie kann man den Reparaturprozess der Haut unterst\u00fctzen?<\/strong><\/h2>\n\n\n\n<p><strong>Wie kann man den Reparaturprozess der Haut unterst\u00fctzen?<\/strong> <strong>Ma\u00dfnahmen zur Unterst\u00fctzung der Hautspannung<\/strong> sollten auf eine tiefe Stimulation des Gewebes ausgerichtet sein, um <strong>Verlust der Hautelastizit\u00e4t nach dem Abnehmen<\/strong> wurde ausgeglichen.<\/p>\n\n\n\n<p><strong>Ver\u00e4nderungen der Haut im Gesicht und am Hals<\/strong> erfordern Methoden, die die Produktion sicher und effizient in Gang setzen <strong>Kollagen und Elastin<\/strong>:<\/p>\n\n\n\n<ol class=\"wp-block-list\">\n<li><strong>Tiefenlaserstimulation (z. B. <\/strong><a href=\"https:\/\/wellclinic.pl\/de\/4d-endolifting-gesicht-10-jahre-junger\/\" target=\"_blank\" rel=\"noreferrer noopener\"><strong>Endolifting 4D<\/strong><\/a><strong>)<\/strong> \u2013 Lasertherapien, die fortschrittliche Plattformen wie Fotona DYNAMIS SP nutzen, sind f\u00fcr die nicht-invasive Stimulation konzipiert. Die Aufgabe des Lasers besteht darin, die tiefen Hautschichten sicher zu erw\u00e4rmen, wodurch eine intensive <strong>Remodeling-Prozess<\/strong> i <strong>Regeneration<\/strong> Gewebe. Dieses Verfahren wirkt von innen heraus und unterst\u00fctzt die Straffung der Haut in ihrer gesamten Dicke.<\/li>\n\n\n\n<li><strong>Biostimulierende Volumetrie<\/strong> \u2013 gezielte Auff\u00fcllung des verlorenen Volumens mit Pr\u00e4paraten, die <strong>nat\u00fcrlich<\/strong> regen die eigenen Zellen zur Kollagensynthese an.<\/li>\n\n\n\n<li><strong>Wiederbelebung <\/strong>\u2013 intensive Hautpflege, die die Hautqualit\u00e4t und Regenerationsf\u00e4higkeit verbessert.<\/li>\n<\/ol>\n\n\n\n<p><em>\u201eWir sehen immer wieder, dass Patienten, die zu uns kommen, nicht bereit f\u00fcr eine Operation sind. Sie wollen Unterst\u00fctzung, die sicher, aber stark ist. Unser Ziel ist es, dass <\/em><strong><em>Unterst\u00fctzung der Hautspannung<\/em><\/strong><em> i <\/em><strong><em>Remodellierungsprozess,<\/em><\/strong><em> damit ihr Gesicht j\u00fcnger aussieht und ihren inneren Erfolg widerspiegelt. Dies ist dank zertifizierter, nicht-invasiver Technologien wie Endolifting 4D m\u00f6glich, die durch klinische Studien und Zertifikate (z. B. FDA) unterst\u00fctzt werden.\u201d<\/em> - sagt der Arzt f\u00fcr \u00e4sthetische Medizin von Wellclinic.<\/p>\n\n\n\n<h2 class=\"wp-block-heading\"><strong>Vertrauen Sie den Experten im Ver\u00e4nderungsprozess<\/strong><\/h2>\n\n\n\n<p>Wir wissen, wie viel <strong>Entschlossenheit und Anstrengung<\/strong> in das Erreichen Ihrer aktuellen Figur investiert haben. Sie verdienen es, dass die Ergebnisse Ihrer harten Arbeit in voller Harmonie sichtbar werden \u2013 von der Energie, die Sie sp\u00fcren, bis hin zur Straffheit Ihrer Haut, die Sie sehen k\u00f6nnen. Unser <strong>Medizinisches Team<\/strong> sind Experten darin, gesundheitliche und \u00e4sthetische Ziele miteinander zu verbinden. Wir verwenden <strong>zertifiziert und innovativ<\/strong> Technologien, um sicher und angemessen zu initiieren <strong>Volumenwiederherstellung<\/strong> und Festigkeit dort, wo es am n\u00f6tigsten ist.<\/p>\n\n\n\n<p>Sie m\u00fcssen sich nicht zwischen Gesundheit und jugendlichem Aussehen entscheiden. Machen Sie <strong>der erste Schritt in Richtung Gesicht<\/strong>, die Ihren inneren Erfolg vollst\u00e4ndig widerspiegelt.<\/p>\n\n\n\n<p><strong>Entdecken Sie die personalisierte WellEffect-Formel<\/strong>, die speziell f\u00fcr Sie entwickelt wurde. Buchen Sie noch heute Ihren Termin und <strong>Entdecken Sie das Potenzial der Transformation<\/strong>.<\/p>\n\n\n\n<p><strong>Wellclinic Medical Clinic \u2013 gewinnen Sie mit uns Langlebigkeit und Sch\u00f6nheit.<\/strong><\/p>","protected":false},"excerpt":{"rendered":"<p>Wyobra\u017a sobie, \u017ce osi\u0105gn\u0119\u0142a\u015b sw\u00f3j cel \u2013 sylwetka jest l\u017cejsza, zdrowie wr\u00f3ci\u0142o, a energia Ci\u0119 rozpiera. Odczuwasz ogromn\u0105 rado\u015b\u0107 z tej wewn\u0119trznej transformacji. Czasem jednak towarzyszy temu pewien dysonans: gdy patrzysz na skutki chudni\u0119cia w obr\u0119bie twarzy i szyi, mo\u017cesz zauwa\u017cy\u0107, \u017ce sk\u00f3ra nie nad\u0105\u017ca za tempem, w jakim znika t\u0142uszcz. To naturalne, ale mo\u017ce [&hellip;]<\/p>\n","protected":false},"author":15,"featured_media":47226,"comment_status":"closed","ping_status":"closed","sticky":false,"template":"","format":"standard","meta":{"_acf_changed":false,"footnotes":""},"categories":[79],"tags":[],"class_list":["post-47237","post","type-post","status-publish","format-standard","has-post-thumbnail","hentry","category-zabieg-na-twarz"],"acf":[],"yoast_head":"<!-- This site is optimized with the Yoast SEO Premium plugin v21.1 (Yoast SEO v27.4) - https:\/\/yoast.com\/product\/yoast-seo-premium-wordpress\/ -->\n<title>Szybka utrata wagi a sk\u00f3ra twarzy i szyi \u2013 co si\u0119 dzieje?<\/title>\n<meta name=\"description\" content=\"Szybka utrata wagi mo\u017ce powodowa\u0107 wiotko\u015b\u0107 i pogorszenie kondycji sk\u00f3ry twarzy oraz szyi. Poznaj typowe objawy, mo\u017cliwo\u015bci diagnostyczne i skuteczne dzia\u0142ania, kt\u00f3re pozwalaj\u0105 odzyska\u0107 j\u0119drno\u015b\u0107 i zdrowy wygl\u0105d.\" \/>\n<meta name=\"robots\" content=\"index, follow, max-snippet:-1, max-image-preview:large, max-video-preview:-1\" \/>\n<link rel=\"canonical\" href=\"https:\/\/wellclinic.pl\/de\/schneller-gewichtsverlust-auswirkungen-auf-die-haut-im-gesicht-und-am-hals\/\" \/>\n<meta property=\"og:locale\" content=\"de_DE\" \/>\n<meta property=\"og:type\" content=\"article\" \/>\n<meta property=\"og:title\" content=\"Wp\u0142yw szybkiej utraty wagi na sk\u00f3r\u0119 twarzy i szyi: objawy, diagnostyka i dzia\u0142ania rekompensuj\u0105ce\" \/>\n<meta property=\"og:description\" content=\"Szybka utrata wagi mo\u017ce powodowa\u0107 wiotko\u015b\u0107 i pogorszenie kondycji sk\u00f3ry twarzy oraz szyi. Poznaj typowe objawy, mo\u017cliwo\u015bci diagnostyczne i skuteczne dzia\u0142ania, kt\u00f3re pozwalaj\u0105 odzyska\u0107 j\u0119drno\u015b\u0107 i zdrowy wygl\u0105d.\" \/>\n<meta property=\"og:url\" content=\"https:\/\/wellclinic.pl\/de\/schneller-gewichtsverlust-auswirkungen-auf-die-haut-im-gesicht-und-am-hals\/\" \/>\n<meta property=\"og:site_name\" content=\"Wellclinic\" \/>\n<meta property=\"article:published_time\" content=\"2025-12-03T10:43:34+00:00\" \/>\n<meta property=\"article:modified_time\" content=\"2025-12-03T10:43:35+00:00\" \/>\n<meta property=\"og:image\" content=\"https:\/\/wellclinic.pl\/wp-content\/uploads\/2025\/12\/wplyw-szybkiej-utraty-wagi-na-skore-twarzy-i-szyi-objawy-diagnostyka-i-dzialania-rekompensujace.jpg\" \/>\n\t<meta property=\"og:image:width\" content=\"944\" \/>\n\t<meta property=\"og:image:height\" content=\"768\" \/>\n\t<meta property=\"og:image:type\" content=\"image\/jpeg\" \/>\n<meta name=\"author\" content=\"Stanis\u0142aw Oleksiejuk\" \/>\n<meta name=\"twitter:card\" content=\"summary_large_image\" \/>\n<meta name=\"twitter:label1\" content=\"Verfasst von\" \/>\n\t<meta name=\"twitter:data1\" content=\"Stanis\u0142aw Oleksiejuk\" \/>\n\t<meta name=\"twitter:label2\" content=\"Gesch\u00e4tzte Lesezeit\" \/>\n\t<meta name=\"twitter:data2\" content=\"4\u00a0Minuten\" \/>\n<script type=\"application\/ld+json\" class=\"yoast-schema-graph\">{\"@context\":\"https:\\\/\\\/schema.org\",\"@graph\":[{\"@type\":\"Article\",\"@id\":\"https:\\\/\\\/wellclinic.pl\\\/szybka-utrata-wagi-wplyw-na-skore-twarzy-i-szyi\\\/#article\",\"isPartOf\":{\"@id\":\"https:\\\/\\\/wellclinic.pl\\\/szybka-utrata-wagi-wplyw-na-skore-twarzy-i-szyi\\\/\"},\"author\":{\"name\":\"Stanis\u0142aw Oleksiejuk\",\"@id\":\"https:\\\/\\\/wellclinic.pl\\\/#\\\/schema\\\/person\\\/e404a9bfa016bae344b84b557c1742b1\"},\"headline\":\"Wp\u0142yw szybkiej utraty wagi na sk\u00f3r\u0119 twarzy i szyi: objawy, diagnostyka i dzia\u0142ania rekompensuj\u0105ce\",\"datePublished\":\"2025-12-03T10:43:34+00:00\",\"dateModified\":\"2025-12-03T10:43:35+00:00\",\"mainEntityOfPage\":{\"@id\":\"https:\\\/\\\/wellclinic.pl\\\/szybka-utrata-wagi-wplyw-na-skore-twarzy-i-szyi\\\/\"},\"wordCount\":773,\"image\":{\"@id\":\"https:\\\/\\\/wellclinic.pl\\\/szybka-utrata-wagi-wplyw-na-skore-twarzy-i-szyi\\\/#primaryimage\"},\"thumbnailUrl\":\"https:\\\/\\\/wellclinic.pl\\\/wp-content\\\/uploads\\\/2025\\\/12\\\/wplyw-szybkiej-utraty-wagi-na-skore-twarzy-i-szyi-objawy-diagnostyka-i-dzialania-rekompensujace.jpg\",\"articleSection\":[\"Zabieg na twarz\"],\"inLanguage\":\"de\"},{\"@type\":\"WebPage\",\"@id\":\"https:\\\/\\\/wellclinic.pl\\\/szybka-utrata-wagi-wplyw-na-skore-twarzy-i-szyi\\\/\",\"url\":\"https:\\\/\\\/wellclinic.pl\\\/szybka-utrata-wagi-wplyw-na-skore-twarzy-i-szyi\\\/\",\"name\":\"Szybka utrata wagi a sk\u00f3ra twarzy i szyi \u2013 co si\u0119 dzieje?\",\"isPartOf\":{\"@id\":\"https:\\\/\\\/wellclinic.pl\\\/#website\"},\"primaryImageOfPage\":{\"@id\":\"https:\\\/\\\/wellclinic.pl\\\/szybka-utrata-wagi-wplyw-na-skore-twarzy-i-szyi\\\/#primaryimage\"},\"image\":{\"@id\":\"https:\\\/\\\/wellclinic.pl\\\/szybka-utrata-wagi-wplyw-na-skore-twarzy-i-szyi\\\/#primaryimage\"},\"thumbnailUrl\":\"https:\\\/\\\/wellclinic.pl\\\/wp-content\\\/uploads\\\/2025\\\/12\\\/wplyw-szybkiej-utraty-wagi-na-skore-twarzy-i-szyi-objawy-diagnostyka-i-dzialania-rekompensujace.jpg\",\"datePublished\":\"2025-12-03T10:43:34+00:00\",\"dateModified\":\"2025-12-03T10:43:35+00:00\",\"author\":{\"@id\":\"https:\\\/\\\/wellclinic.pl\\\/#\\\/schema\\\/person\\\/e404a9bfa016bae344b84b557c1742b1\"},\"description\":\"Szybka utrata wagi mo\u017ce powodowa\u0107 wiotko\u015b\u0107 i pogorszenie kondycji sk\u00f3ry twarzy oraz szyi. Poznaj typowe objawy, mo\u017cliwo\u015bci diagnostyczne i skuteczne dzia\u0142ania, kt\u00f3re pozwalaj\u0105 odzyska\u0107 j\u0119drno\u015b\u0107 i zdrowy wygl\u0105d.\",\"breadcrumb\":{\"@id\":\"https:\\\/\\\/wellclinic.pl\\\/szybka-utrata-wagi-wplyw-na-skore-twarzy-i-szyi\\\/#breadcrumb\"},\"inLanguage\":\"de\",\"potentialAction\":[{\"@type\":\"ReadAction\",\"target\":[\"https:\\\/\\\/wellclinic.pl\\\/szybka-utrata-wagi-wplyw-na-skore-twarzy-i-szyi\\\/\"]}]},{\"@type\":\"ImageObject\",\"inLanguage\":\"de\",\"@id\":\"https:\\\/\\\/wellclinic.pl\\\/szybka-utrata-wagi-wplyw-na-skore-twarzy-i-szyi\\\/#primaryimage\",\"url\":\"https:\\\/\\\/wellclinic.pl\\\/wp-content\\\/uploads\\\/2025\\\/12\\\/wplyw-szybkiej-utraty-wagi-na-skore-twarzy-i-szyi-objawy-diagnostyka-i-dzialania-rekompensujace.jpg\",\"contentUrl\":\"https:\\\/\\\/wellclinic.pl\\\/wp-content\\\/uploads\\\/2025\\\/12\\\/wplyw-szybkiej-utraty-wagi-na-skore-twarzy-i-szyi-objawy-diagnostyka-i-dzialania-rekompensujace.jpg\",\"width\":944,\"height\":768,\"caption\":\"Wp\u0142yw szybkiej utraty wagi na sk\u00f3r\u0119 twarzy i szyi: objawy, diagnostyka i dzia\u0142ania rekompensuj\u0105ce\"},{\"@type\":\"BreadcrumbList\",\"@id\":\"https:\\\/\\\/wellclinic.pl\\\/szybka-utrata-wagi-wplyw-na-skore-twarzy-i-szyi\\\/#breadcrumb\",\"itemListElement\":[{\"@type\":\"ListItem\",\"position\":1,\"name\":\"Strona g\u0142\u00f3wna\",\"item\":\"https:\\\/\\\/wellclinic.pl\\\/\"},{\"@type\":\"ListItem\",\"position\":2,\"name\":\"Wp\u0142yw szybkiej utraty wagi na sk\u00f3r\u0119 twarzy i szyi: objawy, diagnostyka i dzia\u0142ania rekompensuj\u0105ce\"}]},{\"@type\":\"WebSite\",\"@id\":\"https:\\\/\\\/wellclinic.pl\\\/#website\",\"url\":\"https:\\\/\\\/wellclinic.pl\\\/\",\"name\":\"Wellclinic Klinika Medycyny Estetycznej - Warszawa i Gda\u0144sk\",\"description\":\"Klinika Medycyny Estetycznej - Warszawa i Gda\u0144sk\",\"potentialAction\":[{\"@type\":\"SearchAction\",\"target\":{\"@type\":\"EntryPoint\",\"urlTemplate\":\"https:\\\/\\\/wellclinic.pl\\\/?s={search_term_string}\"},\"query-input\":{\"@type\":\"PropertyValueSpecification\",\"valueRequired\":true,\"valueName\":\"search_term_string\"}}],\"inLanguage\":\"de\"},{\"@type\":\"Person\",\"@id\":\"https:\\\/\\\/wellclinic.pl\\\/#\\\/schema\\\/person\\\/e404a9bfa016bae344b84b557c1742b1\",\"name\":\"Stanis\u0142aw Oleksiejuk\",\"url\":\"https:\\\/\\\/wellclinic.pl\\\/de\\\/author\\\/stanislaw\\\/\"}]}<\/script>\n<!-- \/ Yoast SEO Premium plugin. -->","yoast_head_json":{"title":"Schneller Gewichtsverlust und die Haut im Gesicht und am Hals \u2013 was passiert?","description":"Schneller Gewichtsverlust kann zu schlaffer Haut und einer Verschlechterung des Hautzustands im Gesicht und am Hals f\u00fchren. Erfahren Sie mehr \u00fcber typische Symptome, Diagnosem\u00f6glichkeiten und wirksame Ma\u00dfnahmen, mit denen Sie die Festigkeit und das gesunde Aussehen Ihrer Haut wiederherstellen k\u00f6nnen.","robots":{"index":"index","follow":"follow","max-snippet":"max-snippet:-1","max-image-preview":"max-image-preview:large","max-video-preview":"max-video-preview:-1"},"canonical":"https:\/\/wellclinic.pl\/de\/schneller-gewichtsverlust-auswirkungen-auf-die-haut-im-gesicht-und-am-hals\/","og_locale":"de_DE","og_type":"article","og_title":"Wp\u0142yw szybkiej utraty wagi na sk\u00f3r\u0119 twarzy i szyi: objawy, diagnostyka i dzia\u0142ania rekompensuj\u0105ce","og_description":"Szybka utrata wagi mo\u017ce powodowa\u0107 wiotko\u015b\u0107 i pogorszenie kondycji sk\u00f3ry twarzy oraz szyi. Poznaj typowe objawy, mo\u017cliwo\u015bci diagnostyczne i skuteczne dzia\u0142ania, kt\u00f3re pozwalaj\u0105 odzyska\u0107 j\u0119drno\u015b\u0107 i zdrowy wygl\u0105d.","og_url":"https:\/\/wellclinic.pl\/de\/schneller-gewichtsverlust-auswirkungen-auf-die-haut-im-gesicht-und-am-hals\/","og_site_name":"Wellclinic","article_published_time":"2025-12-03T10:43:34+00:00","article_modified_time":"2025-12-03T10:43:35+00:00","og_image":[{"width":944,"height":768,"url":"https:\/\/wellclinic.pl\/wp-content\/uploads\/2025\/12\/wplyw-szybkiej-utraty-wagi-na-skore-twarzy-i-szyi-objawy-diagnostyka-i-dzialania-rekompensujace.jpg","type":"image\/jpeg"}],"author":"Stanis\u0142aw Oleksiejuk","twitter_card":"summary_large_image","twitter_misc":{"Verfasst von":"Stanis\u0142aw Oleksiejuk","Gesch\u00e4tzte Lesezeit":"4\u00a0Minuten"},"schema":{"@context":"https:\/\/schema.org","@graph":[{"@type":"Article","@id":"https:\/\/wellclinic.pl\/szybka-utrata-wagi-wplyw-na-skore-twarzy-i-szyi\/#article","isPartOf":{"@id":"https:\/\/wellclinic.pl\/szybka-utrata-wagi-wplyw-na-skore-twarzy-i-szyi\/"},"author":{"name":"Stanis\u0142aw Oleksiejuk","@id":"https:\/\/wellclinic.pl\/#\/schema\/person\/e404a9bfa016bae344b84b557c1742b1"},"headline":"Wp\u0142yw szybkiej utraty wagi na sk\u00f3r\u0119 twarzy i szyi: objawy, diagnostyka i dzia\u0142ania rekompensuj\u0105ce","datePublished":"2025-12-03T10:43:34+00:00","dateModified":"2025-12-03T10:43:35+00:00","mainEntityOfPage":{"@id":"https:\/\/wellclinic.pl\/szybka-utrata-wagi-wplyw-na-skore-twarzy-i-szyi\/"},"wordCount":773,"image":{"@id":"https:\/\/wellclinic.pl\/szybka-utrata-wagi-wplyw-na-skore-twarzy-i-szyi\/#primaryimage"},"thumbnailUrl":"https:\/\/wellclinic.pl\/wp-content\/uploads\/2025\/12\/wplyw-szybkiej-utraty-wagi-na-skore-twarzy-i-szyi-objawy-diagnostyka-i-dzialania-rekompensujace.jpg","articleSection":["Zabieg na twarz"],"inLanguage":"de"},{"@type":"WebPage","@id":"https:\/\/wellclinic.pl\/szybka-utrata-wagi-wplyw-na-skore-twarzy-i-szyi\/","url":"https:\/\/wellclinic.pl\/szybka-utrata-wagi-wplyw-na-skore-twarzy-i-szyi\/","name":"Schneller Gewichtsverlust und die Haut im Gesicht und am Hals \u2013 was passiert?","isPartOf":{"@id":"https:\/\/wellclinic.pl\/#website"},"primaryImageOfPage":{"@id":"https:\/\/wellclinic.pl\/szybka-utrata-wagi-wplyw-na-skore-twarzy-i-szyi\/#primaryimage"},"image":{"@id":"https:\/\/wellclinic.pl\/szybka-utrata-wagi-wplyw-na-skore-twarzy-i-szyi\/#primaryimage"},"thumbnailUrl":"https:\/\/wellclinic.pl\/wp-content\/uploads\/2025\/12\/wplyw-szybkiej-utraty-wagi-na-skore-twarzy-i-szyi-objawy-diagnostyka-i-dzialania-rekompensujace.jpg","datePublished":"2025-12-03T10:43:34+00:00","dateModified":"2025-12-03T10:43:35+00:00","author":{"@id":"https:\/\/wellclinic.pl\/#\/schema\/person\/e404a9bfa016bae344b84b557c1742b1"},"description":"Schneller Gewichtsverlust kann zu schlaffer Haut und einer Verschlechterung des Hautzustands im Gesicht und am Hals f\u00fchren. Erfahren Sie mehr \u00fcber typische Symptome, Diagnosem\u00f6glichkeiten und wirksame Ma\u00dfnahmen, mit denen Sie die Festigkeit und das gesunde Aussehen Ihrer Haut wiederherstellen k\u00f6nnen.","breadcrumb":{"@id":"https:\/\/wellclinic.pl\/szybka-utrata-wagi-wplyw-na-skore-twarzy-i-szyi\/#breadcrumb"},"inLanguage":"de","potentialAction":[{"@type":"ReadAction","target":["https:\/\/wellclinic.pl\/szybka-utrata-wagi-wplyw-na-skore-twarzy-i-szyi\/"]}]},{"@type":"ImageObject","inLanguage":"de","@id":"https:\/\/wellclinic.pl\/szybka-utrata-wagi-wplyw-na-skore-twarzy-i-szyi\/#primaryimage","url":"https:\/\/wellclinic.pl\/wp-content\/uploads\/2025\/12\/wplyw-szybkiej-utraty-wagi-na-skore-twarzy-i-szyi-objawy-diagnostyka-i-dzialania-rekompensujace.jpg","contentUrl":"https:\/\/wellclinic.pl\/wp-content\/uploads\/2025\/12\/wplyw-szybkiej-utraty-wagi-na-skore-twarzy-i-szyi-objawy-diagnostyka-i-dzialania-rekompensujace.jpg","width":944,"height":768,"caption":"Wp\u0142yw szybkiej utraty wagi na sk\u00f3r\u0119 twarzy i szyi: objawy, diagnostyka i dzia\u0142ania rekompensuj\u0105ce"},{"@type":"BreadcrumbList","@id":"https:\/\/wellclinic.pl\/szybka-utrata-wagi-wplyw-na-skore-twarzy-i-szyi\/#breadcrumb","itemListElement":[{"@type":"ListItem","position":1,"name":"Strona g\u0142\u00f3wna","item":"https:\/\/wellclinic.pl\/"},{"@type":"ListItem","position":2,"name":"Wp\u0142yw szybkiej utraty wagi na sk\u00f3r\u0119 twarzy i szyi: objawy, diagnostyka i dzia\u0142ania rekompensuj\u0105ce"}]},{"@type":"WebSite","@id":"https:\/\/wellclinic.pl\/#website","url":"https:\/\/wellclinic.pl\/","name":"Wellclinic Klinik f\u00fcr \u00e4sthetische Medizin-Warschau und Danzig","description":"Klinik f\u00fcr \u00e4sthetische Medizin-Warschau und Danzig","potentialAction":[{"@type":"SearchAction","target":{"@type":"EntryPoint","urlTemplate":"https:\/\/wellclinic.pl\/?s={search_term_string}"},"query-input":{"@type":"PropertyValueSpecification","valueRequired":true,"valueName":"search_term_string"}}],"inLanguage":"de"},{"@type":"Person","@id":"https:\/\/wellclinic.pl\/#\/schema\/person\/e404a9bfa016bae344b84b557c1742b1","name":"Stanislaw Oleksiejuk","url":"https:\/\/wellclinic.pl\/de\/author\/stanislaw\/"}]}},"_links":{"self":[{"href":"https:\/\/wellclinic.pl\/de\/wp-json\/wp\/v2\/posts\/47237","targetHints":{"allow":["GET"]}}],"collection":[{"href":"https:\/\/wellclinic.pl\/de\/wp-json\/wp\/v2\/posts"}],"about":[{"href":"https:\/\/wellclinic.pl\/de\/wp-json\/wp\/v2\/types\/post"}],"author":[{"embeddable":true,"href":"https:\/\/wellclinic.pl\/de\/wp-json\/wp\/v2\/users\/15"}],"replies":[{"embeddable":true,"href":"https:\/\/wellclinic.pl\/de\/wp-json\/wp\/v2\/comments?post=47237"}],"version-history":[{"count":1,"href":"https:\/\/wellclinic.pl\/de\/wp-json\/wp\/v2\/posts\/47237\/revisions"}],"predecessor-version":[{"id":47238,"href":"https:\/\/wellclinic.pl\/de\/wp-json\/wp\/v2\/posts\/47237\/revisions\/47238"}],"wp:featuredmedia":[{"embeddable":true,"href":"https:\/\/wellclinic.pl\/de\/wp-json\/wp\/v2\/media\/47226"}],"wp:attachment":[{"href":"https:\/\/wellclinic.pl\/de\/wp-json\/wp\/v2\/media?parent=47237"}],"wp:term":[{"taxonomy":"category","embeddable":true,"href":"https:\/\/wellclinic.pl\/de\/wp-json\/wp\/v2\/categories?post=47237"},{"taxonomy":"post_tag","embeddable":true,"href":"https:\/\/wellclinic.pl\/de\/wp-json\/wp\/v2\/tags?post=47237"}],"curies":[{"name":"wp","href":"https:\/\/api.w.org\/{rel}","templated":true}]}}