{"id":47239,"date":"2025-12-03T11:44:54","date_gmt":"2025-12-03T10:44:54","guid":{"rendered":"https:\/\/wellclinic.pl\/?p=47239"},"modified":"2025-12-03T11:44:55","modified_gmt":"2025-12-03T10:44:55","slug":"sunken-face-und-alter-warum-reagieren-altere-menschen-schneller","status":"publish","type":"post","link":"https:\/\/wellclinic.pl\/de\/sunken-face-a-wiek-dlaczego-starsi-reaguja-szybciej\/","title":{"rendered":"Eingefallenes Gesicht und Alter des Patienten: Warum \u00e4ltere Menschen schneller die Auswirkungen von Gewichtsverlustmedikamenten auf ihr Gesicht sp\u00fcren"},"content":{"rendered":"<p>Das Erreichen des gew\u00fcnschten Gewichts ist unabh\u00e4ngig von Ihrem Alter ein Erfolg. <strong>Behandlung von Fettleibigkeit<\/strong> und die Genesung sind ein sch\u00f6nes und ehrgeiziges Ziel. Wenn das Gewicht jedoch rapide sinkt \u2013 beispielsweise dank moderner medikament\u00f6ser Therapien \u2013 kann die Gesichtshaut nicht immer mit dem K\u00f6rper mithalten. Im Falle von <strong>reife Haut bei Reduktionstherapie<\/strong> ist dieser Unterschied oft deutlicher zu sehen. M\u00f6chten Sie, dass Ihr Gesicht Ihre Vitalit\u00e4t voll und ganz widerspiegelt?<\/p>\n\n\n\n<p>Unser <strong>Medizinisches Team<\/strong> versteht, dass <strong>sunken face und Alter<\/strong> ist eine Abh\u00e4ngigkeit, die man aus der Perspektive betrachten sollte <strong>biologische Alterung <\/strong>Gewebe. Lesen Sie also weiter und erfahren Sie mehr dar\u00fcber., <strong>Warum \u00e4ltere Menschen die Auswirkungen von Gewichtsverlustmedikamenten schneller sp\u00fcren.<\/strong><\/p>\n\n\n\n<h2 class=\"wp-block-heading\"><strong>Warum haben \u00e4ltere Menschen h\u00e4ufiger ein eingefallenes Gesicht?<\/strong><\/h2>\n\n\n\n<p><strong>Warum haben \u00e4ltere Menschen h\u00e4ufiger ein eingefallenes Gesicht?<\/strong> Das Ph\u00e4nomen <strong>Volumenverlust bei \u00e4lteren Menschen<\/strong> wird durch die H\u00e4ufung nat\u00fcrlicher Prozesse verst\u00e4rkt <strong>biologische Alterung<\/strong> und heftig <strong>Fettabbau<\/strong>. Bei \u00e4lteren Menschen ist die Gesichtsstruktur bereits durch langj\u00e4hrige nat\u00fcrliche Alterungsprozesse geschw\u00e4cht.<\/p>\n\n\n\n<p>Zwei wichtige biologische Faktoren sorgen daf\u00fcr, dass <strong>sunken face und Alter<\/strong> ist eine so eindeutige Abh\u00e4ngigkeit:<\/p>\n\n\n\n<ol class=\"wp-block-list\">\n<li><strong>Geringere Hautdichte<\/strong> \u2013 mit zunehmendem Alter tritt nat\u00fcrlich <strong>Collagenabfall<\/strong> und Elastin. Dadurch erh\u00e4lt die Haut <strong>geringere Dichte <\/strong>und ist weniger elastisch, und die Fasern sind d\u00fcnner.<\/li>\n\n\n\n<li><strong>Fettabbau<\/strong> \u2013 Mit zunehmendem Alter beginnt das Fett im Gesicht (das eine st\u00fctzende Funktion hat) zu verschwinden oder sich nach unten zu verlagern.<\/li>\n<\/ol>\n\n\n\n<p>Wenn diese nat\u00fcrlichen Defizite durch <strong>schnelle Gewichtsreduktion<\/strong>, Der Effekt des Absinkens, der Erschlaffung des Gewebes und das Gef\u00fchl der M\u00fcdigkeit sind fast sofort sichtbar.<\/p>\n\n\n\n<h2 class=\"wp-block-heading\"><strong>Altersunterschiede beim Gewebeverlust \u2013 h\u00f6heres Risiko f\u00fcr Lipatrophie bei Senioren<\/strong><\/h2>\n\n\n\n<p><strong>Erh\u00f6ht das Alter die Sichtbarkeit der Ergebnisse?<\/strong> Auf jeden Fall. Es gibt eindeutige <strong>Altersunterschiede beim Gewebeverlust<\/strong>. Junge Haut hat selbst nach einer starken Gewichtsabnahme noch eine gr\u00f6\u00dfere Regenerations- und Kontraktionsf\u00e4higkeit. Dagegen <strong>Reife Haut bei Reduktionstherapie<\/strong> hat bereits geringere Kollagenreserven, wodurch sie anf\u00e4lliger f\u00fcr Hauterschlaffung ist.<\/p>\n\n\n\n<p>Das Risiko, dass <strong>Alterung bei Gewichtsreduktion<\/strong> wird sichtbar, ist deutlich h\u00f6her. Das Ph\u00e4nomen des Gesichtsverfalls selbst ist in Wirklichkeit <strong>Erh\u00f6htes Risiko f\u00fcr Lipatrophie bei Senioren<\/strong> (Fettgewebeverlust), das sich mit dem nat\u00fcrlich vorkommenden <strong>geringere Hautdichte<\/strong>.<\/p>\n\n\n\n<h2 class=\"wp-block-heading\"><strong>Welche Faktoren verst\u00e4rken den Volumenverlust?<\/strong><\/h2>\n\n\n\n<p><strong>Welche Faktoren verst\u00e4rken den Volumenverlust?<\/strong> Unter <strong>biologische Alterung<\/strong> i <strong>Volumenverlust bei \u00e4lteren Menschen<\/strong> Viele Faktoren spielen dabei eine Rolle.<\/p>\n\n\n\n<p>Das sind:<\/p>\n\n\n\n<ul class=\"wp-block-list\">\n<li><strong>Abnahme des Kollagens<\/strong> \u2013 nat\u00fcrlich <strong>Collagenabfall<\/strong> und Elastin schreitet nach dem 30. Lebensjahr fort und ist unvermeidlich.<\/li>\n\n\n\n<li><strong>Starker Gewichtsverlust<\/strong> \u2013 Je schneller die Gewichtsreduktion erfolgt, desto geringer ist die Chance, dass sich die Haut daran anpassen kann.<\/li>\n\n\n\n<li><strong>Unzureichende Regeneration<\/strong> \u2013 Nichtumsetzung <strong>\u00e4sthetische Pr\u00e4vention<\/strong>, deren Aufgabe die Erneuerung von Gewebe ist.<\/li>\n<\/ul>\n\n\n\n<h2 class=\"wp-block-heading\"><strong>Ausgleichsma\u00dfnahmen \u2013 Plan zur \u00e4sthetischen Aufwertung<\/strong><\/h2>\n\n\n\n<p>Sowohl <strong>Verlust des Gesichtsvolumens<\/strong>, sowie das Problem <strong>ein h\u00f6heres Risiko f\u00fcr Lipatrophie bei Senioren<\/strong> erfordern <strong>personalisierter Therapieplan<\/strong>. Zu diesem Zweck nutzen wir fortschrittliche Technologien wie <a href=\"https:\/\/wellclinic.pl\/de\/4d-endolifting-gesicht-10-jahre-junger\/\" target=\"_blank\" rel=\"noreferrer noopener\">Endolifting 4D<\/a>, der eine tiefe <strong>Remodeling-Prozess<\/strong> H\u00e4ute.<\/p>\n\n\n\n<p>Endolifting 4D ist ein nicht-invasives Laserverfahren, das die Plattform nutzt. <strong>Fotona DYNAMIS SP<\/strong>. Die Aufgabe dieses Eingriffs ist:<\/p>\n\n\n\n<ul class=\"wp-block-list\">\n<li><strong>Wiederherstellung der Dichte <\/strong>\u2013 Einsatz von Lasern <strong>Er:Yag<\/strong> zur fraktionierten Revitalisierung und Unterst\u00fctzung der Produktion von neuem Kollagen.<\/li>\n\n\n\n<li><strong>Spannungsunterst\u00fctzung <\/strong>\u2013 Laserwirkung <strong>Nd:Yag<\/strong> zum tiefen Erhitzen und Schrumpfen der Fasern <strong>Kollagen und Elastin<\/strong> zum Zwecke der Reduzierung <strong>Scho\u00dfigkeit der Haut<\/strong>.<\/li>\n<\/ul>\n\n\n\n<p>Die Therapie wird durch klinische Studien und Zertifikate unterst\u00fctzt und hat folgende Ziele <strong>Wiederherstellung eines jugendlicheren Aussehens des Gesichts<\/strong> ohne dass eine Genesungsphase erforderlich ist.<\/p>\n\n\n\n<h2 class=\"wp-block-heading\"><strong>Vertrauen Sie den Experten im Ver\u00e4nderungsprozess<\/strong><\/h2>\n\n\n\n<p>Wir wissen, wie viel <strong>Entschlossenheit und Anstrengung<\/strong> die du in das Erreichen deiner aktuellen Figur investiert hast. Deine Aufmerksamkeit f\u00fcr deine k\u00f6rperliche Verfassung und deine Ern\u00e4hrung bilden die Grundlage f\u00fcr diese Ver\u00e4nderung. Du verdienst es, dass die Ergebnisse deiner harten Arbeit in voller Harmonie sichtbar werden \u2013 von der Energie, die du f\u00fchlst, bis hin zur Straffheit deiner Haut, die du sehen kannst. <strong>Das medizinische Team von Wellclinic<\/strong> sind Experten darin, gesundheitliche und \u00e4sthetische Ziele miteinander zu verbinden. Wir verwenden <strong>zertifiziert und innovativ<\/strong> Technologien, um sicher und zielgerichtet zu initiieren <strong>Volumenwiederherstellung<\/strong> und <strong>Festigkeit<\/strong> genau dort, wo es Ihre Haut am meisten ben\u00f6tigt.<\/p>\n\n\n\n<p>Entdecken Sie <strong>die personalisierte WellEffect-Formel<\/strong> - <strong>\u00e4sthetische Unterst\u00fctzung<\/strong> exklusiv f\u00fcr Ihre Bed\u00fcrfnisse entwickelt. <strong>Beginnen Sie noch heute<\/strong> und sichern Sie Ihre Sch\u00f6nheit f\u00fcr die Zukunft.<\/p>\n\n\n\n<p><strong>Wellclinic Medical Clinic \u2013 Gewinnen Sie mit uns Langlebigkeit und Sch\u00f6nheit.<\/strong><\/p>","protected":false},"excerpt":{"rendered":"<p>Osi\u0105gni\u0119cie upragnionej wagi to zwyci\u0119stwo niezale\u017cnie od Twojego wieku. Leczenie oty\u0142o\u015bci i powr\u00f3t do zdrowia to pi\u0119kny i ambitny cel. Jednak kiedy waga spada gwa\u0142townie \u2013 na przyk\u0142ad dzi\u0119ki nowoczesnym terapiom farmakologicznym \u2013 sk\u00f3ra twarzy nie zawsze nad\u0105\u017ca za cia\u0142em. W przypadku sk\u00f3ry dojrza\u0142ej przy terapii redukcyjnej dysproporcja ta jest cz\u0119sto bardziej widoczna. Chcesz, by [&hellip;]<\/p>\n","protected":false},"author":15,"featured_media":47225,"comment_status":"closed","ping_status":"closed","sticky":false,"template":"","format":"standard","meta":{"_acf_changed":false,"footnotes":""},"categories":[79],"tags":[],"class_list":["post-47239","post","type-post","status-publish","format-standard","has-post-thumbnail","hentry","category-zabieg-na-twarz"],"acf":[],"yoast_head":"<!-- This site is optimized with the Yoast SEO Premium plugin v21.1 (Yoast SEO v27.4) - https:\/\/yoast.com\/product\/yoast-seo-premium-wordpress\/ -->\n<title>Sunken face a wiek \u2013 czemu starsi reaguj\u0105 szybciej?<\/title>\n<meta name=\"description\" content=\"Starsze osoby cz\u0119\u015bciej i szybciej do\u015bwiadczaj\u0105 efektu Sunken face podczas terapii lekami odchudzaj\u0105cymi. Sprawd\u017a, z czego to wynika i jakie dzia\u0142ania mog\u0105 zmniejszy\u0107 ryzyko zapadni\u0119cia rys\u00f3w twarzy.\" \/>\n<meta name=\"robots\" content=\"index, follow, max-snippet:-1, max-image-preview:large, max-video-preview:-1\" \/>\n<link rel=\"canonical\" href=\"https:\/\/wellclinic.pl\/de\/sunken-face-und-alter-warum-reagieren-altere-menschen-schneller\/\" \/>\n<meta property=\"og:locale\" content=\"de_DE\" \/>\n<meta property=\"og:type\" content=\"article\" \/>\n<meta property=\"og:title\" content=\"Sunken face a wiek pacjenta: dlaczego starsi szybciej odczuwaj\u0105 efekty zapadni\u0119cia twarzy na lekach odchudzaj\u0105cych\" \/>\n<meta property=\"og:description\" content=\"Starsze osoby cz\u0119\u015bciej i szybciej do\u015bwiadczaj\u0105 efektu Sunken face podczas terapii lekami odchudzaj\u0105cymi. Sprawd\u017a, z czego to wynika i jakie dzia\u0142ania mog\u0105 zmniejszy\u0107 ryzyko zapadni\u0119cia rys\u00f3w twarzy.\" \/>\n<meta property=\"og:url\" content=\"https:\/\/wellclinic.pl\/de\/sunken-face-und-alter-warum-reagieren-altere-menschen-schneller\/\" \/>\n<meta property=\"og:site_name\" content=\"Wellclinic\" \/>\n<meta property=\"article:published_time\" content=\"2025-12-03T10:44:54+00:00\" \/>\n<meta property=\"article:modified_time\" content=\"2025-12-03T10:44:55+00:00\" \/>\n<meta property=\"og:image\" content=\"https:\/\/wellclinic.pl\/wp-content\/uploads\/2025\/12\/sunken-face-a-wiek-pacjenta-dlaczego-starsi-szybciej-odczuwaja-efekty-zapadniecia-twarzy-na-lekach-odchudzajacych.jpg\" \/>\n\t<meta property=\"og:image:width\" content=\"944\" \/>\n\t<meta property=\"og:image:height\" content=\"768\" \/>\n\t<meta property=\"og:image:type\" content=\"image\/jpeg\" \/>\n<meta name=\"author\" content=\"Stanis\u0142aw Oleksiejuk\" \/>\n<meta name=\"twitter:card\" content=\"summary_large_image\" \/>\n<meta name=\"twitter:label1\" content=\"Verfasst von\" \/>\n\t<meta name=\"twitter:data1\" content=\"Stanis\u0142aw Oleksiejuk\" \/>\n\t<meta name=\"twitter:label2\" content=\"Gesch\u00e4tzte Lesezeit\" \/>\n\t<meta name=\"twitter:data2\" content=\"4\u00a0Minuten\" \/>\n<script type=\"application\/ld+json\" class=\"yoast-schema-graph\">{\"@context\":\"https:\\\/\\\/schema.org\",\"@graph\":[{\"@type\":\"Article\",\"@id\":\"https:\\\/\\\/wellclinic.pl\\\/sunken-face-a-wiek-dlaczego-starsi-reaguja-szybciej\\\/#article\",\"isPartOf\":{\"@id\":\"https:\\\/\\\/wellclinic.pl\\\/sunken-face-a-wiek-dlaczego-starsi-reaguja-szybciej\\\/\"},\"author\":{\"name\":\"Stanis\u0142aw Oleksiejuk\",\"@id\":\"https:\\\/\\\/wellclinic.pl\\\/#\\\/schema\\\/person\\\/e404a9bfa016bae344b84b557c1742b1\"},\"headline\":\"Sunken face a wiek pacjenta: dlaczego starsi szybciej odczuwaj\u0105 efekty zapadni\u0119cia twarzy na lekach odchudzaj\u0105cych\",\"datePublished\":\"2025-12-03T10:44:54+00:00\",\"dateModified\":\"2025-12-03T10:44:55+00:00\",\"mainEntityOfPage\":{\"@id\":\"https:\\\/\\\/wellclinic.pl\\\/sunken-face-a-wiek-dlaczego-starsi-reaguja-szybciej\\\/\"},\"wordCount\":781,\"image\":{\"@id\":\"https:\\\/\\\/wellclinic.pl\\\/sunken-face-a-wiek-dlaczego-starsi-reaguja-szybciej\\\/#primaryimage\"},\"thumbnailUrl\":\"https:\\\/\\\/wellclinic.pl\\\/wp-content\\\/uploads\\\/2025\\\/12\\\/sunken-face-a-wiek-pacjenta-dlaczego-starsi-szybciej-odczuwaja-efekty-zapadniecia-twarzy-na-lekach-odchudzajacych.jpg\",\"articleSection\":[\"Zabieg na twarz\"],\"inLanguage\":\"de\"},{\"@type\":\"WebPage\",\"@id\":\"https:\\\/\\\/wellclinic.pl\\\/sunken-face-a-wiek-dlaczego-starsi-reaguja-szybciej\\\/\",\"url\":\"https:\\\/\\\/wellclinic.pl\\\/sunken-face-a-wiek-dlaczego-starsi-reaguja-szybciej\\\/\",\"name\":\"Sunken face a wiek \u2013 czemu starsi reaguj\u0105 szybciej?\",\"isPartOf\":{\"@id\":\"https:\\\/\\\/wellclinic.pl\\\/#website\"},\"primaryImageOfPage\":{\"@id\":\"https:\\\/\\\/wellclinic.pl\\\/sunken-face-a-wiek-dlaczego-starsi-reaguja-szybciej\\\/#primaryimage\"},\"image\":{\"@id\":\"https:\\\/\\\/wellclinic.pl\\\/sunken-face-a-wiek-dlaczego-starsi-reaguja-szybciej\\\/#primaryimage\"},\"thumbnailUrl\":\"https:\\\/\\\/wellclinic.pl\\\/wp-content\\\/uploads\\\/2025\\\/12\\\/sunken-face-a-wiek-pacjenta-dlaczego-starsi-szybciej-odczuwaja-efekty-zapadniecia-twarzy-na-lekach-odchudzajacych.jpg\",\"datePublished\":\"2025-12-03T10:44:54+00:00\",\"dateModified\":\"2025-12-03T10:44:55+00:00\",\"author\":{\"@id\":\"https:\\\/\\\/wellclinic.pl\\\/#\\\/schema\\\/person\\\/e404a9bfa016bae344b84b557c1742b1\"},\"description\":\"Starsze osoby cz\u0119\u015bciej i szybciej do\u015bwiadczaj\u0105 efektu Sunken face podczas terapii lekami odchudzaj\u0105cymi. Sprawd\u017a, z czego to wynika i jakie dzia\u0142ania mog\u0105 zmniejszy\u0107 ryzyko zapadni\u0119cia rys\u00f3w twarzy.\",\"breadcrumb\":{\"@id\":\"https:\\\/\\\/wellclinic.pl\\\/sunken-face-a-wiek-dlaczego-starsi-reaguja-szybciej\\\/#breadcrumb\"},\"inLanguage\":\"de\",\"potentialAction\":[{\"@type\":\"ReadAction\",\"target\":[\"https:\\\/\\\/wellclinic.pl\\\/sunken-face-a-wiek-dlaczego-starsi-reaguja-szybciej\\\/\"]}]},{\"@type\":\"ImageObject\",\"inLanguage\":\"de\",\"@id\":\"https:\\\/\\\/wellclinic.pl\\\/sunken-face-a-wiek-dlaczego-starsi-reaguja-szybciej\\\/#primaryimage\",\"url\":\"https:\\\/\\\/wellclinic.pl\\\/wp-content\\\/uploads\\\/2025\\\/12\\\/sunken-face-a-wiek-pacjenta-dlaczego-starsi-szybciej-odczuwaja-efekty-zapadniecia-twarzy-na-lekach-odchudzajacych.jpg\",\"contentUrl\":\"https:\\\/\\\/wellclinic.pl\\\/wp-content\\\/uploads\\\/2025\\\/12\\\/sunken-face-a-wiek-pacjenta-dlaczego-starsi-szybciej-odczuwaja-efekty-zapadniecia-twarzy-na-lekach-odchudzajacych.jpg\",\"width\":944,\"height\":768,\"caption\":\"Sunken face a wiek pacjenta: dlaczego starsi szybciej odczuwaj\u0105 efekty zapadni\u0119cia twarzy na lekach odchudzaj\u0105cych\"},{\"@type\":\"BreadcrumbList\",\"@id\":\"https:\\\/\\\/wellclinic.pl\\\/sunken-face-a-wiek-dlaczego-starsi-reaguja-szybciej\\\/#breadcrumb\",\"itemListElement\":[{\"@type\":\"ListItem\",\"position\":1,\"name\":\"Strona g\u0142\u00f3wna\",\"item\":\"https:\\\/\\\/wellclinic.pl\\\/\"},{\"@type\":\"ListItem\",\"position\":2,\"name\":\"Sunken face a wiek pacjenta: dlaczego starsi szybciej odczuwaj\u0105 efekty zapadni\u0119cia twarzy na lekach odchudzaj\u0105cych\"}]},{\"@type\":\"WebSite\",\"@id\":\"https:\\\/\\\/wellclinic.pl\\\/#website\",\"url\":\"https:\\\/\\\/wellclinic.pl\\\/\",\"name\":\"Wellclinic Klinika Medycyny Estetycznej - Warszawa i Gda\u0144sk\",\"description\":\"Klinika Medycyny Estetycznej - Warszawa i Gda\u0144sk\",\"potentialAction\":[{\"@type\":\"SearchAction\",\"target\":{\"@type\":\"EntryPoint\",\"urlTemplate\":\"https:\\\/\\\/wellclinic.pl\\\/?s={search_term_string}\"},\"query-input\":{\"@type\":\"PropertyValueSpecification\",\"valueRequired\":true,\"valueName\":\"search_term_string\"}}],\"inLanguage\":\"de\"},{\"@type\":\"Person\",\"@id\":\"https:\\\/\\\/wellclinic.pl\\\/#\\\/schema\\\/person\\\/e404a9bfa016bae344b84b557c1742b1\",\"name\":\"Stanis\u0142aw Oleksiejuk\",\"url\":\"https:\\\/\\\/wellclinic.pl\\\/de\\\/author\\\/stanislaw\\\/\"}]}<\/script>\n<!-- \/ Yoast SEO Premium plugin. -->","yoast_head_json":{"title":"Sunken Face und Alter \u2013 warum reagieren \u00e4ltere Menschen schneller?","description":"\u00c4ltere Menschen erleben w\u00e4hrend einer Therapie mit Schlankheitsmitteln h\u00e4ufiger und schneller den Sunken-Face-Effekt. Erfahren Sie, woran das liegt und welche Ma\u00dfnahmen das Risiko einer Gesichtsverfallung verringern k\u00f6nnen.","robots":{"index":"index","follow":"follow","max-snippet":"max-snippet:-1","max-image-preview":"max-image-preview:large","max-video-preview":"max-video-preview:-1"},"canonical":"https:\/\/wellclinic.pl\/de\/sunken-face-und-alter-warum-reagieren-altere-menschen-schneller\/","og_locale":"de_DE","og_type":"article","og_title":"Sunken face a wiek pacjenta: dlaczego starsi szybciej odczuwaj\u0105 efekty zapadni\u0119cia twarzy na lekach odchudzaj\u0105cych","og_description":"Starsze osoby cz\u0119\u015bciej i szybciej do\u015bwiadczaj\u0105 efektu Sunken face podczas terapii lekami odchudzaj\u0105cymi. Sprawd\u017a, z czego to wynika i jakie dzia\u0142ania mog\u0105 zmniejszy\u0107 ryzyko zapadni\u0119cia rys\u00f3w twarzy.","og_url":"https:\/\/wellclinic.pl\/de\/sunken-face-und-alter-warum-reagieren-altere-menschen-schneller\/","og_site_name":"Wellclinic","article_published_time":"2025-12-03T10:44:54+00:00","article_modified_time":"2025-12-03T10:44:55+00:00","og_image":[{"width":944,"height":768,"url":"https:\/\/wellclinic.pl\/wp-content\/uploads\/2025\/12\/sunken-face-a-wiek-pacjenta-dlaczego-starsi-szybciej-odczuwaja-efekty-zapadniecia-twarzy-na-lekach-odchudzajacych.jpg","type":"image\/jpeg"}],"author":"Stanis\u0142aw Oleksiejuk","twitter_card":"summary_large_image","twitter_misc":{"Verfasst von":"Stanis\u0142aw Oleksiejuk","Gesch\u00e4tzte Lesezeit":"4\u00a0Minuten"},"schema":{"@context":"https:\/\/schema.org","@graph":[{"@type":"Article","@id":"https:\/\/wellclinic.pl\/sunken-face-a-wiek-dlaczego-starsi-reaguja-szybciej\/#article","isPartOf":{"@id":"https:\/\/wellclinic.pl\/sunken-face-a-wiek-dlaczego-starsi-reaguja-szybciej\/"},"author":{"name":"Stanis\u0142aw Oleksiejuk","@id":"https:\/\/wellclinic.pl\/#\/schema\/person\/e404a9bfa016bae344b84b557c1742b1"},"headline":"Sunken face a wiek pacjenta: dlaczego starsi szybciej odczuwaj\u0105 efekty zapadni\u0119cia twarzy na lekach odchudzaj\u0105cych","datePublished":"2025-12-03T10:44:54+00:00","dateModified":"2025-12-03T10:44:55+00:00","mainEntityOfPage":{"@id":"https:\/\/wellclinic.pl\/sunken-face-a-wiek-dlaczego-starsi-reaguja-szybciej\/"},"wordCount":781,"image":{"@id":"https:\/\/wellclinic.pl\/sunken-face-a-wiek-dlaczego-starsi-reaguja-szybciej\/#primaryimage"},"thumbnailUrl":"https:\/\/wellclinic.pl\/wp-content\/uploads\/2025\/12\/sunken-face-a-wiek-pacjenta-dlaczego-starsi-szybciej-odczuwaja-efekty-zapadniecia-twarzy-na-lekach-odchudzajacych.jpg","articleSection":["Zabieg na twarz"],"inLanguage":"de"},{"@type":"WebPage","@id":"https:\/\/wellclinic.pl\/sunken-face-a-wiek-dlaczego-starsi-reaguja-szybciej\/","url":"https:\/\/wellclinic.pl\/sunken-face-a-wiek-dlaczego-starsi-reaguja-szybciej\/","name":"Sunken Face und Alter \u2013 warum reagieren \u00e4ltere Menschen schneller?","isPartOf":{"@id":"https:\/\/wellclinic.pl\/#website"},"primaryImageOfPage":{"@id":"https:\/\/wellclinic.pl\/sunken-face-a-wiek-dlaczego-starsi-reaguja-szybciej\/#primaryimage"},"image":{"@id":"https:\/\/wellclinic.pl\/sunken-face-a-wiek-dlaczego-starsi-reaguja-szybciej\/#primaryimage"},"thumbnailUrl":"https:\/\/wellclinic.pl\/wp-content\/uploads\/2025\/12\/sunken-face-a-wiek-pacjenta-dlaczego-starsi-szybciej-odczuwaja-efekty-zapadniecia-twarzy-na-lekach-odchudzajacych.jpg","datePublished":"2025-12-03T10:44:54+00:00","dateModified":"2025-12-03T10:44:55+00:00","author":{"@id":"https:\/\/wellclinic.pl\/#\/schema\/person\/e404a9bfa016bae344b84b557c1742b1"},"description":"\u00c4ltere Menschen erleben w\u00e4hrend einer Therapie mit Schlankheitsmitteln h\u00e4ufiger und schneller den Sunken-Face-Effekt. Erfahren Sie, woran das liegt und welche Ma\u00dfnahmen das Risiko einer Gesichtsverfallung verringern k\u00f6nnen.","breadcrumb":{"@id":"https:\/\/wellclinic.pl\/sunken-face-a-wiek-dlaczego-starsi-reaguja-szybciej\/#breadcrumb"},"inLanguage":"de","potentialAction":[{"@type":"ReadAction","target":["https:\/\/wellclinic.pl\/sunken-face-a-wiek-dlaczego-starsi-reaguja-szybciej\/"]}]},{"@type":"ImageObject","inLanguage":"de","@id":"https:\/\/wellclinic.pl\/sunken-face-a-wiek-dlaczego-starsi-reaguja-szybciej\/#primaryimage","url":"https:\/\/wellclinic.pl\/wp-content\/uploads\/2025\/12\/sunken-face-a-wiek-pacjenta-dlaczego-starsi-szybciej-odczuwaja-efekty-zapadniecia-twarzy-na-lekach-odchudzajacych.jpg","contentUrl":"https:\/\/wellclinic.pl\/wp-content\/uploads\/2025\/12\/sunken-face-a-wiek-pacjenta-dlaczego-starsi-szybciej-odczuwaja-efekty-zapadniecia-twarzy-na-lekach-odchudzajacych.jpg","width":944,"height":768,"caption":"Sunken face a wiek pacjenta: dlaczego starsi szybciej odczuwaj\u0105 efekty zapadni\u0119cia twarzy na lekach odchudzaj\u0105cych"},{"@type":"BreadcrumbList","@id":"https:\/\/wellclinic.pl\/sunken-face-a-wiek-dlaczego-starsi-reaguja-szybciej\/#breadcrumb","itemListElement":[{"@type":"ListItem","position":1,"name":"Strona g\u0142\u00f3wna","item":"https:\/\/wellclinic.pl\/"},{"@type":"ListItem","position":2,"name":"Sunken face a wiek pacjenta: dlaczego starsi szybciej odczuwaj\u0105 efekty zapadni\u0119cia twarzy na lekach odchudzaj\u0105cych"}]},{"@type":"WebSite","@id":"https:\/\/wellclinic.pl\/#website","url":"https:\/\/wellclinic.pl\/","name":"Wellclinic Klinik f\u00fcr \u00e4sthetische Medizin-Warschau und Danzig","description":"Klinik f\u00fcr \u00e4sthetische Medizin-Warschau und Danzig","potentialAction":[{"@type":"SearchAction","target":{"@type":"EntryPoint","urlTemplate":"https:\/\/wellclinic.pl\/?s={search_term_string}"},"query-input":{"@type":"PropertyValueSpecification","valueRequired":true,"valueName":"search_term_string"}}],"inLanguage":"de"},{"@type":"Person","@id":"https:\/\/wellclinic.pl\/#\/schema\/person\/e404a9bfa016bae344b84b557c1742b1","name":"Stanislaw Oleksiejuk","url":"https:\/\/wellclinic.pl\/de\/author\/stanislaw\/"}]}},"_links":{"self":[{"href":"https:\/\/wellclinic.pl\/de\/wp-json\/wp\/v2\/posts\/47239","targetHints":{"allow":["GET"]}}],"collection":[{"href":"https:\/\/wellclinic.pl\/de\/wp-json\/wp\/v2\/posts"}],"about":[{"href":"https:\/\/wellclinic.pl\/de\/wp-json\/wp\/v2\/types\/post"}],"author":[{"embeddable":true,"href":"https:\/\/wellclinic.pl\/de\/wp-json\/wp\/v2\/users\/15"}],"replies":[{"embeddable":true,"href":"https:\/\/wellclinic.pl\/de\/wp-json\/wp\/v2\/comments?post=47239"}],"version-history":[{"count":1,"href":"https:\/\/wellclinic.pl\/de\/wp-json\/wp\/v2\/posts\/47239\/revisions"}],"predecessor-version":[{"id":47240,"href":"https:\/\/wellclinic.pl\/de\/wp-json\/wp\/v2\/posts\/47239\/revisions\/47240"}],"wp:featuredmedia":[{"embeddable":true,"href":"https:\/\/wellclinic.pl\/de\/wp-json\/wp\/v2\/media\/47225"}],"wp:attachment":[{"href":"https:\/\/wellclinic.pl\/de\/wp-json\/wp\/v2\/media?parent=47239"}],"wp:term":[{"taxonomy":"category","embeddable":true,"href":"https:\/\/wellclinic.pl\/de\/wp-json\/wp\/v2\/categories?post=47239"},{"taxonomy":"post_tag","embeddable":true,"href":"https:\/\/wellclinic.pl\/de\/wp-json\/wp\/v2\/tags?post=47239"}],"curies":[{"name":"wp","href":"https:\/\/api.w.org\/{rel}","templated":true}]}}