{"id":47245,"date":"2025-12-03T11:49:37","date_gmt":"2025-12-03T10:49:37","guid":{"rendered":"https:\/\/wellclinic.pl\/?p=47245"},"modified":"2025-12-03T11:49:38","modified_gmt":"2025-12-03T10:49:38","slug":"mounjaro-und-gesichtskontur-warum-fettabbau-altert","status":"publish","type":"post","link":"https:\/\/wellclinic.pl\/de\/mounjaro-a-kontur-twarzy-dlaczego-zanik-tluszczu-postarza\/","title":{"rendered":"Mounjaro und die Gesichtskontur: Warum der Fettabbau die Wahrnehmung des Alters des Patienten beeinflusst"},"content":{"rendered":"<p>Die Aufnahme einer Therapie mit modernen Medikamenten wie Mounjaro ist ein wichtiger Schritt in Richtung Gesundheit. Es zeugt von Ihrer Entschlossenheit und Ihrer Sorge um <strong>Lebensqualit\u00e4t<\/strong>. Wenn das Gewicht sinkt, ist die Freude \u00fcber die neue Figur riesig. Leider kann dieser dynamische Prozess zu unerwarteten <strong>optische Gesichtsalterung<\/strong>. M\u00f6chten Sie verstehen, warum Ihre Haut pl\u00f6tzlich ihren jugendlichen Glanz verloren hat, anstatt zu strahlen, und <strong>Gesichtskontur nach dem Abnehmen<\/strong> ist weniger klar definiert?<\/p>\n\n\n\n<p>Unser <strong>Medizinisches Team<\/strong> versteht diese Herausforderung. Wir sind der Meinung, dass das Erreichen eines gesunden Gewichts mit der Erhaltung einhergehen sollte. <strong>\u00e4sthetisches Gleichgewicht<\/strong> Deiner Gesichtsz\u00fcge. Im Folgenden erf\u00e4hrst du, wie die Beziehung zwischen <strong>Mounjaro und die Gesichtskontur und warum der Fettabbau die Wahrnehmung des Alters des Patienten beeinflusst.<\/strong><\/p>\n\n\n\n<h2 class=\"wp-block-heading\"><strong>Wie wirkt sich Mounjaro auf die Gesichtskontur aus?<\/strong><\/h2>\n\n\n\n<p>\u00c4hnlich wie andere Therapien, die zu <strong>Fettabbau<\/strong>, <strong>Mounjaro und das Aussehen des Gesichts<\/strong> sind mechanisch und nicht chemisch miteinander verbunden. <strong>Mounjaro<\/strong> (Tirzepatid) ist ein starker Agonist, der sehr <strong>intensiv<\/strong> unterst\u00fctzt <strong>Verlust von Fettgewebe im Gesicht<\/strong> und K\u00f6rper.<\/p>\n\n\n\n<ul class=\"wp-block-list\">\n<li><strong>Verlust von Fettgewebe im Gesicht<\/strong> ist von entscheidender Bedeutung, da es gerade das Unterhautfettgewebe ist, das nat\u00fcrliche \u201ePolster\u201d bildet, die die Haut st\u00fctzen.<\/li>\n\n\n\n<li>Wenn das Fett zu schnell verschwindet <strong>schnell<\/strong>, die Haut wird \u00fcberm\u00e4\u00dfig schlaff, was zu <strong>Konturver\u00e4nderungen nach der Mounjaro-Therapie<\/strong>.<\/li>\n<\/ul>\n\n\n\n<h2 class=\"wp-block-heading\"><strong>Warum nimmt das Volumen ab? Volumenreduktion der Wangen<\/strong><\/h2>\n\n\n\n<p><strong>Warum nimmt das Volumen ab?<\/strong> Nat\u00fcrliche Alterungsprozesse, die bei normalem Tempo zu einer langsamen <strong>Gewebeschwund<\/strong>, werden durch die heftige <strong>Reduzierung des Wangenvolumens<\/strong> und Schl\u00e4fen. Infolgedessen verliert man die St\u00fctze f\u00fcr den mittleren Teil des Gesichts, was sich auf das gesamte <strong>Gesichtsprofil<\/strong>.<\/p>\n\n\n\n<p><em>\u201ePatienten beschreiben dieses Ph\u00e4nomen oft als 'm\u00fcdes Gesicht\u2019. Es ist das Ergebnis von <\/em><strong><em>Verlust von Fettgewebe im Gesicht<\/em><\/strong><em>, der st\u00f6rt <\/em><strong><em>\u00e4sthetische Balance<\/em><\/strong><em>. Unsere Aufgabe ist es, diese verlorene Harmonie wiederherzustellen, indem wir uns auf Folgendes konzentrieren <\/em><strong><em>nat\u00fcrliche Regeneration<\/em><\/strong><em>\"<\/em> \u2013 sagt der Arzt f\u00fcr \u00e4sthetische Medizin der Medizinischen Klinik Wellclinic.<\/p>\n\n\n\n<h2 class=\"wp-block-heading\"><strong>Wie wirkt sich eine Ver\u00e4nderung der Kontur auf das visuelle Alter aus?<\/strong><\/h2>\n\n\n\n<p><strong>Wie wirkt sich eine Ver\u00e4nderung der Kontur auf das visuelle Alter aus?<\/strong> Der wichtigste Faktor, der beeinflusst, wie Sie wahrgenommen werden, ist der Verlust an Volumen, der zu <strong>Verlust der Harmonie der Gesichtsz\u00fcge<\/strong>. Wenn die nat\u00fcrlichen Erhebungen verschwinden, entstehen Schatten und Vertiefungen.<\/p>\n\n\n\n<ul class=\"wp-block-list\">\n<li><strong>Reduzierung des Wangenvolumens<\/strong> macht Nasolabialfalten und H\u00e4ngeb\u00e4ckchen deutlicher sichtbar <a href=\"https:\/\/wellclinic.pl\/de\/emface\/\">Unterkieferlinie<\/a>.<\/li>\n\n\n\n<li>Es erscheint <strong>optische Alterung des Gesichts<\/strong>, weil es an flie\u00dfenden \u00dcberg\u00e4ngen mangelt, die f\u00fcr junge Menschen charakteristisch sind. <strong>Gesichtsprofil<\/strong>.<\/li>\n<\/ul>\n\n\n\n<p>St\u00f6rung davon <strong>\u00e4sthetisches Gleichgewicht<\/strong> sorgt daf\u00fcr, dass selbst nach einer allgemeinen <strong>Fettabbau<\/strong>, kann Ihr Gesicht \u00e4lter aussehen, als Sie sich f\u00fchlen.<\/p>\n\n\n\n<h2 class=\"wp-block-heading\"><strong>Unterst\u00fctzung f\u00fcr die Gesichtskontur und die Harmonie der Gesichtsz\u00fcge<\/strong><\/h2>\n\n\n\n<p>Um dem entgegenzuwirken <strong>Ver\u00e4nderungen der Kontur nach der Mounjaro-Therapie<\/strong>, Die \u00e4sthetische Medizin bietet\u00a0 <a href=\"https:\/\/wellclinic.pl\/de\/angebot\/gesichtsbehandlungen\/\" target=\"_blank\" rel=\"noreferrer noopener\">Gesichtsbehandlungen<\/a> zielend auf <strong>Volumenregeneration<\/strong> i <strong>straffend<\/strong>. <strong>Wellclinic<\/strong> verwendet <strong>zertifiziert<\/strong> und innovative Technologien, deren Aufgabe es ist, <strong>Umbau von Kollagen<\/strong> in der Haut.<\/p>\n\n\n\n<p>Protokoll <a href=\"https:\/\/wellclinic.pl\/de\/quantengesicht\/\" target=\"_blank\" rel=\"noreferrer noopener\"><strong>Quantengesicht<\/strong><\/a> (basierend auf einer Laserplattform, z. B. <strong>Fotona DYNAMIS SP<\/strong>) ist eine der L\u00f6sungen, deren Ziel es ist:<\/p>\n\n\n\n<ul class=\"wp-block-list\">\n<li><strong>Nicht-invasive Stimulation<\/strong> \u2013 Initiierung der Produktion <strong>Kollagen und Elastin<\/strong> in den tiefen Schichten der Haut.<\/li>\n\n\n\n<li><strong>Unterst\u00fctzung der Festigkeit<\/strong> \u2013 Hilfe bei <strong>Wiederherstellung der Spannung<\/strong> i <strong>Volumenwiederherstellung<\/strong> in sensiblen Bereichen.<\/li>\n<\/ul>\n\n\n\n<p>Die Lasertherapie wird durch klinische Studien und Zertifikate unterst\u00fctzt, was Folgendes gew\u00e4hrleistet <strong>Pr\u00e4zision und Sicherheit<\/strong> Aktionen.<\/p>\n\n\n\n<h2 class=\"wp-block-heading\"><strong>Transformation unter der Aufsicht vertrauensw\u00fcrdiger Spezialisten<\/strong><\/h2>\n\n\n\n<p>Lassen Sie sich den Erfolg, den Sie dank <strong>Gewichtsreduktion<\/strong> einen Schatten auf dein Gesicht warf. Wir wissen, dass <strong>Sie m\u00f6chten sich sicher f\u00fchlen<\/strong> in jedem Aspekt ihrer Transformation. Unser <strong>Medizinisches Team<\/strong> ist ein Partner, der fundiertes Fachwissen mit <strong>zertifiziert<\/strong> Protokollen, damit Ihre Haut genauso bleibt <strong>dynamisch<\/strong> und straff wie Ihr neuer K\u00f6rper. Wir sind hier, um Ihnen <strong>Sicherheit<\/strong> i <strong>Effizienz<\/strong> auf dieser Stufe <strong>\u00c4nderungen<\/strong>.<\/p>\n\n\n\n<p>\u00dcberlassen Sie Ihre Haut nicht sich selbst im Kampf gegen die Schwerkraft. <strong>Warten Sie nicht, bis die Hauterschlaffung zu einem schwer zu korrigierenden Problem wird.<\/strong><\/p>\n\n\n\n<p><strong>Kontaktieren Sie noch heute unser Wellteam<\/strong>, um einen Termin zu vereinbaren <strong>medizinische Beratung<\/strong>, den Zustand Ihrer Haut genau beurteilen und gemeinsam planen <strong>Geweberegeneration<\/strong>.<\/p>\n\n\n\n<p><a href=\"https:\/\/wellclinic.pl\/de\/\" target=\"_blank\" rel=\"noreferrer noopener\"><strong>Wellclinic Medizinische Klinik<\/strong><\/a><strong> \u2013 wo gesunder Lebensstil auf bewusste \u00c4sthetik trifft.<\/strong><\/p>","protected":false},"excerpt":{"rendered":"<p>Podj\u0119cie terapii za pomoc\u0105 nowoczesnych lek\u00f3w, takich jak Mounjaro, to pot\u0119\u017cny krok w kierunku zdrowia. \u015awiadczy to o Twojej determinacji i trosce o jako\u015b\u0107 \u017cycia. Kiedy waga spada, rado\u015b\u0107 z nowej sylwetki jest ogromna. Niestety, ten dynamiczny proces mo\u017ce prowadzi\u0107 do nieoczekiwanego optycznego postarzenia twarzy. Chcesz zrozumie\u0107, dlaczego Twoja cera, zamiast promienie\u0107, nagle straci\u0142a m\u0142odzie\u0144czy [&hellip;]<\/p>\n","protected":false},"author":15,"featured_media":47221,"comment_status":"closed","ping_status":"closed","sticky":false,"template":"","format":"standard","meta":{"_acf_changed":false,"footnotes":""},"categories":[79],"tags":[],"class_list":["post-47245","post","type-post","status-publish","format-standard","has-post-thumbnail","hentry","category-zabieg-na-twarz"],"acf":[],"yoast_head":"<!-- This site is optimized with the Yoast SEO Premium plugin v21.1 (Yoast SEO v27.4) - https:\/\/yoast.com\/product\/yoast-seo-premium-wordpress\/ -->\n<title>Mounjaro a kontur twarzy \u2013 czemu zmienia si\u0119 wygl\u0105d?<\/title>\n<meta name=\"description\" content=\"Stosowanie Mounjaro mo\u017ce prowadzi\u0107 do zaniku t\u0142uszczu w obr\u0119bie twarzy, co wp\u0142ywa na jej kontur i spos\u00f3b postrzegania wieku pacjenta. Sprawd\u017a, dlaczego tak si\u0119 dzieje i jakie dzia\u0142ania mog\u0105 pom\u00f3c zachowa\u0107 m\u0142odszy wygl\u0105d.\" \/>\n<meta name=\"robots\" content=\"index, follow, max-snippet:-1, max-image-preview:large, max-video-preview:-1\" \/>\n<link rel=\"canonical\" href=\"https:\/\/wellclinic.pl\/de\/mounjaro-und-gesichtskontur-warum-fettabbau-altert\/\" \/>\n<meta property=\"og:locale\" content=\"de_DE\" \/>\n<meta property=\"og:type\" content=\"article\" \/>\n<meta property=\"og:title\" content=\"Mounjaro a kontur twarzy: dlaczego zanik t\u0142uszczu wp\u0142ywa na postrzeganie wieku pacjenta\" \/>\n<meta property=\"og:description\" content=\"Stosowanie Mounjaro mo\u017ce prowadzi\u0107 do zaniku t\u0142uszczu w obr\u0119bie twarzy, co wp\u0142ywa na jej kontur i spos\u00f3b postrzegania wieku pacjenta. Sprawd\u017a, dlaczego tak si\u0119 dzieje i jakie dzia\u0142ania mog\u0105 pom\u00f3c zachowa\u0107 m\u0142odszy wygl\u0105d.\" \/>\n<meta property=\"og:url\" content=\"https:\/\/wellclinic.pl\/de\/mounjaro-und-gesichtskontur-warum-fettabbau-altert\/\" \/>\n<meta property=\"og:site_name\" content=\"Wellclinic\" \/>\n<meta property=\"article:published_time\" content=\"2025-12-03T10:49:37+00:00\" \/>\n<meta property=\"article:modified_time\" content=\"2025-12-03T10:49:38+00:00\" \/>\n<meta property=\"og:image\" content=\"https:\/\/wellclinic.pl\/wp-content\/uploads\/2025\/12\/mounjaro-a-kontur-twarzy-dlaczego-zanik-tluszczu-wplywa-na-postrzeganie-wieku-pacjenta.jpg\" \/>\n\t<meta property=\"og:image:width\" content=\"944\" \/>\n\t<meta property=\"og:image:height\" content=\"768\" \/>\n\t<meta property=\"og:image:type\" content=\"image\/jpeg\" \/>\n<meta name=\"author\" content=\"Stanis\u0142aw Oleksiejuk\" \/>\n<meta name=\"twitter:card\" content=\"summary_large_image\" \/>\n<meta name=\"twitter:label1\" content=\"Verfasst von\" \/>\n\t<meta name=\"twitter:data1\" content=\"Stanis\u0142aw Oleksiejuk\" \/>\n\t<meta name=\"twitter:label2\" content=\"Gesch\u00e4tzte Lesezeit\" \/>\n\t<meta name=\"twitter:data2\" content=\"4\u00a0Minuten\" \/>\n<script type=\"application\/ld+json\" class=\"yoast-schema-graph\">{\"@context\":\"https:\\\/\\\/schema.org\",\"@graph\":[{\"@type\":\"Article\",\"@id\":\"https:\\\/\\\/wellclinic.pl\\\/mounjaro-a-kontur-twarzy-dlaczego-zanik-tluszczu-postarza\\\/#article\",\"isPartOf\":{\"@id\":\"https:\\\/\\\/wellclinic.pl\\\/mounjaro-a-kontur-twarzy-dlaczego-zanik-tluszczu-postarza\\\/\"},\"author\":{\"name\":\"Stanis\u0142aw Oleksiejuk\",\"@id\":\"https:\\\/\\\/wellclinic.pl\\\/#\\\/schema\\\/person\\\/e404a9bfa016bae344b84b557c1742b1\"},\"headline\":\"Mounjaro a kontur twarzy: dlaczego zanik t\u0142uszczu wp\u0142ywa na postrzeganie wieku pacjenta\",\"datePublished\":\"2025-12-03T10:49:37+00:00\",\"dateModified\":\"2025-12-03T10:49:38+00:00\",\"mainEntityOfPage\":{\"@id\":\"https:\\\/\\\/wellclinic.pl\\\/mounjaro-a-kontur-twarzy-dlaczego-zanik-tluszczu-postarza\\\/\"},\"wordCount\":714,\"image\":{\"@id\":\"https:\\\/\\\/wellclinic.pl\\\/mounjaro-a-kontur-twarzy-dlaczego-zanik-tluszczu-postarza\\\/#primaryimage\"},\"thumbnailUrl\":\"https:\\\/\\\/wellclinic.pl\\\/wp-content\\\/uploads\\\/2025\\\/12\\\/mounjaro-a-kontur-twarzy-dlaczego-zanik-tluszczu-wplywa-na-postrzeganie-wieku-pacjenta.jpg\",\"articleSection\":[\"Zabieg na twarz\"],\"inLanguage\":\"de\"},{\"@type\":\"WebPage\",\"@id\":\"https:\\\/\\\/wellclinic.pl\\\/mounjaro-a-kontur-twarzy-dlaczego-zanik-tluszczu-postarza\\\/\",\"url\":\"https:\\\/\\\/wellclinic.pl\\\/mounjaro-a-kontur-twarzy-dlaczego-zanik-tluszczu-postarza\\\/\",\"name\":\"Mounjaro a kontur twarzy \u2013 czemu zmienia si\u0119 wygl\u0105d?\",\"isPartOf\":{\"@id\":\"https:\\\/\\\/wellclinic.pl\\\/#website\"},\"primaryImageOfPage\":{\"@id\":\"https:\\\/\\\/wellclinic.pl\\\/mounjaro-a-kontur-twarzy-dlaczego-zanik-tluszczu-postarza\\\/#primaryimage\"},\"image\":{\"@id\":\"https:\\\/\\\/wellclinic.pl\\\/mounjaro-a-kontur-twarzy-dlaczego-zanik-tluszczu-postarza\\\/#primaryimage\"},\"thumbnailUrl\":\"https:\\\/\\\/wellclinic.pl\\\/wp-content\\\/uploads\\\/2025\\\/12\\\/mounjaro-a-kontur-twarzy-dlaczego-zanik-tluszczu-wplywa-na-postrzeganie-wieku-pacjenta.jpg\",\"datePublished\":\"2025-12-03T10:49:37+00:00\",\"dateModified\":\"2025-12-03T10:49:38+00:00\",\"author\":{\"@id\":\"https:\\\/\\\/wellclinic.pl\\\/#\\\/schema\\\/person\\\/e404a9bfa016bae344b84b557c1742b1\"},\"description\":\"Stosowanie Mounjaro mo\u017ce prowadzi\u0107 do zaniku t\u0142uszczu w obr\u0119bie twarzy, co wp\u0142ywa na jej kontur i spos\u00f3b postrzegania wieku pacjenta. Sprawd\u017a, dlaczego tak si\u0119 dzieje i jakie dzia\u0142ania mog\u0105 pom\u00f3c zachowa\u0107 m\u0142odszy wygl\u0105d.\",\"breadcrumb\":{\"@id\":\"https:\\\/\\\/wellclinic.pl\\\/mounjaro-a-kontur-twarzy-dlaczego-zanik-tluszczu-postarza\\\/#breadcrumb\"},\"inLanguage\":\"de\",\"potentialAction\":[{\"@type\":\"ReadAction\",\"target\":[\"https:\\\/\\\/wellclinic.pl\\\/mounjaro-a-kontur-twarzy-dlaczego-zanik-tluszczu-postarza\\\/\"]}]},{\"@type\":\"ImageObject\",\"inLanguage\":\"de\",\"@id\":\"https:\\\/\\\/wellclinic.pl\\\/mounjaro-a-kontur-twarzy-dlaczego-zanik-tluszczu-postarza\\\/#primaryimage\",\"url\":\"https:\\\/\\\/wellclinic.pl\\\/wp-content\\\/uploads\\\/2025\\\/12\\\/mounjaro-a-kontur-twarzy-dlaczego-zanik-tluszczu-wplywa-na-postrzeganie-wieku-pacjenta.jpg\",\"contentUrl\":\"https:\\\/\\\/wellclinic.pl\\\/wp-content\\\/uploads\\\/2025\\\/12\\\/mounjaro-a-kontur-twarzy-dlaczego-zanik-tluszczu-wplywa-na-postrzeganie-wieku-pacjenta.jpg\",\"width\":944,\"height\":768,\"caption\":\"Mounjaro a kontur twarzy: dlaczego zanik t\u0142uszczu wp\u0142ywa na postrzeganie wieku pacjenta\"},{\"@type\":\"BreadcrumbList\",\"@id\":\"https:\\\/\\\/wellclinic.pl\\\/mounjaro-a-kontur-twarzy-dlaczego-zanik-tluszczu-postarza\\\/#breadcrumb\",\"itemListElement\":[{\"@type\":\"ListItem\",\"position\":1,\"name\":\"Strona g\u0142\u00f3wna\",\"item\":\"https:\\\/\\\/wellclinic.pl\\\/\"},{\"@type\":\"ListItem\",\"position\":2,\"name\":\"Mounjaro a kontur twarzy: dlaczego zanik t\u0142uszczu wp\u0142ywa na postrzeganie wieku pacjenta\"}]},{\"@type\":\"WebSite\",\"@id\":\"https:\\\/\\\/wellclinic.pl\\\/#website\",\"url\":\"https:\\\/\\\/wellclinic.pl\\\/\",\"name\":\"Wellclinic Klinika Medycyny Estetycznej - Warszawa i Gda\u0144sk\",\"description\":\"Klinika Medycyny Estetycznej - Warszawa i Gda\u0144sk\",\"potentialAction\":[{\"@type\":\"SearchAction\",\"target\":{\"@type\":\"EntryPoint\",\"urlTemplate\":\"https:\\\/\\\/wellclinic.pl\\\/?s={search_term_string}\"},\"query-input\":{\"@type\":\"PropertyValueSpecification\",\"valueRequired\":true,\"valueName\":\"search_term_string\"}}],\"inLanguage\":\"de\"},{\"@type\":\"Person\",\"@id\":\"https:\\\/\\\/wellclinic.pl\\\/#\\\/schema\\\/person\\\/e404a9bfa016bae344b84b557c1742b1\",\"name\":\"Stanis\u0142aw Oleksiejuk\",\"url\":\"https:\\\/\\\/wellclinic.pl\\\/de\\\/author\\\/stanislaw\\\/\"}]}<\/script>\n<!-- \/ Yoast SEO Premium plugin. -->","yoast_head_json":{"title":"Mounjaro und die Gesichtskontur \u2013 warum ver\u00e4ndert sich das Aussehen?","description":"Die Anwendung von Mounjaro kann zu einem Fettabbau im Gesicht f\u00fchren, was sich auf die Gesichtskonturen und die Wahrnehmung des Alters des Patienten auswirkt. Erfahren Sie, warum dies geschieht und welche Ma\u00dfnahmen helfen k\u00f6nnen, ein j\u00fcngeres Aussehen zu bewahren.","robots":{"index":"index","follow":"follow","max-snippet":"max-snippet:-1","max-image-preview":"max-image-preview:large","max-video-preview":"max-video-preview:-1"},"canonical":"https:\/\/wellclinic.pl\/de\/mounjaro-und-gesichtskontur-warum-fettabbau-altert\/","og_locale":"de_DE","og_type":"article","og_title":"Mounjaro a kontur twarzy: dlaczego zanik t\u0142uszczu wp\u0142ywa na postrzeganie wieku pacjenta","og_description":"Stosowanie Mounjaro mo\u017ce prowadzi\u0107 do zaniku t\u0142uszczu w obr\u0119bie twarzy, co wp\u0142ywa na jej kontur i spos\u00f3b postrzegania wieku pacjenta. Sprawd\u017a, dlaczego tak si\u0119 dzieje i jakie dzia\u0142ania mog\u0105 pom\u00f3c zachowa\u0107 m\u0142odszy wygl\u0105d.","og_url":"https:\/\/wellclinic.pl\/de\/mounjaro-und-gesichtskontur-warum-fettabbau-altert\/","og_site_name":"Wellclinic","article_published_time":"2025-12-03T10:49:37+00:00","article_modified_time":"2025-12-03T10:49:38+00:00","og_image":[{"width":944,"height":768,"url":"https:\/\/wellclinic.pl\/wp-content\/uploads\/2025\/12\/mounjaro-a-kontur-twarzy-dlaczego-zanik-tluszczu-wplywa-na-postrzeganie-wieku-pacjenta.jpg","type":"image\/jpeg"}],"author":"Stanis\u0142aw Oleksiejuk","twitter_card":"summary_large_image","twitter_misc":{"Verfasst von":"Stanis\u0142aw Oleksiejuk","Gesch\u00e4tzte Lesezeit":"4\u00a0Minuten"},"schema":{"@context":"https:\/\/schema.org","@graph":[{"@type":"Article","@id":"https:\/\/wellclinic.pl\/mounjaro-a-kontur-twarzy-dlaczego-zanik-tluszczu-postarza\/#article","isPartOf":{"@id":"https:\/\/wellclinic.pl\/mounjaro-a-kontur-twarzy-dlaczego-zanik-tluszczu-postarza\/"},"author":{"name":"Stanis\u0142aw Oleksiejuk","@id":"https:\/\/wellclinic.pl\/#\/schema\/person\/e404a9bfa016bae344b84b557c1742b1"},"headline":"Mounjaro a kontur twarzy: dlaczego zanik t\u0142uszczu wp\u0142ywa na postrzeganie wieku pacjenta","datePublished":"2025-12-03T10:49:37+00:00","dateModified":"2025-12-03T10:49:38+00:00","mainEntityOfPage":{"@id":"https:\/\/wellclinic.pl\/mounjaro-a-kontur-twarzy-dlaczego-zanik-tluszczu-postarza\/"},"wordCount":714,"image":{"@id":"https:\/\/wellclinic.pl\/mounjaro-a-kontur-twarzy-dlaczego-zanik-tluszczu-postarza\/#primaryimage"},"thumbnailUrl":"https:\/\/wellclinic.pl\/wp-content\/uploads\/2025\/12\/mounjaro-a-kontur-twarzy-dlaczego-zanik-tluszczu-wplywa-na-postrzeganie-wieku-pacjenta.jpg","articleSection":["Zabieg na twarz"],"inLanguage":"de"},{"@type":"WebPage","@id":"https:\/\/wellclinic.pl\/mounjaro-a-kontur-twarzy-dlaczego-zanik-tluszczu-postarza\/","url":"https:\/\/wellclinic.pl\/mounjaro-a-kontur-twarzy-dlaczego-zanik-tluszczu-postarza\/","name":"Mounjaro und die Gesichtskontur \u2013 warum ver\u00e4ndert sich das Aussehen?","isPartOf":{"@id":"https:\/\/wellclinic.pl\/#website"},"primaryImageOfPage":{"@id":"https:\/\/wellclinic.pl\/mounjaro-a-kontur-twarzy-dlaczego-zanik-tluszczu-postarza\/#primaryimage"},"image":{"@id":"https:\/\/wellclinic.pl\/mounjaro-a-kontur-twarzy-dlaczego-zanik-tluszczu-postarza\/#primaryimage"},"thumbnailUrl":"https:\/\/wellclinic.pl\/wp-content\/uploads\/2025\/12\/mounjaro-a-kontur-twarzy-dlaczego-zanik-tluszczu-wplywa-na-postrzeganie-wieku-pacjenta.jpg","datePublished":"2025-12-03T10:49:37+00:00","dateModified":"2025-12-03T10:49:38+00:00","author":{"@id":"https:\/\/wellclinic.pl\/#\/schema\/person\/e404a9bfa016bae344b84b557c1742b1"},"description":"Die Anwendung von Mounjaro kann zu einem Fettabbau im Gesicht f\u00fchren, was sich auf die Gesichtskonturen und die Wahrnehmung des Alters des Patienten auswirkt. Erfahren Sie, warum dies geschieht und welche Ma\u00dfnahmen helfen k\u00f6nnen, ein j\u00fcngeres Aussehen zu bewahren.","breadcrumb":{"@id":"https:\/\/wellclinic.pl\/mounjaro-a-kontur-twarzy-dlaczego-zanik-tluszczu-postarza\/#breadcrumb"},"inLanguage":"de","potentialAction":[{"@type":"ReadAction","target":["https:\/\/wellclinic.pl\/mounjaro-a-kontur-twarzy-dlaczego-zanik-tluszczu-postarza\/"]}]},{"@type":"ImageObject","inLanguage":"de","@id":"https:\/\/wellclinic.pl\/mounjaro-a-kontur-twarzy-dlaczego-zanik-tluszczu-postarza\/#primaryimage","url":"https:\/\/wellclinic.pl\/wp-content\/uploads\/2025\/12\/mounjaro-a-kontur-twarzy-dlaczego-zanik-tluszczu-wplywa-na-postrzeganie-wieku-pacjenta.jpg","contentUrl":"https:\/\/wellclinic.pl\/wp-content\/uploads\/2025\/12\/mounjaro-a-kontur-twarzy-dlaczego-zanik-tluszczu-wplywa-na-postrzeganie-wieku-pacjenta.jpg","width":944,"height":768,"caption":"Mounjaro a kontur twarzy: dlaczego zanik t\u0142uszczu wp\u0142ywa na postrzeganie wieku pacjenta"},{"@type":"BreadcrumbList","@id":"https:\/\/wellclinic.pl\/mounjaro-a-kontur-twarzy-dlaczego-zanik-tluszczu-postarza\/#breadcrumb","itemListElement":[{"@type":"ListItem","position":1,"name":"Strona g\u0142\u00f3wna","item":"https:\/\/wellclinic.pl\/"},{"@type":"ListItem","position":2,"name":"Mounjaro a kontur twarzy: dlaczego zanik t\u0142uszczu wp\u0142ywa na postrzeganie wieku pacjenta"}]},{"@type":"WebSite","@id":"https:\/\/wellclinic.pl\/#website","url":"https:\/\/wellclinic.pl\/","name":"Wellclinic Klinik f\u00fcr \u00e4sthetische Medizin-Warschau und Danzig","description":"Klinik f\u00fcr \u00e4sthetische Medizin-Warschau und Danzig","potentialAction":[{"@type":"SearchAction","target":{"@type":"EntryPoint","urlTemplate":"https:\/\/wellclinic.pl\/?s={search_term_string}"},"query-input":{"@type":"PropertyValueSpecification","valueRequired":true,"valueName":"search_term_string"}}],"inLanguage":"de"},{"@type":"Person","@id":"https:\/\/wellclinic.pl\/#\/schema\/person\/e404a9bfa016bae344b84b557c1742b1","name":"Stanislaw Oleksiejuk","url":"https:\/\/wellclinic.pl\/de\/author\/stanislaw\/"}]}},"_links":{"self":[{"href":"https:\/\/wellclinic.pl\/de\/wp-json\/wp\/v2\/posts\/47245","targetHints":{"allow":["GET"]}}],"collection":[{"href":"https:\/\/wellclinic.pl\/de\/wp-json\/wp\/v2\/posts"}],"about":[{"href":"https:\/\/wellclinic.pl\/de\/wp-json\/wp\/v2\/types\/post"}],"author":[{"embeddable":true,"href":"https:\/\/wellclinic.pl\/de\/wp-json\/wp\/v2\/users\/15"}],"replies":[{"embeddable":true,"href":"https:\/\/wellclinic.pl\/de\/wp-json\/wp\/v2\/comments?post=47245"}],"version-history":[{"count":1,"href":"https:\/\/wellclinic.pl\/de\/wp-json\/wp\/v2\/posts\/47245\/revisions"}],"predecessor-version":[{"id":47246,"href":"https:\/\/wellclinic.pl\/de\/wp-json\/wp\/v2\/posts\/47245\/revisions\/47246"}],"wp:featuredmedia":[{"embeddable":true,"href":"https:\/\/wellclinic.pl\/de\/wp-json\/wp\/v2\/media\/47221"}],"wp:attachment":[{"href":"https:\/\/wellclinic.pl\/de\/wp-json\/wp\/v2\/media?parent=47245"}],"wp:term":[{"taxonomy":"category","embeddable":true,"href":"https:\/\/wellclinic.pl\/de\/wp-json\/wp\/v2\/categories?post=47245"},{"taxonomy":"post_tag","embeddable":true,"href":"https:\/\/wellclinic.pl\/de\/wp-json\/wp\/v2\/tags?post=47245"}],"curies":[{"name":"wp","href":"https:\/\/api.w.org\/{rel}","templated":true}]}}