{"id":47679,"date":"2026-08-17T13:48:00","date_gmt":"2026-08-17T11:48:00","guid":{"rendered":"https:\/\/wellclinic.pl\/?p=47679"},"modified":"2026-09-02T17:14:31","modified_gmt":"2026-09-02T15:14:31","slug":"laser-photona-eine-revolution-in-der-asthetischen-medizin","status":"publish","type":"post","link":"https:\/\/wellclinic.pl\/de\/laser-fotona-rewolucja-w-medycynie-estetycznej\/","title":{"rendered":"Fotona-Laser \u2013 eine Revolution in der \u00e4sthetischen Medizin f\u00fcr ein j\u00fcngeres Aussehen ohne Skalpell"},"content":{"rendered":"<p class=\"wp-block-paragraph\"><strong>Laser nie jest magicznym przyciskiem \u201em\u0142odsza sk\u00f3ra\u201d<\/strong>. \u0179le dobrana d\u0142ugo\u015b\u0107 fali, parametry lub spos\u00f3b wykorzystania energii mog\u0105 sprawi\u0107, \u017ce zabieg nie odpowie na rzeczywisty problem sk\u00f3ry. Dlatego przy wyborze terapii nie wystarczy wiedzie\u0107, \u017ce wykorzystywany jest laser. Znaczenie ma to, jak\u0105 energi\u0119 zastosowano, na jak\u0105 g\u0142\u0119boko\u015b\u0107 oddzia\u0142uje i jaki efekt ma zosta\u0107 osi\u0105gni\u0119ty.<\/p>\n\n\n\n<p class=\"wp-block-paragraph\">W zale\u017cno\u015bci od zastosowanej procedury <strong>Fotona-Laser<\/strong> mo\u017ce by\u0107 wykorzystywany mi\u0119dzy innymi do poprawy jako\u015bci i napi\u0119cia sk\u00f3ry, redukcji widoczno\u015bci zmarszczek oraz wyr\u00f3wnania jej struktury. Nie oznacza to jednak, \u017ce ka\u017cda procedura b\u0119dzie odpowiednia dla ka\u017cdej osoby. Ostateczny efekt zale\u017cy od rodzaju zabiegu, zastosowanych parametr\u00f3w oraz indywidualnego stanu sk\u00f3ry.<\/p>\n\n\n\n<h2 class=\"wp-block-heading\">Was ist ein Fotona-Laser?<\/h2>\n\n\n\n<p class=\"wp-block-paragraph\"><strong>Fotona<\/strong> to platforma laserowa wykorzystuj\u0105ca r\u00f3\u017cne d\u0142ugo\u015bci fali, mi\u0119dzy innymi <strong>Er:YAG<\/strong> und <strong>Nd:YAG<\/strong>. Zastosowanie obu rodzaj\u00f3w lasera umo\u017cliwia dob\u00f3r parametr\u00f3w zabiegu do okre\u015blonego obszaru i celu terapii.<\/p>\n\n\n\n<p class=\"wp-block-paragraph\"><a href=\"https:\/\/wellclinic.pl\/de\/enzyklopadie\/eryag-laser\/\"><strong>Er:YAG-Laser<\/strong><\/a> dzia\u0142a przede wszystkim na powierzchniowe warstwy sk\u00f3ry, natomiast <a href=\"https:\/\/wellclinic.pl\/de\/enzyklopadie\/ndyag-laser\/\"><strong>Nd:YAG-Laser<\/strong><\/a> umo\u017cliwia oddzia\u0142ywanie na g\u0142\u0119biej po\u0142o\u017cone tkanki.<\/p>\n\n\n\n<p class=\"wp-block-paragraph\"><strong><a href=\"https:\/\/wellclinic.pl\/de\/enzyklopadie\/photona-4d-3\/\">Fotona Dynamis SP<\/a><\/strong> jest platform\u0105 wykorzystywan\u0105 w r\u00f3\u017cnych procedurach medycznych. Urz\u0105dzenie posiada certyfikacj\u0119 <strong>FDA <\/strong>dla okre\u015blonych zastosowa\u0144, jednak sam fakt posiadania certyfikacji nie oznacza, \u017ce ka\u017cda procedura wykonywana z u\u017cyciem lasera b\u0119dzie odpowiednia dla ka\u017cdego pacjenta.<\/p>\n\n\n\n<h2 class=\"wp-block-heading\">Jak dzia\u0142a laser Fotona?<\/h2>\n\n\n\n<p class=\"wp-block-paragraph\">Dzia\u0142anie lasera zale\u017cy od zastosowanej d\u0142ugo\u015bci fali, parametr\u00f3w impulsu oraz rodzaju wykonywanej procedury. Energia jest poch\u0142aniana przez okre\u015blone struktury tkanek, powoduj\u0105c kontrolowane oddzia\u0142ywanie termiczne.<\/p>\n\n\n\n<p class=\"wp-block-paragraph\">W zabiegach ukierunkowanych na popraw\u0119 jako\u015bci sk\u00f3ry energia lasera mo\u017ce pobudza\u0107 procesy zwi\u0105zane z przebudow\u0105 w\u0142\u00f3kien kolagenowych. W przypadku procedur wykorzystuj\u0105cych laser <strong>Er:YAG <\/strong>mo\u017cliwe jest r\u00f3wnie\u017c kontrolowane oddzia\u0142ywanie na powierzchniowe warstwy sk\u00f3ry.<\/p>\n\n\n\n<p class=\"wp-block-paragraph\">Odpowiedni dob\u00f3r parametr\u00f3w pozwala dostosowa\u0107 intensywno\u015b\u0107 zabiegu do stanu sk\u00f3ry, obszaru poddawanego terapii oraz oczekiwanych rezultat\u00f3w.<\/p>\n\n\n\n<h2 class=\"wp-block-heading\">Odm\u0142adzanie twarzy laserem Fotona<\/h2>\n\n\n\n<p class=\"wp-block-paragraph\"><strong>Fotona Laser <\/strong>mo\u017ce by\u0107 wykorzystywany w zabiegach maj\u0105cych na celu popraw\u0119 napi\u0119cia i jako\u015bci sk\u00f3ry twarzy. Jedn\u0105 z procedur stosowanych w tym celu jest <a href=\"https:\/\/wellclinic.pl\/de\/quantengesicht\/\"><strong>Quantengesicht<\/strong><\/a>.<\/p>\n\n\n\n<p class=\"wp-block-paragraph\">W zale\u017cno\u015bci od zastosowanej techniki energia lasera mo\u017ce oddzia\u0142ywa\u0107 na r\u00f3\u017cne poziomy tkanek. Celem zabiegu jest mi\u0119dzy innymi poprawa napi\u0119cia sk\u00f3ry oraz stymulacja proces\u00f3w przebudowy kolagenu.<\/p>\n\n\n\n<p class=\"wp-block-paragraph\">Efekty terapii i ich trwa\u0142o\u015b\u0107 s\u0105 indywidualne. Zale\u017c\u0105 mi\u0119dzy innymi od wieku, wyj\u015bciowego stanu sk\u00f3ry, zastosowanych parametr\u00f3w oraz naturalnych proces\u00f3w zachodz\u0105cych w organizmie.<\/p>\n\n\n\n<figure class=\"wp-block-image size-full\"><img fetchpriority=\"high\" decoding=\"async\" width=\"1000\" height=\"668\" src=\"https:\/\/wellclinic.pl\/wp-content\/uploads\/2025\/06\/Projekt-bez-nazwy-42.png\" alt=\"Terapia Quantum\" class=\"wp-image-28790\" srcset=\"https:\/\/wellclinic.pl\/wp-content\/uploads\/2025\/06\/Projekt-bez-nazwy-42.png 1000w, https:\/\/wellclinic.pl\/wp-content\/uploads\/2025\/06\/Projekt-bez-nazwy-42-300x200.png 300w, https:\/\/wellclinic.pl\/wp-content\/uploads\/2025\/06\/Projekt-bez-nazwy-42-768x513.png 768w, https:\/\/wellclinic.pl\/wp-content\/uploads\/2025\/06\/Projekt-bez-nazwy-42-18x12.png 18w\" sizes=\"(max-width: 1000px) 100vw, 1000px\" \/><\/figure>\n\n\n\n<h2 class=\"wp-block-heading\">Endolifting 4D \u2013 na czym polega zabieg?<\/h2>\n\n\n\n<p class=\"wp-block-paragraph\"><strong><a href=\"https:\/\/wellclinic.pl\/de\/4d-endolifting-gesicht-10-jahre-junger\/\">Endolifting 4D<\/a><\/strong> to wieloetapowa procedura wykorzystuj\u0105ca energi\u0119 lasera do oddzia\u0142ywania na r\u00f3\u017cne poziomy tkanek. Poszczeg\u00f3lne etapy zabiegu maj\u0105 uzupe\u0142niaj\u0105ce si\u0119 dzia\u0142anie \u2013 od pracy z tkankami od strony jamy ustnej, przez kontrolowane ogrzewanie g\u0142\u0119bszych struktur, a\u017c po oddzia\u0142ywanie na powierzchni\u0119 sk\u00f3ry.<\/p>\n\n\n\n<p class=\"wp-block-paragraph\">Pierwszy etap wykonywany jest od wewn\u0119trznej strony jamy ustnej. Energia lasera pozwala na precyzyjne oddzia\u0142ywanie na tkanki znajduj\u0105ce si\u0119 w obr\u0119bie policzk\u00f3w i dolnej cz\u0119\u015bci twarzy. Nast\u0119pnie wykonywany jest etap termiczny, kt\u00f3rego celem jest kontrolowane ogrzanie g\u0142\u0119biej po\u0142o\u017conych warstw tkanek i pobudzenie proces\u00f3w zwi\u0105zanych z przebudow\u0105 kolagenu.<\/p>\n\n\n\n<p class=\"wp-block-paragraph\">Ostatni etap wykorzystuje <strong>Fraktionslaser<\/strong>, kt\u00f3ry oddzia\u0142uje na powierzchni\u0119 sk\u00f3ry. Jego zadaniem jest poprawa jej struktury, wyg\u0142adzenie oraz wsparcie proces\u00f3w regeneracyjnych. Po\u0142\u0105czenie kilku sposob\u00f3w dzia\u0142ania pozwala obj\u0105\u0107 terapi\u0105 zar\u00f3wno g\u0142\u0119bsze struktury, jak i powierzchni\u0119 sk\u00f3ry.<\/p>\n\n\n\n<p class=\"wp-block-paragraph\">Zakres procedury oraz parametry poszczeg\u00f3lnych etap\u00f3w dobierane s\u0105 indywidualnie. Znaczenie ma mi\u0119dzy innymi stan sk\u00f3ry, stopie\u0144 jej wiotko\u015bci, anatomia twarzy oraz oczekiwany efekt terapii.<\/p>\n\n\n\n<h2 class=\"wp-block-heading\">Czy zabiegi laserem Fotona s\u0105 bezpieczne?<\/h2>\n\n\n\n<p class=\"wp-block-paragraph\">Bezpiecze\u0144stwo zabiegu zale\u017cy mi\u0119dzy innymi od prawid\u0142owej kwalifikacji pacjenta, zastosowanej techniki oraz parametr\u00f3w urz\u0105dzenia. Laseroterapia powinna by\u0107 wykonywana przez odpowiednio przeszkolony personel, z uwzgl\u0119dnieniem przeciwwskaza\u0144 i indywidualnego stanu zdrowia.<\/p>\n\n\n\n<p class=\"wp-block-paragraph\">Podczas zabiegu pacjent mo\u017ce odczuwa\u0107 ciep\u0142o lub inne przej\u015bciowe doznania zale\u017cne od zastosowanej procedury. Okres rekonwalescencji r\u00f3wnie\u017c zale\u017cy od rodzaju zabiegu. Przy procedurach nieablacyjnych mo\u017ce by\u0107 niewielki lub nie wyst\u0119powa\u0107, natomiast zabiegi ablacyjne mog\u0105 wi\u0105za\u0107 si\u0119 z d\u0142u\u017cszym czasem regeneracji sk\u00f3ry.<\/p>\n\n\n\n<p class=\"wp-block-paragraph\">Przed zabiegiem lekarz ocenia stan sk\u00f3ry, przeciwwskazania oraz zasadno\u015b\u0107 zastosowania konkretnej metody.<\/p>\n\n\n\n<h2 class=\"wp-block-heading\">Zastosowanie lasera Fotona w medycynie estetycznej<\/h2>\n\n\n\n<p class=\"wp-block-paragraph\"><strong>Jedna nazwa, wiele mo\u017cliwo\u015bci \u2013 i w\u0142a\u015bnie dlatego \u0142atwo wybra\u0107 terapi\u0119, kt\u00f3ra nie odpowiada na rzeczywisty problem sk\u00f3ry.<\/strong> Laser Fotona nie jest pojedynczym zabiegiem ani rozwi\u0105zaniem dzia\u0142aj\u0105cym zawsze w ten sam spos\u00f3b. W zale\u017cno\u015bci od zastosowanej d\u0142ugo\u015bci fali, parametr\u00f3w i techniki zabiegowej mo\u017ce oddzia\u0142ywa\u0107 na r\u00f3\u017cne struktury i by\u0107 wykorzystywany przy r\u00f3\u017cnych wskazaniach.<\/p>\n\n\n\n<p class=\"wp-block-paragraph\"><strong>Fotona Laser<\/strong> znajduje zastosowanie w medycynie estetycznej mi\u0119dzy innymi w procedurach ukierunkowanych na popraw\u0119 jako\u015bci, napi\u0119cia i struktury sk\u00f3ry. W zale\u017cno\u015bci od zastosowanej technologii mo\u017cliwe jest r\u00f3wnie\u017c prowadzenie terapii blizn, zmarszczek czy zmian tr\u0105dzikowych.<\/p>\n\n\n\n<p class=\"wp-block-paragraph\">Dlatego dob\u00f3r procedury powinien by\u0107 poprzedzony <strong>konsultacj\u0105 i ocen\u0105 stanu sk\u00f3ry<\/strong>. Pozwala to okre\u015bli\u0107, jaki problem wymaga korekcji, czy <strong>zabieg laserem Fotona<\/strong> b\u0119dzie odpowiednim rozwi\u0105zaniem oraz jaki zakres poprawy mo\u017cna realnie uzyska\u0107.<\/p>\n\n\n\n<p class=\"wp-block-paragraph\">Je\u015bli chcesz sprawdzi\u0107, jakie mo\u017cliwo\u015bci daje <strong>Fotona-Laser<\/strong> w Twoim przypadku, <strong><a href=\"https:\/\/wellclinic.pl\/de\/kontakt\/\">einen Termin f\u00fcr eine Beratung vereinbaren<\/a><\/strong>. Lekarz oceni stan sk\u00f3ry, zakres zmian i dobierze odpowiednie post\u0119powanie. <strong>Zabiegi z wykorzystaniem lasera Fotona<\/strong> wykonujemy w klinikach Wellclinic w <strong>Warschau, Gda\u0144sk und Krakau<\/strong>.<\/p>","protected":false},"excerpt":{"rendered":"<p>Laser nie jest magicznym przyciskiem \u201em\u0142odsza sk\u00f3ra\u201d. \u0179le dobrana d\u0142ugo\u015b\u0107 fali, parametry lub spos\u00f3b wykorzystania energii mog\u0105 sprawi\u0107, \u017ce zabieg nie odpowie na rzeczywisty problem sk\u00f3ry. Dlatego przy wyborze terapii nie wystarczy wiedzie\u0107, \u017ce wykorzystywany jest laser. Znaczenie ma to, jak\u0105 energi\u0119 zastosowano, na jak\u0105 g\u0142\u0119boko\u015b\u0107 oddzia\u0142uje i jaki efekt ma zosta\u0107 osi\u0105gni\u0119ty. W zale\u017cno\u015bci [&hellip;]<\/p>\n","protected":false},"author":26,"featured_media":15767,"comment_status":"closed","ping_status":"closed","sticky":false,"template":"","format":"standard","meta":{"_acf_changed":false,"footnotes":""},"categories":[101],"tags":[],"class_list":["post-47679","post","type-post","status-publish","format-standard","has-post-thumbnail","hentry","category-zabieg-laserowy"],"acf":[],"yoast_head":"<!-- This site is optimized with the Yoast SEO plugin v28.4 - https:\/\/yoast.com\/product\/yoast-seo-wordpress\/ -->\n<title>Laser Fotona - rewolucja w medycynie estetycznej bez skalpela<\/title>\n<meta name=\"description\" content=\"Laser Fotona to nowoczesna technologia odm\u0142adzania bez skalpela. Sprawd\u017a, jak dzia\u0142a, jakie daje efekty na twarz.\" \/>\n<meta name=\"robots\" content=\"index, follow, max-snippet:-1, max-image-preview:large, max-video-preview:-1\" \/>\n<link rel=\"canonical\" href=\"https:\/\/wellclinic.pl\/de\/laser-photona-eine-revolution-in-der-asthetischen-medizin\/\" \/>\n<meta property=\"og:locale\" content=\"de_DE\" \/>\n<meta property=\"og:type\" content=\"article\" \/>\n<meta property=\"og:title\" content=\"Laser Fotona - rewolucja w medycynie estetycznej bez skalpela\" \/>\n<meta property=\"og:description\" content=\"Laser Fotona to nowoczesna technologia odm\u0142adzania bez skalpela. Sprawd\u017a, jak dzia\u0142a, jakie daje efekty na twarz.\" \/>\n<meta property=\"og:url\" content=\"https:\/\/wellclinic.pl\/de\/laser-photona-eine-revolution-in-der-asthetischen-medizin\/\" \/>\n<meta property=\"og:site_name\" content=\"Wellclinic\" \/>\n<meta property=\"article:published_time\" content=\"2026-08-17T11:48:00+00:00\" \/>\n<meta property=\"article:modified_time\" content=\"2026-09-02T15:14:31+00:00\" \/>\n<meta property=\"og:image\" content=\"https:\/\/wellclinic.pl\/wp-content\/uploads\/2022\/11\/Endolifting-4D-scaled.jpg\" \/>\n\t<meta property=\"og:image:width\" content=\"2560\" \/>\n\t<meta property=\"og:image:height\" content=\"1706\" \/>\n\t<meta property=\"og:image:type\" content=\"image\/jpeg\" \/>\n<meta name=\"author\" content=\"Katarzyna Paw\u0142owska\" \/>\n<meta name=\"twitter:card\" content=\"summary_large_image\" \/>\n<meta name=\"twitter:label1\" content=\"Verfasst von\" \/>\n\t<meta name=\"twitter:data1\" content=\"Katarzyna Paw\u0142owska\" \/>\n\t<meta name=\"twitter:label2\" content=\"Gesch\u00e4tzte Lesezeit\" \/>\n\t<meta name=\"twitter:data2\" content=\"5\u00a0Minuten\" \/>\n<script type=\"application\/ld+json\" class=\"yoast-schema-graph\">{\"@context\":\"https:\\\/\\\/schema.org\",\"@graph\":[{\"@type\":\"Article\",\"@id\":\"https:\\\/\\\/wellclinic.pl\\\/laser-fotona-rewolucja-w-medycynie-estetycznej\\\/#article\",\"isPartOf\":{\"@id\":\"https:\\\/\\\/wellclinic.pl\\\/laser-fotona-rewolucja-w-medycynie-estetycznej\\\/\"},\"author\":{\"name\":\"Katarzyna Paw\u0142owska\",\"@id\":\"https:\\\/\\\/wellclinic.pl\\\/#\\\/schema\\\/person\\\/d6ba279cafc77bac21a8cf59a8aa67d6\"},\"headline\":\"Laser Fotona \u2013 rewolucja w medycynie estetycznej dla m\u0142odszego wygl\u0105du bez skalpela\",\"datePublished\":\"2026-08-17T11:48:00+00:00\",\"dateModified\":\"2026-09-02T15:14:31+00:00\",\"mainEntityOfPage\":{\"@id\":\"https:\\\/\\\/wellclinic.pl\\\/laser-fotona-rewolucja-w-medycynie-estetycznej\\\/\"},\"wordCount\":958,\"image\":{\"@id\":\"https:\\\/\\\/wellclinic.pl\\\/laser-fotona-rewolucja-w-medycynie-estetycznej\\\/#primaryimage\"},\"thumbnailUrl\":\"https:\\\/\\\/wellclinic.pl\\\/wp-content\\\/uploads\\\/2022\\\/11\\\/Endolifting-4D-scaled.jpg\",\"articleSection\":[\"Zabieg laserowy\"],\"inLanguage\":\"de\"},{\"@type\":\"WebPage\",\"@id\":\"https:\\\/\\\/wellclinic.pl\\\/laser-fotona-rewolucja-w-medycynie-estetycznej\\\/\",\"url\":\"https:\\\/\\\/wellclinic.pl\\\/laser-fotona-rewolucja-w-medycynie-estetycznej\\\/\",\"name\":\"Laser Fotona - rewolucja w medycynie estetycznej bez skalpela\",\"isPartOf\":{\"@id\":\"https:\\\/\\\/wellclinic.pl\\\/#website\"},\"primaryImageOfPage\":{\"@id\":\"https:\\\/\\\/wellclinic.pl\\\/laser-fotona-rewolucja-w-medycynie-estetycznej\\\/#primaryimage\"},\"image\":{\"@id\":\"https:\\\/\\\/wellclinic.pl\\\/laser-fotona-rewolucja-w-medycynie-estetycznej\\\/#primaryimage\"},\"thumbnailUrl\":\"https:\\\/\\\/wellclinic.pl\\\/wp-content\\\/uploads\\\/2022\\\/11\\\/Endolifting-4D-scaled.jpg\",\"datePublished\":\"2026-08-17T11:48:00+00:00\",\"dateModified\":\"2026-09-02T15:14:31+00:00\",\"author\":{\"@id\":\"https:\\\/\\\/wellclinic.pl\\\/#\\\/schema\\\/person\\\/d6ba279cafc77bac21a8cf59a8aa67d6\"},\"description\":\"Laser Fotona to nowoczesna technologia odm\u0142adzania bez skalpela. Sprawd\u017a, jak dzia\u0142a, jakie daje efekty na twarz.\",\"breadcrumb\":{\"@id\":\"https:\\\/\\\/wellclinic.pl\\\/laser-fotona-rewolucja-w-medycynie-estetycznej\\\/#breadcrumb\"},\"inLanguage\":\"de\",\"potentialAction\":[{\"@type\":\"ReadAction\",\"target\":[\"https:\\\/\\\/wellclinic.pl\\\/laser-fotona-rewolucja-w-medycynie-estetycznej\\\/\"]}]},{\"@type\":\"ImageObject\",\"inLanguage\":\"de\",\"@id\":\"https:\\\/\\\/wellclinic.pl\\\/laser-fotona-rewolucja-w-medycynie-estetycznej\\\/#primaryimage\",\"url\":\"https:\\\/\\\/wellclinic.pl\\\/wp-content\\\/uploads\\\/2022\\\/11\\\/Endolifting-4D-scaled.jpg\",\"contentUrl\":\"https:\\\/\\\/wellclinic.pl\\\/wp-content\\\/uploads\\\/2022\\\/11\\\/Endolifting-4D-scaled.jpg\",\"width\":2560,\"height\":1706,\"caption\":\"Endolifting 4D\"},{\"@type\":\"BreadcrumbList\",\"@id\":\"https:\\\/\\\/wellclinic.pl\\\/laser-fotona-rewolucja-w-medycynie-estetycznej\\\/#breadcrumb\",\"itemListElement\":[{\"@type\":\"ListItem\",\"position\":1,\"name\":\"Strona g\u0142\u00f3wna\",\"item\":\"https:\\\/\\\/wellclinic.pl\\\/\"},{\"@type\":\"ListItem\",\"position\":2,\"name\":\"Laser Fotona \u2013 rewolucja w medycynie estetycznej dla m\u0142odszego wygl\u0105du bez skalpela\"}]},{\"@type\":\"WebSite\",\"@id\":\"https:\\\/\\\/wellclinic.pl\\\/#website\",\"url\":\"https:\\\/\\\/wellclinic.pl\\\/\",\"name\":\"Wellclinic Klinika Medycyny Estetycznej - Warszawa | Gda\u0144sk | Krak\u00f3w\",\"description\":\"Klinika Medycyny Estetycznej - Warszawa i Gda\u0144sk\",\"potentialAction\":[{\"@type\":\"SearchAction\",\"target\":{\"@type\":\"EntryPoint\",\"urlTemplate\":\"https:\\\/\\\/wellclinic.pl\\\/?s={search_term_string}\"},\"query-input\":{\"@type\":\"PropertyValueSpecification\",\"valueRequired\":true,\"valueName\":\"search_term_string\"}}],\"inLanguage\":\"de\"},{\"@type\":\"Person\",\"@id\":\"https:\\\/\\\/wellclinic.pl\\\/#\\\/schema\\\/person\\\/d6ba279cafc77bac21a8cf59a8aa67d6\",\"name\":\"Katarzyna Paw\u0142owska\",\"url\":\"https:\\\/\\\/wellclinic.pl\\\/de\\\/author\\\/kasia\\\/\"}]}<\/script>\n<!-- \/ Yoast SEO plugin. -->","yoast_head_json":{"title":"Laser Fotona - rewolucja w medycynie estetycznej bez skalpela","description":"Laser Fotona to nowoczesna technologia odm\u0142adzania bez skalpela. Sprawd\u017a, jak dzia\u0142a, jakie daje efekty na twarz.","robots":{"index":"index","follow":"follow","max-snippet":"max-snippet:-1","max-image-preview":"max-image-preview:large","max-video-preview":"max-video-preview:-1"},"canonical":"https:\/\/wellclinic.pl\/de\/laser-photona-eine-revolution-in-der-asthetischen-medizin\/","og_locale":"de_DE","og_type":"article","og_title":"Laser Fotona - rewolucja w medycynie estetycznej bez skalpela","og_description":"Laser Fotona to nowoczesna technologia odm\u0142adzania bez skalpela. Sprawd\u017a, jak dzia\u0142a, jakie daje efekty na twarz.","og_url":"https:\/\/wellclinic.pl\/de\/laser-photona-eine-revolution-in-der-asthetischen-medizin\/","og_site_name":"Wellclinic","article_published_time":"2026-08-17T11:48:00+00:00","article_modified_time":"2026-09-02T15:14:31+00:00","og_image":[{"width":2560,"height":1706,"url":"https:\/\/wellclinic.pl\/wp-content\/uploads\/2022\/11\/Endolifting-4D-scaled.jpg","type":"image\/jpeg"}],"author":"Katarzyna Paw\u0142owska","twitter_card":"summary_large_image","twitter_misc":{"Verfasst von":"Katarzyna Paw\u0142owska","Gesch\u00e4tzte Lesezeit":"5\u00a0Minuten"},"schema":{"@context":"https:\/\/schema.org","@graph":[{"@type":"Article","@id":"https:\/\/wellclinic.pl\/laser-fotona-rewolucja-w-medycynie-estetycznej\/#article","isPartOf":{"@id":"https:\/\/wellclinic.pl\/laser-fotona-rewolucja-w-medycynie-estetycznej\/"},"author":{"name":"Katarzyna Paw\u0142owska","@id":"https:\/\/wellclinic.pl\/#\/schema\/person\/d6ba279cafc77bac21a8cf59a8aa67d6"},"headline":"Laser Fotona \u2013 rewolucja w medycynie estetycznej dla m\u0142odszego wygl\u0105du bez skalpela","datePublished":"2026-08-17T11:48:00+00:00","dateModified":"2026-09-02T15:14:31+00:00","mainEntityOfPage":{"@id":"https:\/\/wellclinic.pl\/laser-fotona-rewolucja-w-medycynie-estetycznej\/"},"wordCount":958,"image":{"@id":"https:\/\/wellclinic.pl\/laser-fotona-rewolucja-w-medycynie-estetycznej\/#primaryimage"},"thumbnailUrl":"https:\/\/wellclinic.pl\/wp-content\/uploads\/2022\/11\/Endolifting-4D-scaled.jpg","articleSection":["Zabieg laserowy"],"inLanguage":"de"},{"@type":"WebPage","@id":"https:\/\/wellclinic.pl\/laser-fotona-rewolucja-w-medycynie-estetycznej\/","url":"https:\/\/wellclinic.pl\/laser-fotona-rewolucja-w-medycynie-estetycznej\/","name":"Laser Fotona - rewolucja w medycynie estetycznej bez skalpela","isPartOf":{"@id":"https:\/\/wellclinic.pl\/#website"},"primaryImageOfPage":{"@id":"https:\/\/wellclinic.pl\/laser-fotona-rewolucja-w-medycynie-estetycznej\/#primaryimage"},"image":{"@id":"https:\/\/wellclinic.pl\/laser-fotona-rewolucja-w-medycynie-estetycznej\/#primaryimage"},"thumbnailUrl":"https:\/\/wellclinic.pl\/wp-content\/uploads\/2022\/11\/Endolifting-4D-scaled.jpg","datePublished":"2026-08-17T11:48:00+00:00","dateModified":"2026-09-02T15:14:31+00:00","author":{"@id":"https:\/\/wellclinic.pl\/#\/schema\/person\/d6ba279cafc77bac21a8cf59a8aa67d6"},"description":"Laser Fotona to nowoczesna technologia odm\u0142adzania bez skalpela. Sprawd\u017a, jak dzia\u0142a, jakie daje efekty na twarz.","breadcrumb":{"@id":"https:\/\/wellclinic.pl\/laser-fotona-rewolucja-w-medycynie-estetycznej\/#breadcrumb"},"inLanguage":"de","potentialAction":[{"@type":"ReadAction","target":["https:\/\/wellclinic.pl\/laser-fotona-rewolucja-w-medycynie-estetycznej\/"]}]},{"@type":"ImageObject","inLanguage":"de","@id":"https:\/\/wellclinic.pl\/laser-fotona-rewolucja-w-medycynie-estetycznej\/#primaryimage","url":"https:\/\/wellclinic.pl\/wp-content\/uploads\/2022\/11\/Endolifting-4D-scaled.jpg","contentUrl":"https:\/\/wellclinic.pl\/wp-content\/uploads\/2022\/11\/Endolifting-4D-scaled.jpg","width":2560,"height":1706,"caption":"Endolifting 4D"},{"@type":"BreadcrumbList","@id":"https:\/\/wellclinic.pl\/laser-fotona-rewolucja-w-medycynie-estetycznej\/#breadcrumb","itemListElement":[{"@type":"ListItem","position":1,"name":"Strona g\u0142\u00f3wna","item":"https:\/\/wellclinic.pl\/"},{"@type":"ListItem","position":2,"name":"Laser Fotona \u2013 rewolucja w medycynie estetycznej dla m\u0142odszego wygl\u0105du bez skalpela"}]},{"@type":"WebSite","@id":"https:\/\/wellclinic.pl\/#website","url":"https:\/\/wellclinic.pl\/","name":"Wellclinic Klinik f\u00fcr \u00c4sthetische Medizin - Warschau | Danzig | Krakau","description":"Klinik f\u00fcr \u00e4sthetische Medizin-Warschau und Danzig","potentialAction":[{"@type":"SearchAction","target":{"@type":"EntryPoint","urlTemplate":"https:\/\/wellclinic.pl\/?s={search_term_string}"},"query-input":{"@type":"PropertyValueSpecification","valueRequired":true,"valueName":"search_term_string"}}],"inLanguage":"de"},{"@type":"Person","@id":"https:\/\/wellclinic.pl\/#\/schema\/person\/d6ba279cafc77bac21a8cf59a8aa67d6","name":"Katarzyna Paw\u0142owska","url":"https:\/\/wellclinic.pl\/de\/author\/kasia\/"}]}},"_links":{"self":[{"href":"https:\/\/wellclinic.pl\/de\/wp-json\/wp\/v2\/posts\/47679","targetHints":{"allow":["GET"]}}],"collection":[{"href":"https:\/\/wellclinic.pl\/de\/wp-json\/wp\/v2\/posts"}],"about":[{"href":"https:\/\/wellclinic.pl\/de\/wp-json\/wp\/v2\/types\/post"}],"author":[{"embeddable":true,"href":"https:\/\/wellclinic.pl\/de\/wp-json\/wp\/v2\/users\/26"}],"replies":[{"embeddable":true,"href":"https:\/\/wellclinic.pl\/de\/wp-json\/wp\/v2\/comments?post=47679"}],"version-history":[{"count":7,"href":"https:\/\/wellclinic.pl\/de\/wp-json\/wp\/v2\/posts\/47679\/revisions"}],"predecessor-version":[{"id":55244,"href":"https:\/\/wellclinic.pl\/de\/wp-json\/wp\/v2\/posts\/47679\/revisions\/55244"}],"wp:featuredmedia":[{"embeddable":true,"href":"https:\/\/wellclinic.pl\/de\/wp-json\/wp\/v2\/media\/15767"}],"wp:attachment":[{"href":"https:\/\/wellclinic.pl\/de\/wp-json\/wp\/v2\/media?parent=47679"}],"wp:term":[{"taxonomy":"category","embeddable":true,"href":"https:\/\/wellclinic.pl\/de\/wp-json\/wp\/v2\/categories?post=47679"},{"taxonomy":"post_tag","embeddable":true,"href":"https:\/\/wellclinic.pl\/de\/wp-json\/wp\/v2\/tags?post=47679"}],"curies":[{"name":"wp","href":"https:\/\/api.w.org\/{rel}","templated":true}]}}