{"id":55044,"date":"2026-08-24T16:55:00","date_gmt":"2026-08-24T14:55:00","guid":{"rendered":"https:\/\/wellclinic.pl\/?p=55044"},"modified":"2026-09-01T17:12:20","modified_gmt":"2026-09-01T15:12:20","slug":"tradzik-mimo-dobrej-pielegnacji-dlaczego-nadal-sie-pojawia","status":"publish","type":"post","link":"https:\/\/wellclinic.pl\/de\/tradzik-mimo-dobrej-pielegnacji-dlaczego-nadal-sie-pojawia\/","title":{"rendered":"Tr\u0105dzik mimo dobrej piel\u0119gnacji \u2013 dlaczego nadal si\u0119 pojawia?"},"content":{"rendered":"<p class=\"wp-block-paragraph\">Poni\u017cej ca\u0142o\u015b\u0107 w tej formie: bez wypunktowa\u0144, z naturalnie wplecionymi linkami wewn\u0119trznymi bezpo\u015brednio w frazy. Regularne oczyszczanie sk\u00f3ry, stosowanie odpowiednio dobranych kosmetyk\u00f3w, nawil\u017canie oraz codzienna ochrona przeciws\u0142oneczna to podstawowe elementy prawid\u0142owej piel\u0119gnacji. Mimo to nie zawsze wystarczaj\u0105, aby ca\u0142kowicie zapobiec powstawaniu zmian. <strong>Tr\u0105dzik mimo piel\u0119gnacji<\/strong> mo\u017ce pojawia\u0107 si\u0119 nawet wtedy, gdy codzienna rutyna jest dobrze dopasowana do potrzeb sk\u00f3ry.<\/p>\n\n\n\n<p class=\"wp-block-paragraph\">W wybranych przypadkach jednym ze sposob\u00f3w wspierania terapii aktywnych zmian mo\u017ce by\u0107 <a href=\"https:\/\/wellclinic.pl\/de\/behandlung-von-aktiver-akne\/\"><strong>Laseraknebehandlung<\/strong><\/a>. Zanim jednak zostanie dobrana konkretna metoda post\u0119powania, warto przyjrze\u0107 si\u0119 mechanizmom odpowiedzialnym za powstawanie zmian oraz zastanowi\u0107 si\u0119, dlaczego sama piel\u0119gnacja nie zawsze przynosi oczekiwane rezultaty.<\/p>\n\n\n\n<p class=\"wp-block-paragraph\">Tr\u0105dzik nie jest wy\u0142\u0105cznie efektem niew\u0142a\u015bciwego mycia twarzy czy stosowania \u017ale dobranych kosmetyk\u00f3w. Na jego rozw\u00f3j wp\u0142ywa kilka proces\u00f3w zachodz\u0105cych jednocze\u015bnie. Znaczenie maj\u0105 m.in. nadmierna produkcja sebum, zaburzenia rogowacenia, zablokowanie uj\u015b\u0107 mieszk\u00f3w w\u0142osowych, obecno\u015b\u0107 <em>Cutibacterium acnes<\/em> oraz rozw\u00f3j stanu zapalnego. Jednym z najcz\u0119\u015bciej wyst\u0119puj\u0105cych rodzaj\u00f3w zmian jest <a href=\"https:\/\/wellclinic.pl\/de\/enzyklopadie\/akne-vulgaris\/\"><strong>Akne vulgaris<\/strong><\/a>.<\/p>\n\n\n\n<h2 class=\"wp-block-heading\">Dlaczego mam tr\u0105dzik, skoro dbam o sk\u00f3r\u0119?<\/h2>\n\n\n\n<p class=\"wp-block-paragraph\">Jedn\u0105 z istotnych <strong>przyczyn tr\u0105dziku<\/strong> jest nadmierna aktywno\u015b\u0107 gruczo\u0142\u00f3w \u0142ojowych. Zwi\u0119kszona produkcja sebum mo\u017ce prowadzi\u0107 do jego gromadzenia si\u0119 w obr\u0119bie mieszk\u00f3w w\u0142osowych. Problem ten jest szczeg\u00f3lnie widoczny u os\u00f3b maj\u0105cych <a href=\"https:\/\/wellclinic.pl\/de\/enzyklopadie\/fettige-haut\/\"><strong>cer\u0119 t\u0142ust\u0105<\/strong><\/a>, kt\u00f3rej charakterystyczn\u0105 cech\u0105 jest zwi\u0119kszona produkcja \u0142oju.<\/p>\n\n\n\n<p class=\"wp-block-paragraph\">Jednocze\u015bnie mo\u017ce dochodzi\u0107 do zaburze\u0144 procesu rogowacenia nask\u00f3rka. Z\u0142uszczaj\u0105ce si\u0119 kom\u00f3rki mog\u0105 gromadzi\u0107 si\u0119 w uj\u015bciach mieszk\u00f3w w\u0142osowych, utrudniaj\u0105c prawid\u0142owe wydostawanie si\u0119 sebum na powierzchni\u0119 sk\u00f3ry. W takich warunkach powstaj\u0105 <a href=\"https:\/\/wellclinic.pl\/de\/enzyklopadie\/zaskorniki\/\"><strong>Mitesser<\/strong><\/a> \u2013 zar\u00f3wno otwarte, jak i zamkni\u0119te.<\/p>\n\n\n\n<p class=\"wp-block-paragraph\">Zatkany mieszek w\u0142osowy staje si\u0119 \u015brodowiskiem sprzyjaj\u0105cym rozwojowi <em>Cutibacterium acnes<\/em>. Bakteria ta naturalnie wyst\u0119puje na sk\u00f3rze, jednak w okre\u015blonych warunkach mo\u017ce uczestniczy\u0107 w nasilaniu reakcji zapalnej. W konsekwencji pojawiaj\u0105 si\u0119 grudki i krosty, a przy bardziej nasilonym przebiegu r\u00f3wnie\u017c g\u0142\u0119bokie, bolesne zmiany. Warto pami\u0119ta\u0107, \u017ce <a href=\"https:\/\/wellclinic.pl\/de\/enzyklopadie\/pusteln-im-gesicht\/\"><strong>Pusteln im Gesicht<\/strong><\/a> mog\u0105 mie\u0107 r\u00f3wnie\u017c inne przyczyny, dlatego istotne jest prawid\u0142owe rozpoznanie problemu.<\/p>\n\n\n\n<p class=\"wp-block-paragraph\">To pokazuje, dlaczego tr\u0105dziku nie mo\u017cna sprowadza\u0107 wy\u0142\u0105cznie do sposobu oczyszczania twarzy. Zbyt intensywne mycie nie usuwa \u017ar\u00f3d\u0142a problemu, a dodatkowo mo\u017ce os\u0142abia\u0107 naturaln\u0105 barier\u0119 ochronn\u0105 sk\u00f3ry i zwi\u0119ksza\u0107 jej podatno\u015b\u0107 na podra\u017cnienia.<\/p>\n\n\n\n<p class=\"wp-block-paragraph\"><strong>Dlaczego mam tr\u0105dzik<\/strong>, mimo \u017ce dbam o sk\u00f3r\u0119? Mo\u017cliwych odpowiedzi jest wi\u0119cej. Znaczenie mog\u0105 mie\u0107 m.in. hormony, predyspozycje genetyczne, stres, niekt\u00f3re leki, spos\u00f3b od\u017cywiania oraz stosowane kosmetyki.<\/p>\n\n\n\n<p class=\"wp-block-paragraph\">Du\u017c\u0105 rol\u0119 odgrywaj\u0105 androgeny, kt\u00f3re pobudzaj\u0105 gruczo\u0142y \u0142ojowe do pracy. Z tego powodu tr\u0105dzik cz\u0119sto pojawia si\u0119 w okresie dojrzewania. Nie oznacza to jednak, \u017ce problem dotyczy wy\u0142\u0105cznie nastolatk\u00f3w. Zmiany mog\u0105 utrzymywa\u0107 si\u0119 r\u00f3wnie\u017c w p\u00f3\u017aniejszym wieku albo pojawi\u0107 si\u0119 dopiero w doros\u0142o\u015bci.<\/p>\n\n\n\n<p class=\"wp-block-paragraph\">U kobiet zmiany mog\u0105 nasila\u0107 si\u0119 w okre\u015blonych momentach cyklu menstruacyjnego. Cz\u0119sto lokalizuj\u0105 si\u0119 wtedy w dolnej cz\u0119\u015bci twarzy, szczeg\u00f3lnie w okolicy brody i \u017cuchwy. Je\u017celi tr\u0105dzik pojawia si\u0119 nagle w doros\u0142ym wieku lub towarzysz\u0105 mu inne objawy mog\u0105ce wskazywa\u0107 na zaburzenia hormonalne, warto skonsultowa\u0107 si\u0119 ze specjalist\u0105. W niekt\u00f3rych sytuacjach pomocne mo\u017ce by\u0107 wykonanie <strong>bada\u0144 hormon\u00f3w u kobiet<\/strong>.<\/p>\n\n\n\n<p class=\"wp-block-paragraph\">Nie mo\u017cna pomija\u0107 r\u00f3wnie\u017c uwarunkowa\u0144 genetycznych. Predyspozycje mog\u0105 dotyczy\u0107 m.in. aktywno\u015bci gruczo\u0142\u00f3w \u0142ojowych, sposobu rogowacenia sk\u00f3ry oraz nasilenia reakcji zapalnej. Dlatego osoby stosuj\u0105ce bardzo podobn\u0105 piel\u0119gnacj\u0119 mog\u0105 do\u015bwiadcza\u0107 zupe\u0142nie r\u00f3\u017cnego przebiegu tr\u0105dziku.<\/p>\n\n\n\n<h2 class=\"wp-block-heading\">Czy stres mo\u017ce powodowa\u0107 tr\u0105dzik?<\/h2>\n\n\n\n<p class=\"wp-block-paragraph\">Stres nie jest jedyn\u0105 przyczyn\u0105 tr\u0105dziku, ale mo\u017ce wp\u0142ywa\u0107 na jego przebieg i nasilenie. D\u0142ugotrwa\u0142e napi\u0119cie oddzia\u0142uje na funkcjonowanie ca\u0142ego organizmu, w tym gospodark\u0119 hormonaln\u0105 oraz kondycj\u0119 sk\u00f3ry. U os\u00f3b ze sk\u0142onno\u015bci\u0105 do zmian tr\u0105dzikowych mo\u017ce wi\u0119c sprzyja\u0107 ich nasileniu.<\/p>\n\n\n\n<p class=\"wp-block-paragraph\">Znaczenie maj\u0105 r\u00f3wnie\u017c zachowania towarzysz\u0105ce stresowi. Niedob\u00f3r snu, nieregularne posi\u0142ki, cz\u0119stsze dotykanie twarzy czy pomijanie poszczeg\u00f3lnych etap\u00f3w piel\u0119gnacji mog\u0105 dodatkowo pogarsza\u0107 stan sk\u00f3ry.<\/p>\n\n\n\n<p class=\"wp-block-paragraph\">Nie nale\u017cy jednak przypisywa\u0107 stresowi ca\u0142ej odpowiedzialno\u015bci za pojawianie si\u0119 zmian. Jest on jednym z wielu czynnik\u00f3w, kt\u00f3re mog\u0105 wp\u0142ywa\u0107 na przebieg tr\u0105dziku.<\/p>\n\n\n\n<h2 class=\"wp-block-heading\">Czy kosmetyki mog\u0105 nasila\u0107 tr\u0105dzik?<\/h2>\n\n\n\n<p class=\"wp-block-paragraph\">Kosmetyki mog\u0105 wp\u0142ywa\u0107 na stan sk\u00f3ry, zw\u0142aszcza gdy nie odpowiadaj\u0105 jej potrzebom. Ci\u0119\u017ckie formu\u0142y mog\u0105 u os\u00f3b ze sk\u0142onno\u015bci\u0105 do zask\u00f3rnik\u00f3w sprzyja\u0107 ich powstawaniu. Problemem mo\u017ce by\u0107 tak\u017ce stosowanie zbyt wielu produkt\u00f3w zawieraj\u0105cych silnie dzia\u0142aj\u0105ce substancje aktywne.<\/p>\n\n\n\n<p class=\"wp-block-paragraph\">W piel\u0119gnacji cery tr\u0105dzikowej wykorzystuje si\u0119 r\u00f3\u017cne <strong>aktywne sk\u0142adniki kosmetyczne<\/strong>, kt\u00f3rych zadaniem mo\u017ce by\u0107 m.in. wspieranie prawid\u0142owego z\u0142uszczania, regulowanie wydzielania sebum czy poprawa kondycji sk\u00f3ry.<\/p>\n\n\n\n<p class=\"wp-block-paragraph\">Do popularnych sk\u0142adnik\u00f3w nale\u017cy m.in<a href=\"https:\/\/wellclinic.pl\/de\/enzyklopadie\/retinol\/\"><strong> <\/strong><\/a><strong>retinol.<\/strong> Odpowiednio stosowane substancje aktywne mog\u0105 by\u0107 warto\u015bciowym elementem piel\u0119gnacji, jednak ich nadmiar niekoniecznie przyniesie lepszy efekt.<\/p>\n\n\n\n<p class=\"wp-block-paragraph\">Zbyt cz\u0119ste z\u0142uszczanie lub jednoczesne stosowanie kilku potencjalnie dra\u017cni\u0105cych preparat\u00f3w mo\u017ce prowadzi\u0107 do przesuszenia, zaczerwienienia i os\u0142abienia bariery ochronnej sk\u00f3ry. Dlatego w przypadku cery tr\u0105dzikowej wa\u017cne jest nie tylko dzia\u0142anie ukierunkowane na zmiany, ale r\u00f3wnie\u017c utrzymanie odpowiedniego poziomu nawil\u017cenia.<\/p>\n\n\n\n<p class=\"wp-block-paragraph\"><strong>Wi\u0119cej nie znaczy lepiej.<\/strong><\/p>\n\n\n\n<p class=\"wp-block-paragraph\">Nadmierne przesuszanie sk\u00f3ry w nadziei na ograniczenie produkcji sebum mo\u017ce przynie\u015b\u0107 efekt odwrotny do oczekiwanego. Prawid\u0142owo dobrana piel\u0119gnacja powinna \u0142\u0105czy\u0107 dzia\u0142anie ukierunkowane na zmiany tr\u0105dzikowe z ochron\u0105 bariery sk\u00f3rnej.<\/p>\n\n\n\n<figure class=\"wp-block-image size-large\"><img fetchpriority=\"high\" decoding=\"async\" width=\"683\" height=\"1024\" src=\"https:\/\/wellclinic.pl\/wp-content\/uploads\/2026\/09\/RS_4590s-683x1024.jpg\" alt=\"Tr\u0105dzik mimo dobrej piel\u0119gnacji\" class=\"wp-image-55046\" srcset=\"https:\/\/wellclinic.pl\/wp-content\/uploads\/2026\/09\/RS_4590s-683x1024.jpg 683w, https:\/\/wellclinic.pl\/wp-content\/uploads\/2026\/09\/RS_4590s-200x300.jpg 200w, https:\/\/wellclinic.pl\/wp-content\/uploads\/2026\/09\/RS_4590s-768x1152.jpg 768w, https:\/\/wellclinic.pl\/wp-content\/uploads\/2026\/09\/RS_4590s-1024x1536.jpg 1024w, https:\/\/wellclinic.pl\/wp-content\/uploads\/2026\/09\/RS_4590s-1366x2048.jpg 1366w, https:\/\/wellclinic.pl\/wp-content\/uploads\/2026\/09\/RS_4590s-8x12.jpg 8w, https:\/\/wellclinic.pl\/wp-content\/uploads\/2026\/09\/RS_4590s.jpg 1707w\" sizes=\"(max-width: 683px) 100vw, 683px\" \/><\/figure>\n\n\n\n<h2 class=\"wp-block-heading\">Tr\u0105dzik doros\u0142ych a tr\u0105dzik nastolatk\u00f3w<\/h2>\n\n\n\n<p class=\"wp-block-paragraph\">Tr\u0105dzik nie zawsze ust\u0119puje wraz z zako\u0144czeniem okresu dojrzewania. U cz\u0119\u015bci os\u00f3b zmiany utrzymuj\u0105 si\u0119 przez kolejne lata, natomiast u innych pojawiaj\u0105 si\u0119 dopiero po 25. roku \u017cycia.<\/p>\n\n\n\n<p class=\"wp-block-paragraph\"><strong>Akne bei Erwachsenen<\/strong> mo\u017ce mie\u0107 nieco inny przebieg ni\u017c zmiany typowe dla nastolatk\u00f3w. U kobiet cz\u0119sto obserwuje si\u0119 nawracaj\u0105ce zmiany w dolnej cz\u0119\u015bci twarzy, zw\u0142aszcza w okolicy brody i linii \u017cuchwy. Mog\u0105 mie\u0107 posta\u0107 pojedynczych, g\u0142\u0119bokich i bolesnych zmian zapalnych.<\/p>\n\n\n\n<p class=\"wp-block-paragraph\">W przypadku nasilonych zmian ropnych warto uwzgl\u0119dni\u0107 tak\u017ce mo\u017cliwo\u015b\u0107 wyst\u0119powania <a href=\"https:\/\/wellclinic.pl\/de\/enzyklopadie\/eitrige-akne\/\"><strong>tr\u0105dziku ropowiczego<\/strong><\/a>, kt\u00f3ry charakteryzuje si\u0119 ci\u0119\u017cszym przebiegiem.<\/p>\n\n\n\n<p class=\"wp-block-paragraph\">W doros\u0142ym wieku warto spojrze\u0107 na problem szerzej. Znaczenie mog\u0105 mie\u0107 gospodarka hormonalna, przyjmowane leki, stres, uwarunkowania genetyczne oraz stosowane kosmetyki. Dlatego sama zmiana kremu, serum czy \u017celu do mycia nie zawsze prowadzi do oczekiwanej poprawy.<\/p>\n\n\n\n<h2 class=\"wp-block-heading\">Nawracaj\u0105cy tr\u0105dzik \u2013 kiedy piel\u0119gnacja to za ma\u0142o?<\/h2>\n\n\n\n<p class=\"wp-block-paragraph\"><strong>Nawracaj\u0105cy tr\u0105dzik<\/strong> mo\u017ce by\u0107 szczeg\u00f3lnie frustruj\u0105cy. Jedne zmiany znikaj\u0105, a w ich miejscu niemal od razu pojawiaj\u0105 si\u0119 kolejne. Z czasem mog\u0105 pozostawia\u0107 przebarwienia pozapalne, a przy nasilonym stanie zapalnym r\u00f3wnie\u017c <a href=\"https:\/\/wellclinic.pl\/de\/enzyklopadie\/entfernung-von-aknenarben\/\"><strong>Aknenarben<\/strong><\/a>.<\/p>\n\n\n\n<p class=\"wp-block-paragraph\">W takiej sytuacji ci\u0105g\u0142e zmienianie kosmetyk\u00f3w niekoniecznie rozwi\u0105\u017ce problem. Podobnie jak coraz intensywniejsze oczyszczanie, z\u0142uszczanie czy stosowanie kolejnych preparat\u00f3w aktywnych.<\/p>\n\n\n\n<p class=\"wp-block-paragraph\">Konsultacj\u0119 ze specjalist\u0105 warto rozwa\u017cy\u0107 szczeg\u00f3lnie wtedy, gdy tr\u0105dzik regularnie powraca mimo prawid\u0142owej piel\u0119gnacji, zmiany s\u0105 g\u0142\u0119bokie, bolesne lub maj\u0105 charakter zapalny, pozostawiaj\u0105 przebarwienia albo prowadz\u0105 do powstawania blizn. Warto zwr\u00f3ci\u0107 uwag\u0119 r\u00f3wnie\u017c na sytuacje, gdy problem utrzymuje si\u0119 przez wiele miesi\u0119cy lub pojawi\u0142 si\u0119 nagle w doros\u0142ym wieku.<\/p>\n\n\n\n<p class=\"wp-block-paragraph\">W przypadku nasilonych lub przewlek\u0142ych zmian warto skonsultowa\u0107 si\u0119 z <a href=\"https:\/\/wellclinic.pl\/de\/enzyklopadie\/dermatologe\/\"><strong>dermatologiem<\/strong><\/a>, kt\u00f3ry oceni charakter problemu i pomo\u017ce ustali\u0107 odpowiednie post\u0119powanie.<\/p>\n\n\n\n<p class=\"wp-block-paragraph\">Im d\u0142u\u017cej utrzymuje si\u0119 nasilony stan zapalny, tym wi\u0119ksze mo\u017ce by\u0107 ryzyko powstawania trwa\u0142ych \u015blad\u00f3w. Dlatego nie warto zwleka\u0107 z odpowiedni\u0105 ocen\u0105 sk\u00f3ry.<\/p>\n\n\n\n<h2 class=\"wp-block-heading\">Czy dieta ma wp\u0142yw na tr\u0105dzik?<\/h2>\n\n\n\n<p class=\"wp-block-paragraph\">Zale\u017cno\u015b\u0107 mi\u0119dzy sposobem od\u017cywiania a tr\u0105dzikiem jest bardziej z\u0142o\u017cona, ni\u017c sugeruj\u0105 popularne poradniki. Nie istnieje jedna uniwersalna dieta, kt\u00f3ra rozwi\u0105\u017ce problem u ka\u017cdej osoby.<\/p>\n\n\n\n<p class=\"wp-block-paragraph\">U cz\u0119\u015bci os\u00f3b znaczenie mo\u017ce mie\u0107 dieta o wysokim indeksie glikemicznym. Szybkie zwi\u0119kszenie st\u0119\u017cenia glukozy i insuliny mo\u017ce wp\u0142ywa\u0107 na szlaki zwi\u0105zane m.in. z produkcj\u0105 sebum i procesami zachodz\u0105cymi w sk\u00f3rze.<\/p>\n\n\n\n<p class=\"wp-block-paragraph\">Nie oznacza to jednak, \u017ce pojedynczy produkt spo\u017cywczy odpowiada za pojawienie si\u0119 ka\u017cdej zmiany. Je\u015bli tr\u0105dzik jest nasilony, sama modyfikacja sposobu od\u017cywiania zazwyczaj nie zast\u0105pi odpowiednio dobranego post\u0119powania.<\/p>\n\n\n\n<h2 class=\"wp-block-heading\">Tr\u0105dzik a blizny i przebarwienia<\/h2>\n\n\n\n<p class=\"wp-block-paragraph\">Aktywny tr\u0105dzik mo\u017ce pozostawia\u0107 \u015blady nawet wtedy, gdy poszczeg\u00f3lne zmiany stosunkowo szybko si\u0119 goj\u0105. Czerwone lub brunatne plamy widoczne po ust\u0105pieniu stanu zapalnego mog\u0105 by\u0107 zwi\u0105zane m.in. z pozapalnymi zmianami pigmentacyjnymi lub utrzymuj\u0105cym si\u0119 <strong>rumieniem<\/strong>. Nie s\u0105 one jednak tym samym co blizny.<\/p>\n\n\n\n<p class=\"wp-block-paragraph\"><strong>Unreinheiten bei Akne<\/strong> mog\u0105 utrzymywa\u0107 si\u0119 na sk\u00f3rze d\u0142ugo po zako\u0144czeniu aktywnego stanu zapalnego. Ich wygl\u0105d i czas utrzymywania si\u0119 zale\u017c\u0105 m.in. od rodzaju sk\u00f3ry, nasilenia zmian oraz indywidualnej reakcji na stan zapalny.<\/p>\n\n\n\n<p class=\"wp-block-paragraph\">Im Gegenzug <strong>Gesichtsnarben<\/strong> powstaj\u0105 w wyniku uszkodzenia g\u0142\u0119bszych struktur sk\u00f3ry. W przypadku tr\u0105dziku mog\u0105 przyjmowa\u0107 form\u0119 zag\u0142\u0119bie\u0144 i nier\u00f3wno\u015bci, a niekiedy tak\u017ce nadmiernego rozrostu tkanki.<\/p>\n\n\n\n<p class=\"wp-block-paragraph\">Jednym z charakterystycznych nast\u0119pstw g\u0142\u0119bokich zmian zapalnych s\u0105 <strong>wg\u0142\u0119bienia po tr\u0105dziku<\/strong>, kt\u00f3re mog\u0105 by\u0107 widoczne d\u0142ugo po ust\u0105pieniu aktywnego tr\u0105dziku.<\/p>\n\n\n\n<p class=\"wp-block-paragraph\">Z tego wzgl\u0119du post\u0119powanie przy tr\u0105dziku nie powinno koncentrowa\u0107 si\u0119 wy\u0142\u0105cznie na szybkim wygaszaniu pojedynczych zmian. R\u00f3wnie wa\u017cne jest ograniczenie aktywnego stanu zapalnego oraz zapobieganie powstawaniu kolejnych zmian, kt\u00f3re mog\u0105 pozostawi\u0107 trwa\u0142e \u015blady.<\/p>\n\n\n\n<h2 class=\"wp-block-heading\">Leczenie tr\u0105dziku \u2013 kiedy potrzebne jest dodatkowe wsparcie?<\/h2>\n\n\n\n<p class=\"wp-block-paragraph\">Prawid\u0142owo dobrana piel\u0119gnacja jest wa\u017cnym elementem post\u0119powania przy tr\u0105dziku, ale jej mo\u017cliwo\u015bci s\u0105 ograniczone. Je\u015bli zmiany utrzymuj\u0105 si\u0119 lub regularnie powracaj\u0105, potrzebne mo\u017ce by\u0107 leczenie ukierunkowane na mechanizmy odpowiedzialne za ich powstawanie.<\/p>\n\n\n\n<p class=\"wp-block-paragraph\">Spos\u00f3b terapii powinien zale\u017ce\u0107 m.in. od rodzaju zmian, ich nasilenia oraz aktualnej kondycji sk\u00f3ry. Innego post\u0119powania mo\u017ce wymaga\u0107 sk\u00f3ra z przewag\u0105 zask\u00f3rnik\u00f3w, a innego \u2013 cera z nasilonymi zmianami zapalnymi.<\/p>\n\n\n\n<p class=\"wp-block-paragraph\">W wybranych przypadkach zastosowanie mo\u017ce znale\u017a\u0107 <a href=\"https:\/\/wellclinic.pl\/de\/behandlung-von-aktiver-akne\/\"><strong>Laseraknebehandlung<\/strong><\/a>. <strong>Lasertherapie<\/strong> mo\u017ce by\u0107 wykorzystywana jako element post\u0119powania przy wybranych problemach sk\u00f3rnych, a spos\u00f3b jej zastosowania zale\u017cy od wskaza\u0144. W zale\u017cno\u015bci od zastosowanej metody terapia laserowa mo\u017ce wspiera\u0107 redukcj\u0119 aktywnych zmian oraz wp\u0142ywa\u0107 na procesy zwi\u0105zane z wydzielaniem sebum i stanem zapalnym. Odpowiednio dobrana procedura powinna uwzgl\u0119dnia\u0107 zar\u00f3wno rodzaj zmian, jak i aktualn\u0105 kondycj\u0119 sk\u00f3ry.<\/p>\n\n\n\n<p class=\"wp-block-paragraph\">Laser nie zast\u0119puje ka\u017cdej formy leczenia i nie jest rozwi\u0105zaniem odpowiednim dla ka\u017cdego pacjenta. O zasadno\u015bci jego zastosowania decyduj\u0105 m.in. rodzaj zmian, ich nasilenie oraz aktualny stan sk\u00f3ry.<\/p>\n\n\n\n<figure class=\"wp-block-image size-full\"><img decoding=\"async\" width=\"650\" height=\"974\" src=\"https:\/\/wellclinic.pl\/wp-content\/uploads\/2026\/08\/RS_4598s.jpg\" alt=\"Laseraknebehandlung\" class=\"wp-image-55048\" srcset=\"https:\/\/wellclinic.pl\/wp-content\/uploads\/2026\/08\/RS_4598s.jpg 650w, https:\/\/wellclinic.pl\/wp-content\/uploads\/2026\/08\/RS_4598s-200x300.jpg 200w, https:\/\/wellclinic.pl\/wp-content\/uploads\/2026\/08\/RS_4598s-8x12.jpg 8w\" sizes=\"(max-width: 650px) 100vw, 650px\" \/><\/figure>\n\n\n\n<h2 class=\"wp-block-heading\">Dobra piel\u0119gnacja jest wa\u017cna, ale nie zawsze wystarcza<\/h2>\n\n\n\n<p class=\"wp-block-paragraph\">Piel\u0119gnacja sk\u00f3ry tr\u0105dzikowej powinna przede wszystkim wspiera\u0107 jej barier\u0119 ochronn\u0105, ogranicza\u0107 podra\u017cnienia i pomaga\u0107 utrzyma\u0107 odpowiednie warunki do regeneracji. Nie zawsze jednak mo\u017ce samodzielnie zahamowa\u0107 procesy odpowiadaj\u0105ce za powstawanie nowych zmian.<\/p>\n\n\n\n<p class=\"wp-block-paragraph\">Wenn <strong>tr\u0105dzik mimo piel\u0119gnacji<\/strong> regularnie powraca, kolejne zmiany kosmetyk\u00f3w niekoniecznie b\u0119d\u0105 najlepszym rozwi\u0105zaniem. Warto zamiast tego poszuka\u0107 przyczyny problemu i dok\u0142adniej oceni\u0107 charakter zmian.<\/p>\n\n\n\n<p class=\"wp-block-paragraph\">Celem nie powinno by\u0107 wy\u0142\u0105cznie szybkie usuni\u0119cie pojedynczej krosty. Istotne jest r\u00f3wnie\u017c ograniczenie proces\u00f3w podtrzymuj\u0105cych tr\u0105dzik, zmniejszenie stanu zapalnego oraz zapobieganie kolejnym zmianom i ich nast\u0119pstwom.<\/p>\n\n\n\n<p class=\"wp-block-paragraph\">Je\u015bli na sk\u00f3rze pozosta\u0142y ju\u017c trwa\u0142e \u015blady, odpowiednio dobrane post\u0119powanie mo\u017ce obejmowa\u0107 r\u00f3wnie\u017c <strong>Entfernung von Aknenarben<\/strong> oraz dzia\u0142ania ukierunkowane na redukcj\u0119 <strong>przebarwie\u0144 potr\u0105dzikowych<\/strong>.<\/p>\n\n\n\n<h2 class=\"wp-block-heading\">Dobra piel\u0119gnacja to pocz\u0105tek. Je\u015bli tr\u0105dzik wraca, czas dzia\u0142a\u0107.<\/h2>\n\n\n\n<p class=\"wp-block-paragraph\">Wenn <strong>tr\u0105dzik mimo piel\u0119gnacji<\/strong> nadal wraca, nie dok\u0142adaj kolejnego kosmetyku w ciemno. Sprawd\u017a, z czego wynika problem i jakie rozwi\u0105zanie b\u0119dzie odpowiednie dla Twojej sk\u00f3ry. <strong><a href=\"https:\/\/wellclinic.pl\/de\/kontakt\/\">Um\u00f3w konsultacj\u0119 w Wellclinic<\/a><\/strong> i skonsultuj stan sk\u00f3ry z zespo\u0142em medycznym. Na podstawie rodzaju zmian, ich nasilenia i kondycji sk\u00f3ry mo\u017cna zaplanowa\u0107 indywidualne post\u0119powanie, obejmuj\u0105ce odpowiedni\u0105 piel\u0119gnacj\u0119 oraz \u2013 je\u015bli istniej\u0105 wskazania \u2013 zabiegi wspieraj\u0105ce terapi\u0119, w tym <strong>Laseraknebehandlung<\/strong>.<\/p>\n\n\n\n<p class=\"wp-block-paragraph\"><strong>Nie czekaj, a\u017c kolejna zmiana zn\u00f3w si\u0119 pojawi. Zacznij dzia\u0142a\u0107 u \u017ar\u00f3d\u0142a problemu.<\/strong><\/p>\n\n\n\n<p class=\"wp-block-paragraph\"><\/p>","protected":false},"excerpt":{"rendered":"<p>Poni\u017cej ca\u0142o\u015b\u0107 w tej formie: bez wypunktowa\u0144, z naturalnie wplecionymi linkami wewn\u0119trznymi bezpo\u015brednio w frazy. Regularne oczyszczanie sk\u00f3ry, stosowanie odpowiednio dobranych kosmetyk\u00f3w, nawil\u017canie oraz codzienna ochrona przeciws\u0142oneczna to podstawowe elementy prawid\u0142owej piel\u0119gnacji. Mimo to nie zawsze wystarczaj\u0105, aby ca\u0142kowicie zapobiec powstawaniu zmian. Tr\u0105dzik mimo piel\u0119gnacji mo\u017ce pojawia\u0107 si\u0119 nawet wtedy, gdy codzienna rutyna jest dobrze [&hellip;]<\/p>\n","protected":false},"author":26,"featured_media":55045,"comment_status":"closed","ping_status":"closed","sticky":false,"template":"","format":"standard","meta":{"_acf_changed":false,"footnotes":""},"categories":[1],"tags":[],"class_list":["post-55044","post","type-post","status-publish","format-standard","has-post-thumbnail","hentry","category-bez-kategorii"],"acf":[],"yoast_head":"<!-- This site is optimized with the Yoast SEO plugin v28.4 - https:\/\/yoast.com\/product\/yoast-seo-wordpress\/ -->\n<title>Tr\u0105dzik mimo dobrej piel\u0119gnacji \u2013 dlaczego nadal si\u0119 pojawia? - Wellclinic<\/title>\n<meta name=\"robots\" content=\"index, follow, max-snippet:-1, max-image-preview:large, max-video-preview:-1\" \/>\n<link rel=\"canonical\" href=\"https:\/\/wellclinic.pl\/de\/tradzik-mimo-dobrej-pielegnacji-dlaczego-nadal-sie-pojawia\/\" \/>\n<meta property=\"og:locale\" content=\"de_DE\" \/>\n<meta property=\"og:type\" content=\"article\" \/>\n<meta property=\"og:title\" content=\"Tr\u0105dzik mimo dobrej piel\u0119gnacji \u2013 dlaczego nadal si\u0119 pojawia? - Wellclinic\" \/>\n<meta property=\"og:description\" content=\"Poni\u017cej ca\u0142o\u015b\u0107 w tej formie: bez wypunktowa\u0144, z naturalnie wplecionymi linkami wewn\u0119trznymi bezpo\u015brednio w frazy. Regularne oczyszczanie sk\u00f3ry, stosowanie odpowiednio dobranych kosmetyk\u00f3w, nawil\u017canie oraz codzienna ochrona przeciws\u0142oneczna to podstawowe elementy prawid\u0142owej piel\u0119gnacji. Mimo to nie zawsze wystarczaj\u0105, aby ca\u0142kowicie zapobiec powstawaniu zmian. Tr\u0105dzik mimo piel\u0119gnacji mo\u017ce pojawia\u0107 si\u0119 nawet wtedy, gdy codzienna rutyna jest dobrze [&hellip;]\" \/>\n<meta property=\"og:url\" content=\"https:\/\/wellclinic.pl\/de\/tradzik-mimo-dobrej-pielegnacji-dlaczego-nadal-sie-pojawia\/\" \/>\n<meta property=\"og:site_name\" content=\"Wellclinic\" \/>\n<meta property=\"article:published_time\" content=\"2026-08-24T14:55:00+00:00\" \/>\n<meta property=\"article:modified_time\" content=\"2026-09-01T15:12:20+00:00\" \/>\n<meta property=\"og:image\" content=\"https:\/\/wellclinic.pl\/wp-content\/uploads\/2026\/09\/RS_4622s.jpg\" \/>\n\t<meta property=\"og:image:width\" content=\"1200\" \/>\n\t<meta property=\"og:image:height\" content=\"800\" \/>\n\t<meta property=\"og:image:type\" content=\"image\/jpeg\" \/>\n<meta name=\"author\" content=\"Katarzyna Paw\u0142owska\" \/>\n<meta name=\"twitter:card\" content=\"summary_large_image\" \/>\n<meta name=\"twitter:label1\" content=\"Verfasst von\" \/>\n\t<meta name=\"twitter:data1\" content=\"Katarzyna Paw\u0142owska\" \/>\n\t<meta name=\"twitter:label2\" content=\"Gesch\u00e4tzte Lesezeit\" \/>\n\t<meta name=\"twitter:data2\" content=\"11\u00a0Minuten\" \/>\n<script type=\"application\/ld+json\" class=\"yoast-schema-graph\">{\"@context\":\"https:\\\/\\\/schema.org\",\"@graph\":[{\"@type\":\"Article\",\"@id\":\"https:\\\/\\\/wellclinic.pl\\\/tradzik-mimo-dobrej-pielegnacji-dlaczego-nadal-sie-pojawia\\\/#article\",\"isPartOf\":{\"@id\":\"https:\\\/\\\/wellclinic.pl\\\/tradzik-mimo-dobrej-pielegnacji-dlaczego-nadal-sie-pojawia\\\/\"},\"author\":{\"name\":\"Katarzyna Paw\u0142owska\",\"@id\":\"https:\\\/\\\/wellclinic.pl\\\/#\\\/schema\\\/person\\\/d6ba279cafc77bac21a8cf59a8aa67d6\"},\"headline\":\"Tr\u0105dzik mimo dobrej piel\u0119gnacji \u2013 dlaczego nadal si\u0119 pojawia?\",\"datePublished\":\"2026-08-24T14:55:00+00:00\",\"dateModified\":\"2026-09-01T15:12:20+00:00\",\"mainEntityOfPage\":{\"@id\":\"https:\\\/\\\/wellclinic.pl\\\/tradzik-mimo-dobrej-pielegnacji-dlaczego-nadal-sie-pojawia\\\/\"},\"wordCount\":2078,\"image\":{\"@id\":\"https:\\\/\\\/wellclinic.pl\\\/tradzik-mimo-dobrej-pielegnacji-dlaczego-nadal-sie-pojawia\\\/#primaryimage\"},\"thumbnailUrl\":\"https:\\\/\\\/wellclinic.pl\\\/wp-content\\\/uploads\\\/2026\\\/09\\\/RS_4622s.jpg\",\"articleSection\":[\"Bez kategorii\"],\"inLanguage\":\"de\"},{\"@type\":\"WebPage\",\"@id\":\"https:\\\/\\\/wellclinic.pl\\\/tradzik-mimo-dobrej-pielegnacji-dlaczego-nadal-sie-pojawia\\\/\",\"url\":\"https:\\\/\\\/wellclinic.pl\\\/tradzik-mimo-dobrej-pielegnacji-dlaczego-nadal-sie-pojawia\\\/\",\"name\":\"Tr\u0105dzik mimo dobrej piel\u0119gnacji \u2013 dlaczego nadal si\u0119 pojawia? - Wellclinic\",\"isPartOf\":{\"@id\":\"https:\\\/\\\/wellclinic.pl\\\/#website\"},\"primaryImageOfPage\":{\"@id\":\"https:\\\/\\\/wellclinic.pl\\\/tradzik-mimo-dobrej-pielegnacji-dlaczego-nadal-sie-pojawia\\\/#primaryimage\"},\"image\":{\"@id\":\"https:\\\/\\\/wellclinic.pl\\\/tradzik-mimo-dobrej-pielegnacji-dlaczego-nadal-sie-pojawia\\\/#primaryimage\"},\"thumbnailUrl\":\"https:\\\/\\\/wellclinic.pl\\\/wp-content\\\/uploads\\\/2026\\\/09\\\/RS_4622s.jpg\",\"datePublished\":\"2026-08-24T14:55:00+00:00\",\"dateModified\":\"2026-09-01T15:12:20+00:00\",\"author\":{\"@id\":\"https:\\\/\\\/wellclinic.pl\\\/#\\\/schema\\\/person\\\/d6ba279cafc77bac21a8cf59a8aa67d6\"},\"breadcrumb\":{\"@id\":\"https:\\\/\\\/wellclinic.pl\\\/tradzik-mimo-dobrej-pielegnacji-dlaczego-nadal-sie-pojawia\\\/#breadcrumb\"},\"inLanguage\":\"de\",\"potentialAction\":[{\"@type\":\"ReadAction\",\"target\":[\"https:\\\/\\\/wellclinic.pl\\\/tradzik-mimo-dobrej-pielegnacji-dlaczego-nadal-sie-pojawia\\\/\"]}]},{\"@type\":\"ImageObject\",\"inLanguage\":\"de\",\"@id\":\"https:\\\/\\\/wellclinic.pl\\\/tradzik-mimo-dobrej-pielegnacji-dlaczego-nadal-sie-pojawia\\\/#primaryimage\",\"url\":\"https:\\\/\\\/wellclinic.pl\\\/wp-content\\\/uploads\\\/2026\\\/09\\\/RS_4622s.jpg\",\"contentUrl\":\"https:\\\/\\\/wellclinic.pl\\\/wp-content\\\/uploads\\\/2026\\\/09\\\/RS_4622s.jpg\",\"width\":1200,\"height\":800,\"caption\":\"Tr\u0105dzik mimo dobrej piel\u0119gnacji\"},{\"@type\":\"BreadcrumbList\",\"@id\":\"https:\\\/\\\/wellclinic.pl\\\/tradzik-mimo-dobrej-pielegnacji-dlaczego-nadal-sie-pojawia\\\/#breadcrumb\",\"itemListElement\":[{\"@type\":\"ListItem\",\"position\":1,\"name\":\"Strona g\u0142\u00f3wna\",\"item\":\"https:\\\/\\\/wellclinic.pl\\\/\"},{\"@type\":\"ListItem\",\"position\":2,\"name\":\"Tr\u0105dzik mimo dobrej piel\u0119gnacji \u2013 dlaczego nadal si\u0119 pojawia?\"}]},{\"@type\":\"WebSite\",\"@id\":\"https:\\\/\\\/wellclinic.pl\\\/#website\",\"url\":\"https:\\\/\\\/wellclinic.pl\\\/\",\"name\":\"Wellclinic Klinika Medycyny Estetycznej - Warszawa | Gda\u0144sk | Krak\u00f3w\",\"description\":\"Klinika Medycyny Estetycznej - Warszawa i Gda\u0144sk\",\"potentialAction\":[{\"@type\":\"SearchAction\",\"target\":{\"@type\":\"EntryPoint\",\"urlTemplate\":\"https:\\\/\\\/wellclinic.pl\\\/?s={search_term_string}\"},\"query-input\":{\"@type\":\"PropertyValueSpecification\",\"valueRequired\":true,\"valueName\":\"search_term_string\"}}],\"inLanguage\":\"de\"},{\"@type\":\"Person\",\"@id\":\"https:\\\/\\\/wellclinic.pl\\\/#\\\/schema\\\/person\\\/d6ba279cafc77bac21a8cf59a8aa67d6\",\"name\":\"Katarzyna Paw\u0142owska\",\"url\":\"https:\\\/\\\/wellclinic.pl\\\/de\\\/author\\\/kasia\\\/\"}]}<\/script>\n<!-- \/ Yoast SEO plugin. -->","yoast_head_json":{"title":"Tr\u0105dzik mimo dobrej piel\u0119gnacji \u2013 dlaczego nadal si\u0119 pojawia? - Wellclinic","robots":{"index":"index","follow":"follow","max-snippet":"max-snippet:-1","max-image-preview":"max-image-preview:large","max-video-preview":"max-video-preview:-1"},"canonical":"https:\/\/wellclinic.pl\/de\/tradzik-mimo-dobrej-pielegnacji-dlaczego-nadal-sie-pojawia\/","og_locale":"de_DE","og_type":"article","og_title":"Tr\u0105dzik mimo dobrej piel\u0119gnacji \u2013 dlaczego nadal si\u0119 pojawia? - Wellclinic","og_description":"Poni\u017cej ca\u0142o\u015b\u0107 w tej formie: bez wypunktowa\u0144, z naturalnie wplecionymi linkami wewn\u0119trznymi bezpo\u015brednio w frazy. Regularne oczyszczanie sk\u00f3ry, stosowanie odpowiednio dobranych kosmetyk\u00f3w, nawil\u017canie oraz codzienna ochrona przeciws\u0142oneczna to podstawowe elementy prawid\u0142owej piel\u0119gnacji. Mimo to nie zawsze wystarczaj\u0105, aby ca\u0142kowicie zapobiec powstawaniu zmian. Tr\u0105dzik mimo piel\u0119gnacji mo\u017ce pojawia\u0107 si\u0119 nawet wtedy, gdy codzienna rutyna jest dobrze [&hellip;]","og_url":"https:\/\/wellclinic.pl\/de\/tradzik-mimo-dobrej-pielegnacji-dlaczego-nadal-sie-pojawia\/","og_site_name":"Wellclinic","article_published_time":"2026-08-24T14:55:00+00:00","article_modified_time":"2026-09-01T15:12:20+00:00","og_image":[{"width":1200,"height":800,"url":"https:\/\/wellclinic.pl\/wp-content\/uploads\/2026\/09\/RS_4622s.jpg","type":"image\/jpeg"}],"author":"Katarzyna Paw\u0142owska","twitter_card":"summary_large_image","twitter_misc":{"Verfasst von":"Katarzyna Paw\u0142owska","Gesch\u00e4tzte Lesezeit":"11\u00a0Minuten"},"schema":{"@context":"https:\/\/schema.org","@graph":[{"@type":"Article","@id":"https:\/\/wellclinic.pl\/tradzik-mimo-dobrej-pielegnacji-dlaczego-nadal-sie-pojawia\/#article","isPartOf":{"@id":"https:\/\/wellclinic.pl\/tradzik-mimo-dobrej-pielegnacji-dlaczego-nadal-sie-pojawia\/"},"author":{"name":"Katarzyna Paw\u0142owska","@id":"https:\/\/wellclinic.pl\/#\/schema\/person\/d6ba279cafc77bac21a8cf59a8aa67d6"},"headline":"Tr\u0105dzik mimo dobrej piel\u0119gnacji \u2013 dlaczego nadal si\u0119 pojawia?","datePublished":"2026-08-24T14:55:00+00:00","dateModified":"2026-09-01T15:12:20+00:00","mainEntityOfPage":{"@id":"https:\/\/wellclinic.pl\/tradzik-mimo-dobrej-pielegnacji-dlaczego-nadal-sie-pojawia\/"},"wordCount":2078,"image":{"@id":"https:\/\/wellclinic.pl\/tradzik-mimo-dobrej-pielegnacji-dlaczego-nadal-sie-pojawia\/#primaryimage"},"thumbnailUrl":"https:\/\/wellclinic.pl\/wp-content\/uploads\/2026\/09\/RS_4622s.jpg","articleSection":["Bez kategorii"],"inLanguage":"de"},{"@type":"WebPage","@id":"https:\/\/wellclinic.pl\/tradzik-mimo-dobrej-pielegnacji-dlaczego-nadal-sie-pojawia\/","url":"https:\/\/wellclinic.pl\/tradzik-mimo-dobrej-pielegnacji-dlaczego-nadal-sie-pojawia\/","name":"Tr\u0105dzik mimo dobrej piel\u0119gnacji \u2013 dlaczego nadal si\u0119 pojawia? - Wellclinic","isPartOf":{"@id":"https:\/\/wellclinic.pl\/#website"},"primaryImageOfPage":{"@id":"https:\/\/wellclinic.pl\/tradzik-mimo-dobrej-pielegnacji-dlaczego-nadal-sie-pojawia\/#primaryimage"},"image":{"@id":"https:\/\/wellclinic.pl\/tradzik-mimo-dobrej-pielegnacji-dlaczego-nadal-sie-pojawia\/#primaryimage"},"thumbnailUrl":"https:\/\/wellclinic.pl\/wp-content\/uploads\/2026\/09\/RS_4622s.jpg","datePublished":"2026-08-24T14:55:00+00:00","dateModified":"2026-09-01T15:12:20+00:00","author":{"@id":"https:\/\/wellclinic.pl\/#\/schema\/person\/d6ba279cafc77bac21a8cf59a8aa67d6"},"breadcrumb":{"@id":"https:\/\/wellclinic.pl\/tradzik-mimo-dobrej-pielegnacji-dlaczego-nadal-sie-pojawia\/#breadcrumb"},"inLanguage":"de","potentialAction":[{"@type":"ReadAction","target":["https:\/\/wellclinic.pl\/tradzik-mimo-dobrej-pielegnacji-dlaczego-nadal-sie-pojawia\/"]}]},{"@type":"ImageObject","inLanguage":"de","@id":"https:\/\/wellclinic.pl\/tradzik-mimo-dobrej-pielegnacji-dlaczego-nadal-sie-pojawia\/#primaryimage","url":"https:\/\/wellclinic.pl\/wp-content\/uploads\/2026\/09\/RS_4622s.jpg","contentUrl":"https:\/\/wellclinic.pl\/wp-content\/uploads\/2026\/09\/RS_4622s.jpg","width":1200,"height":800,"caption":"Tr\u0105dzik mimo dobrej piel\u0119gnacji"},{"@type":"BreadcrumbList","@id":"https:\/\/wellclinic.pl\/tradzik-mimo-dobrej-pielegnacji-dlaczego-nadal-sie-pojawia\/#breadcrumb","itemListElement":[{"@type":"ListItem","position":1,"name":"Strona g\u0142\u00f3wna","item":"https:\/\/wellclinic.pl\/"},{"@type":"ListItem","position":2,"name":"Tr\u0105dzik mimo dobrej piel\u0119gnacji \u2013 dlaczego nadal si\u0119 pojawia?"}]},{"@type":"WebSite","@id":"https:\/\/wellclinic.pl\/#website","url":"https:\/\/wellclinic.pl\/","name":"Wellclinic Klinik f\u00fcr \u00c4sthetische Medizin - Warschau | Danzig | Krakau","description":"Klinik f\u00fcr \u00e4sthetische Medizin-Warschau und Danzig","potentialAction":[{"@type":"SearchAction","target":{"@type":"EntryPoint","urlTemplate":"https:\/\/wellclinic.pl\/?s={search_term_string}"},"query-input":{"@type":"PropertyValueSpecification","valueRequired":true,"valueName":"search_term_string"}}],"inLanguage":"de"},{"@type":"Person","@id":"https:\/\/wellclinic.pl\/#\/schema\/person\/d6ba279cafc77bac21a8cf59a8aa67d6","name":"Katarzyna Paw\u0142owska","url":"https:\/\/wellclinic.pl\/de\/author\/kasia\/"}]}},"_links":{"self":[{"href":"https:\/\/wellclinic.pl\/de\/wp-json\/wp\/v2\/posts\/55044","targetHints":{"allow":["GET"]}}],"collection":[{"href":"https:\/\/wellclinic.pl\/de\/wp-json\/wp\/v2\/posts"}],"about":[{"href":"https:\/\/wellclinic.pl\/de\/wp-json\/wp\/v2\/types\/post"}],"author":[{"embeddable":true,"href":"https:\/\/wellclinic.pl\/de\/wp-json\/wp\/v2\/users\/26"}],"replies":[{"embeddable":true,"href":"https:\/\/wellclinic.pl\/de\/wp-json\/wp\/v2\/comments?post=55044"}],"version-history":[{"count":2,"href":"https:\/\/wellclinic.pl\/de\/wp-json\/wp\/v2\/posts\/55044\/revisions"}],"predecessor-version":[{"id":55049,"href":"https:\/\/wellclinic.pl\/de\/wp-json\/wp\/v2\/posts\/55044\/revisions\/55049"}],"wp:featuredmedia":[{"embeddable":true,"href":"https:\/\/wellclinic.pl\/de\/wp-json\/wp\/v2\/media\/55045"}],"wp:attachment":[{"href":"https:\/\/wellclinic.pl\/de\/wp-json\/wp\/v2\/media?parent=55044"}],"wp:term":[{"taxonomy":"category","embeddable":true,"href":"https:\/\/wellclinic.pl\/de\/wp-json\/wp\/v2\/categories?post=55044"},{"taxonomy":"post_tag","embeddable":true,"href":"https:\/\/wellclinic.pl\/de\/wp-json\/wp\/v2\/tags?post=55044"}],"curies":[{"name":"wp","href":"https:\/\/api.w.org\/{rel}","templated":true}]}}