{"id":6517,"date":"2026-08-04T13:54:00","date_gmt":"2026-08-04T11:54:00","guid":{"rendered":"https:\/\/wellclinic.pl\/?p=6517"},"modified":"2026-09-04T12:15:55","modified_gmt":"2026-09-04T10:15:55","slug":"wellclinic-acne-treatment","status":"publish","type":"post","link":"https:\/\/wellclinic.pl\/en\/leczenie-tradziku-w-wellclinic\/","title":{"rendered":"Leczenie tr\u0105dziku \u2013 skuteczne metody na zdrow\u0105 i czyst\u0105 sk\u00f3r\u0119"},"content":{"rendered":"<p class=\"wp-block-paragraph\"><strong>Znowu pojawi\u0142a si\u0119 kolejna krostka.<\/strong> I cho\u0107 mo\u017ce wydawa\u0107 si\u0119, \u017ce wystarczy j\u0105 przeczeka\u0107, <strong><a href=\"https:\/\/wellclinic.pl\/en\/treatment-of-active-acne\/\">acne treatment<\/a><\/strong> nie powinno sprowadza\u0107 si\u0119 wy\u0142\u0105cznie do walki z tym, co w danym momencie wida\u0107 na sk\u00f3rze. Za ka\u017cd\u0105 zmian\u0105 mo\u017ce sta\u0107 proces zapalny, kt\u00f3ry trwa znacznie d\u0142u\u017cej ni\u017c sama niedoskona\u0142o\u015b\u0107.<\/p>\n\n\n\n<p class=\"wp-block-paragraph\">Mo\u017cesz j\u0105 ukry\u0107 pod makija\u017cem, wysuszy\u0107 kosmetykiem albo poczeka\u0107, a\u017c zniknie. <strong>Ale je\u015bli po kilku dniach pojawia si\u0119 nast\u0119pna, problem nadal pozostaje.<\/strong> W\u0142a\u015bnie dlatego aktywny tr\u0105dzik potrafi by\u0107 tak trudny do opanowania \u2013 wymaga spojrzenia szerzej ni\u017c tylko na pojedyncze krostki czy grudki.<\/p>\n\n\n\n<p class=\"wp-block-paragraph\">Tr\u0105dzik jest przewlek\u0142\u0105 chorob\u0105 sk\u00f3ry, na kt\u00f3rej przebieg wp\u0142ywaj\u0105 m.in. hormony, predyspozycje genetyczne, aktywno\u015b\u0107 gruczo\u0142\u00f3w \u0142ojowych, nieprawid\u0142owe rogowacenie uj\u015b\u0107 mieszk\u00f3w w\u0142osowych oraz procesy zapalne. Ich efektem s\u0105 nie tylko widoczne zmiany, ale r\u00f3wnie\u017c zaczerwienienie, przebarwienia i \u2013 w niekt\u00f3rych przypadkach \u2013 blizny potr\u0105dzikowe.<\/p>\n\n\n\n<p class=\"wp-block-paragraph\">Dlatego je\u015bli kolejne kosmetyki i dotychczasowe sposoby post\u0119powania nie przynosz\u0105 oczekiwanej poprawy, warto zastanowi\u0107 si\u0119, <strong>czy nadal pr\u00f3bujesz usuwa\u0107 skutek, zamiast odpowiednio zaj\u0105\u0107 si\u0119 problemem<\/strong>.<\/p>\n\n\n\n<h2 class=\"wp-block-heading\">Leczenie tr\u0105dziku \u2013 od czego zacz\u0105\u0107?<\/h2>\n\n\n\n<p class=\"wp-block-paragraph\"><strong>Acne treatment<\/strong> powinno zaczyna\u0107 si\u0119 od ustalenia, co powoduje i podtrzymuje zmiany. Na ich powstawanie wp\u0142ywaj\u0105 mi\u0119dzy innymi hormony, nadmierna produkcja sebum, zaburzenia rogowacenia, bakterie oraz predyspozycje genetyczne. Z tego powodu samo wysuszanie wyprysk\u00f3w nie rozwi\u0105zuje problemu.<\/p>\n\n\n\n<p class=\"wp-block-paragraph\">W zale\u017cno\u015bci od rodzaju i nasilenia zmian stosuje si\u0119 r\u00f3\u017cne metody. Mog\u0105 obejmowa\u0107 piel\u0119gnacj\u0119 domow\u0105, leczenie dermatologiczne oraz zabiegi wykonywane w gabinecie. Jedn\u0105 z mo\u017cliwo\u015bci jest <strong>laser acne treatment<\/strong>, kt\u00f3re pozwala oddzia\u0142ywa\u0107 na struktury zwi\u0105zane z powstawaniem zmian zapalnych.<\/p>\n\n\n\n<div class=\"wp-block-buttons is-content-justification-center is-layout-flex wp-container-core-buttons-is-layout-3e41869c wp-block-buttons-is-layout-flex\">\n<div class=\"wp-block-button well-btn\"><a class=\"wp-block-button__link has-text-align-center wp-element-button\" href=\"\/en\/treatment-of-active-acne\/\">Find out more<\/a><\/div>\n<\/div>\n\n\n\n<h2 class=\"wp-block-heading\">Sk\u0105d bierze si\u0119 tr\u0105dzik?<\/h2>\n\n\n\n<p class=\"wp-block-paragraph\">Tr\u0105dzik jest przewlek\u0142\u0105 chorob\u0105 sk\u00f3ry, kt\u00f3ra mo\u017ce dotyczy\u0107 zar\u00f3wno nastolatk\u00f3w, jak i os\u00f3b doros\u0142ych. Jego przebieg bywa r\u00f3\u017cny. U jednej osoby pojawiaj\u0105 si\u0119 pojedyncze krosty, u innej dominuj\u0105 liczne stany zapalne, grudki i zask\u00f3rniki. Jedn\u0105 z jego postaci jest <a href=\"https:\/\/wellclinic.pl\/en\/encyclopedia\/acne-vulgaris\/\"><strong>acne vulgaris<\/strong><\/a>.<\/p>\n\n\n\n<p class=\"wp-block-paragraph\">Jednym z istotnych czynnik\u00f3w jest nadmierna aktywno\u015b\u0107 gruczo\u0142\u00f3w \u0142ojowych. Nadmiar sebum w po\u0142\u0105czeniu z zaburzeniami z\u0142uszczania nask\u00f3rka mo\u017ce prowadzi\u0107 do zablokowania uj\u015b\u0107 mieszk\u00f3w w\u0142osowych. Nadmierne wydzielanie sebum mo\u017ce by\u0107 zwi\u0105zane r\u00f3wnie\u017c z <a href=\"https:\/\/wellclinic.pl\/en\/encyclopedia\/lojotoc\/\"><strong>\u0142ojotokiem<\/strong><\/a>. W takich warunkach \u0142atwiej rozwija si\u0119 stan zapalny.<\/p>\n\n\n\n<p class=\"wp-block-paragraph\">Znaczenie maj\u0105 r\u00f3wnie\u017c hormony, predyspozycje genetyczne oraz indywidualna reaktywno\u015b\u0107 sk\u00f3ry. Dlatego <strong>tr\u0105dzik nie jest wy\u0142\u0105cznie problemem kosmetycznym<\/strong> i nie zawsze mo\u017cna si\u0119 go pozby\u0107 za pomoc\u0105 zmiany kremu czy cz\u0119stszego oczyszczania twarzy.<\/p>\n\n\n\n<h2 class=\"wp-block-heading\">Domowe sposoby na tr\u0105dzik nie zawsze wystarczaj\u0105<\/h2>\n\n\n\n<p class=\"wp-block-paragraph\">Pierwszym krokiem cz\u0119sto jest samodzielna piel\u0119gnacja. Kosmetyki zawieraj\u0105ce kwas salicylowy, cynk czy sk\u0142adniki reguluj\u0105ce wydzielanie sebum mog\u0105 by\u0107 pomocne w przypadku sk\u00f3ry z niedoskona\u0142o\u015bciami. Znaczenie ma r\u00f3wnie\u017c \u0142agodne oczyszczanie i regularne nawil\u017canie.<\/p>\n\n\n\n<p class=\"wp-block-paragraph\">Problem pojawia si\u0119 wtedy, gdy kolejne preparaty dobierane s\u0105 bez uwzgl\u0119dnienia potrzeb sk\u00f3ry. Mocne z\u0142uszczanie, wysuszanie zmian i cz\u0119ste zmiany kosmetyk\u00f3w mog\u0105 prowadzi\u0107 do podra\u017cnienia. Sk\u00f3ra staje si\u0119 wtedy zaczerwieniona i bardziej wra\u017cliwa, a aktywny tr\u0105dzik nadal pozostaje.<\/p>\n\n\n\n<p class=\"wp-block-paragraph\"><strong>Acne treatment<\/strong> mo\u017ce wymaga\u0107 zastosowania metod dzia\u0142aj\u0105cych na wi\u0119cej ni\u017c jeden mechanizm powstawania zmian. W przypadku nasilonego problemu warto skonsultowa\u0107 sk\u00f3r\u0119 ze specjalist\u0105 zamiast przez kolejne miesi\u0105ce testowa\u0107 przypadkowe rozwi\u0105zania.<\/p>\n\n\n\n<figure class=\"wp-block-image size-large\"><img fetchpriority=\"high\" decoding=\"async\" width=\"1024\" height=\"793\" src=\"https:\/\/wellclinic.pl\/wp-content\/uploads\/2026\/07\/leczenie_tradziku_4-1024x793.jpg\" alt=\"acne treatment\" class=\"wp-image-54102\" srcset=\"https:\/\/wellclinic.pl\/wp-content\/uploads\/2026\/07\/leczenie_tradziku_4-1024x793.jpg 1024w, https:\/\/wellclinic.pl\/wp-content\/uploads\/2026\/07\/leczenie_tradziku_4-300x232.jpg 300w, https:\/\/wellclinic.pl\/wp-content\/uploads\/2026\/07\/leczenie_tradziku_4-768x595.jpg 768w, https:\/\/wellclinic.pl\/wp-content\/uploads\/2026\/07\/leczenie_tradziku_4-1536x1190.jpg 1536w, https:\/\/wellclinic.pl\/wp-content\/uploads\/2026\/07\/leczenie_tradziku_4-15x12.jpg 15w, https:\/\/wellclinic.pl\/wp-content\/uploads\/2026\/07\/leczenie_tradziku_4.jpg 2000w\" sizes=\"(max-width: 1024px) 100vw, 1024px\" \/><\/figure>\n\n\n\n<h2 class=\"wp-block-heading\">Laser treatment for acne at Wellclinic<\/h2>\n\n\n\n<p class=\"wp-block-paragraph\">W Wellclinic do terapii aktywnego tr\u0105dziku wykorzystujemy mi\u0119dzy innymi platform\u0119 <a href=\"https:\/\/wellclinic.pl\/en\/encyclopedia\/photona-dynamis-sp-3\/\"><strong>Fotona Dynamis SP PRO<\/strong><\/a>. Laser dostarcza energi\u0119 do odpowiednio wybranych struktur sk\u00f3ry, dzi\u0119ki czemu mo\u017ce wp\u0142ywa\u0107 na procesy zwi\u0105zane z powstawaniem zmian.<\/p>\n\n\n\n<p class=\"wp-block-paragraph\"><strong>Magister kosmetologii Brygida Kasperowicz z Wellclinic wyja\u015bnia:<\/strong><\/p>\n\n\n\n<p class=\"wp-block-paragraph\"><em>\"I often meet patients who have exhausted all home remedies for eczema and drug treatments, which unfortunately have not produced lasting results. In such situations, I always recommend the dermatological therapies for imperfections that we offer at Wellclinic. For the treatment of acne, we use advanced<\/em> <em><strong>Fotona Dynamis Sp Pro platform<\/strong><\/em>. <em>Uwa\u017cam, \u017ce jest to znacznie lepsza kuracja na tr\u0105dzik ni\u017c tradycyjne leki, poniewa\u017c dzia\u0142a bezpo\u015brednio w g\u0142\u0119bokich warstwach sk\u00f3ry, eliminuj\u0105c problem u \u017ar\u00f3d\u0142a.<\/em><\/p>\n\n\n\n<p class=\"wp-block-paragraph\"><em>The operation of the Foton laser is based on the phenomenon of <strong>selective photothermolysis<\/strong>. This means that the laser energy is selectively absorbed by the affected areas, where the blood supply is increased. As a result, we heat the tissues in a controlled manner, which leads to selective damage of the sebaceous glands, destruction of acne-causing bacteria and reduction of sebum production. This not only gets rid of current imperfections, but also effectively prevents their formation in przysz\u0142o\u015bci.\"<\/em><\/p>\n\n\n\n<div class=\"wp-block-buttons is-content-justification-center is-layout-flex wp-container-core-buttons-is-layout-3e41869c wp-block-buttons-is-layout-flex\">\n<div class=\"wp-block-button well-btn\"><a class=\"wp-block-button__link has-text-align-center wp-element-button\" href=\"\/en\/treatment-of-active-acne\/\">Find out more<\/a><\/div>\n<\/div>\n\n\n\n<h2 class=\"wp-block-heading\">Jak dzia\u0142a laser na tr\u0105dzik?<\/h2>\n\n\n\n<p class=\"wp-block-paragraph\">Laser oddzia\u0142uje nie tylko na powierzchni\u0119 sk\u00f3ry. Jego energia dociera do g\u0142\u0119bszych struktur, gdzie mo\u017ce wp\u0142ywa\u0107 na aktywno\u015b\u0107 gruczo\u0142\u00f3w \u0142ojowych i procesy odpowiedzialne za powstawanie zmian zapalnych.<\/p>\n\n\n\n<p class=\"wp-block-paragraph\">W efekcie terapia mo\u017ce prowadzi\u0107 do <strong>ograniczenia produkcji sebum, wyciszenia stan\u00f3w zapalnych i zmniejszenia liczby aktywnych zmian<\/strong>. Wraz z ich wyciszeniem sk\u00f3ra mo\u017ce wygl\u0105da\u0107 bardziej jednolicie.<\/p>\n\n\n\n<p class=\"wp-block-paragraph\"><a href=\"https:\/\/wellclinic.pl\/en\/treatment-of-active-acne\/\"><strong>Laser treatment of acne <\/strong><\/a>sprawdza si\u0119 u os\u00f3b, kt\u00f3re zmagaj\u0105 si\u0119 z nawracaj\u0105cym tr\u0105dzikiem i chc\u0105 zastosowa\u0107 metod\u0119 inn\u0105 ni\u017c wy\u0142\u0105cznie leczenie miejscowe. Nie oznacza to jednak, \u017ce laser zast\u0119puje ka\u017cd\u0105 form\u0119 terapii dermatologicznej. O wyborze metody powinien decydowa\u0107 specjalista po ocenie sk\u00f3ry.<\/p>\n\n\n\n<h2 class=\"wp-block-heading\">Efekty terapii laserowej na tr\u0105dzik<\/h2>\n\n\n\n<p class=\"wp-block-paragraph\">Rezultaty terapii zale\u017c\u0105 od rodzaju zmian, ich nasilenia oraz indywidualnej reakcji sk\u00f3ry. Celem jest przede wszystkim ograniczenie aktywnego tr\u0105dziku i zmniejszenie tendencji do powstawania kolejnych stan\u00f3w zapalnych.<\/p>\n\n\n\n<p class=\"wp-block-paragraph\">Wraz z wyciszeniem zmian poprawie mo\u017ce ulec r\u00f3wnie\u017c wygl\u0105d sk\u00f3ry. Mniejsza liczba wyprysk\u00f3w oznacza mniej nowych przebarwie\u0144 pozapalnych i mniejsze ryzyko dalszego uszkadzania sk\u00f3ry przez wyciskanie zmian.<\/p>\n\n\n\n<p class=\"wp-block-paragraph\">Liczba zabieg\u00f3w jest ustalana indywidualnie. W zale\u017cno\u015bci od potrzeb terapia mo\u017ce obejmowa\u0107 od 1 do 5 protoko\u0142\u00f3w. <strong>Nie ma jednej liczby zabieg\u00f3w odpowiedniej dla ka\u017cdego Pacjenta<\/strong>, dlatego plan leczenia ustalany jest po ocenie sk\u00f3ry.<\/p>\n\n\n\n<p class=\"wp-block-paragraph\">Opinia naszej Pacjentki:<\/p>\n\n\n\n<p class=\"wp-block-paragraph\"><em>\"I tried everything - from home remedies for acne to pharmacology. It was only at Wellclinic, under the guidance of a specialist, that I found az\u0142am effective method that freed me from my problem. The treatment was painless and the results exceeded my expectations. I now feel that I have regained the self I had years ago.\" - Agatha, 23 years old.<\/em><\/p>\n\n\n\n<h2 class=\"wp-block-heading\">Przebieg leczenia tr\u0105dziku w Wellclinic<\/h2>\n\n\n\n<p class=\"wp-block-paragraph\">Ka\u017cda terapia rozpoczyna si\u0119 od <strong>szczeg\u00f3\u0142owego wywiadu i oceny sk\u00f3ry<\/strong>. Specjalista analizuje charakter zmian, ich nasilenie oraz dotychczas stosowane metody leczenia. Sprawdzane s\u0105 r\u00f3wnie\u017c przeciwwskazania do wykonania zabiegu.<\/p>\n\n\n\n<p class=\"wp-block-paragraph\">Przed rozpocz\u0119ciem procedury sk\u00f3ra jest dok\u0142adnie oczyszczana. Nast\u0119pnie dobierane s\u0105 parametry lasera odpowiednie do jej aktualnego stanu.<\/p>\n\n\n\n<p class=\"wp-block-paragraph\">Podczas zabiegu Pacjent mo\u017ce odczuwa\u0107 ciep\u0142o, jednak zastosowanie ch\u0142odzenia pozwala zwi\u0119kszy\u0107 komfort procedury. Po terapii mo\u017ce pojawi\u0107 si\u0119 przej\u015bciowe zaczerwienienie lub niewielki obrz\u0119k. Zwykle objawy te ust\u0119puj\u0105 w ci\u0105gu 1\u20132 dni.<\/p>\n\n\n\n<p class=\"wp-block-paragraph\">Po zabiegu mo\u017cna wr\u00f3ci\u0107 do codziennych aktywno\u015bci, przestrzegaj\u0105c zalece\u0144 dotycz\u0105cych piel\u0119gnacji i ochrony sk\u00f3ry.<\/p>\n\n\n\n<div class=\"wp-block-buttons is-content-justification-center is-layout-flex wp-container-core-buttons-is-layout-3e41869c wp-block-buttons-is-layout-flex\">\n<div class=\"wp-block-button well-btn\"><a class=\"wp-block-button__link has-text-align-center wp-element-button\" href=\"\/en\/treatment-of-active-acne\/\">Find out more<\/a><\/div>\n<\/div>\n\n\n\n<h2 class=\"wp-block-heading\">Piel\u0119gnacja sk\u00f3ry podczas leczenia tr\u0105dziku<\/h2>\n\n\n\n<p class=\"wp-block-paragraph\">Zabieg wykonany w klinice nie zast\u0119puje codziennej piel\u0119gnacji. Znaczenie ma r\u00f3wnie\u017c spos\u00f3b oczyszczania sk\u00f3ry oraz post\u0119powanie z pojawiaj\u0105cymi si\u0119 zmianami.<\/p>\n\n\n\n<p class=\"wp-block-paragraph\">Sk\u00f3ra tr\u0105dzikowa potrzebuje dok\u0142adnego, ale \u0142agodnego oczyszczania. Nadmierne przesuszanie mo\u017ce przynie\u015b\u0107 efekt odwrotny do zamierzonego i dodatkowo naruszy\u0107 barier\u0119 ochronn\u0105 sk\u00f3ry. Dlatego warto unika\u0107 agresywnego szorowania, cz\u0119stego peelingowania oraz kosmetyk\u00f3w, kt\u00f3re powoduj\u0105 silne \u015bci\u0105gni\u0119cie sk\u00f3ry.<\/p>\n\n\n\n<p class=\"wp-block-paragraph\">Istotne jest r\u00f3wnie\u017c nawil\u017canie. <strong>Sk\u00f3ra z tr\u0105dzikiem nadal potrzebuje ochrony i odpowiedniego poziomu nawodnienia<\/strong>, nawet je\u015bli jednocze\u015bnie nadmiernie si\u0119 przet\u0142uszcza.<\/p>\n\n\n\n<p class=\"wp-block-paragraph\">Nie nale\u017cy tak\u017ce wyciska\u0107 zmian. Mechaniczne uszkadzanie sk\u00f3ry zwi\u0119ksza ryzyko nasilenia stanu zapalnego, przebarwie\u0144 i blizn potr\u0105dzikowych.<\/p>\n\n\n\n<h2 class=\"wp-block-heading\">Tr\u0105dzik a blizny potr\u0105dzikowe<\/h2>\n\n\n\n<p class=\"wp-block-paragraph\">Aktywny tr\u0105dzik i blizny potr\u0105dzikowe to dwa r\u00f3\u017cne problemy. Je\u015bli na sk\u00f3rze pojawi\u0142y si\u0119 ju\u017c zag\u0142\u0119bienia, nier\u00f3wno\u015bci lub trwa\u0142e zmiany struktury, samo wyciszenie aktywnych stan\u00f3w zapalnych nie wystarczy do ich usuni\u0119cia.<\/p>\n\n\n\n<p class=\"wp-block-paragraph\">Therefore <strong>leczenie tr\u0105dziku warto rozpocz\u0105\u0107 mo\u017cliwie wcze\u015bnie<\/strong>. Ograniczenie liczby nowych zmian oznacza r\u00f3wnie\u017c mniejsze ryzyko powstawania kolejnych \u015blad\u00f3w.<\/p>\n\n\n\n<p class=\"wp-block-paragraph\">Je\u015bli na sk\u00f3rze pozosta\u0142y ju\u017c blizny, w tym <a href=\"https:\/\/wellclinic.pl\/en\/encyclopedia\/acne-valleys\/\"><strong>acne scars<\/strong><\/a>, mo\u017cna rozwa\u017cy\u0107 osobn\u0105 terapi\u0119 ukierunkowan\u0105 na popraw\u0119 jej struktury. Jej przebieg powinien zosta\u0107 dobrany dopiero po ocenie rodzaju blizn i kondycji sk\u00f3ry.<\/p>\n\n\n\n<h2 class=\"wp-block-heading\">Dlaczego leczenie tr\u0105dziku wymaga konsekwencji<\/h2>\n\n\n\n<p class=\"wp-block-paragraph\">Nie istnieje jeden uniwersalny spos\u00f3b na tr\u0105dzik. To, co sprawdzi si\u0119 przy pojedynczych zmianach, niekoniecznie b\u0119dzie odpowiednie przy nasilonym tr\u0105dziku zapalnym.<\/p>\n\n\n\n<p class=\"wp-block-paragraph\">Dlatego terapia powinna uwzgl\u0119dnia\u0107 <strong>rodzaj tr\u0105dziku, jego nasilenie, stan sk\u00f3ry oraz wcze\u015bniejsze leczenie<\/strong>. W jednym przypadku podstaw\u0105 b\u0119dzie odpowiednia piel\u0119gnacja, w innym potrzebne b\u0119dzie leczenie dermatologiczne, a u cz\u0119\u015bci Pacjent\u00f3w dobrym uzupe\u0142nieniem mo\u017ce by\u0107 laseroterapia.<\/p>\n\n\n\n<p class=\"wp-block-paragraph\">W Wellclinic nie zaczynamy od przypadkowego zabiegu. Najpierw oceniamy problem, a dopiero p\u00f3\u017aniej dobieramy spos\u00f3b post\u0119powania.<\/p>\n\n\n\n<h2 class=\"wp-block-heading\">Kiedy tr\u0105dzik wci\u0105\u017c wraca, potrzebujesz czego\u015b wi\u0119cej ni\u017c kolejnego kosmetyku<\/h2>\n\n\n\n<p class=\"wp-block-paragraph\"><strong>Ile razy mo\u017cna zaczyna\u0107 od nowa?<\/strong> Nowy kosmetyk, kolejna metoda, kilka tygodni nadziei i\u2026 nast\u0119pna zmiana. Je\u015bli <strong>acne<\/strong> wci\u0105\u017c powraca, problemem mo\u017ce nie by\u0107 brak wystarczaj\u0105cej liczby produkt\u00f3w, ale spos\u00f3b, w jaki pr\u00f3bujesz sobie z nim radzi\u0107.<\/p>\n\n\n\n<p class=\"wp-block-paragraph\"><strong>Acne treatment<\/strong> powinno by\u0107 dopasowane do tego, co rzeczywi\u015bcie dzieje si\u0119 ze sk\u00f3r\u0105. W Wellclinic podczas konsultacji oceniamy rodzaj i nasilenie zmian oraz aktualn\u0105 kondycj\u0119 sk\u00f3ry. Na tej podstawie specjalista mo\u017ce zaproponowa\u0107 odpowiednie post\u0119powanie, kt\u00f3re w wybranych przypadkach obejmuje <strong>laser therapy<\/strong>, w\u0142a\u015bciw\u0105 piel\u0119gnacj\u0119 oraz indywidualne zalecenia.<\/p>\n\n\n\n<p class=\"wp-block-paragraph\">Nie chodzi o to, aby bez ko\u0144ca testowa\u0107 kolejne rozwi\u0105zania. <strong>Chodzi o znalezienie metody dopasowanej do Twojej sk\u00f3ry i charakteru problemu.<\/strong> Wi\u0119cej o mo\u017cliwo\u015bciach terapii przeczytasz w ha\u015ble <strong>acne removal<\/strong>.<\/p>\n\n\n\n<p class=\"wp-block-paragraph\">Je\u017celi masz do\u015b\u0107 ci\u0105g\u0142ego ukrywania zmian i kolejnych pr\u00f3b bez oczekiwanego efektu, <strong>zr\u00f3b pierwszy krok w stron\u0119 \u015bwiadomego leczenia<\/strong>. During <strong><a href=\"https:\/\/wellclinic.pl\/en\/contact\/\">konsultacji w Wellclinic<\/a><\/strong> specjalista oceni stan Twojej sk\u00f3ry i pomo\u017ce okre\u015bli\u0107, jakie mo\u017cliwo\u015bci terapii b\u0119d\u0105 odpowiednie w Twoim przypadku. Um\u00f3w konsultacj\u0119 w Wellclinic w Warszawie, Gda\u0144sku lub Krakowie i sprawd\u017a, jakie rozwi\u0105zanie mo\u017ce najlepiej odpowiedzie\u0107 na potrzeby Twojej sk\u00f3ry.<\/p>\n\n\n\n<p class=\"wp-block-paragraph\"><\/p>","protected":false},"excerpt":{"rendered":"<p>Znowu pojawi\u0142a si\u0119 kolejna krostka. I cho\u0107 mo\u017ce wydawa\u0107 si\u0119, \u017ce wystarczy j\u0105 przeczeka\u0107, leczenie tr\u0105dziku nie powinno sprowadza\u0107 si\u0119 wy\u0142\u0105cznie do walki z tym, co w danym momencie wida\u0107 na sk\u00f3rze. Za ka\u017cd\u0105 zmian\u0105 mo\u017ce sta\u0107 proces zapalny, kt\u00f3ry trwa znacznie d\u0142u\u017cej ni\u017c sama niedoskona\u0142o\u015b\u0107. Mo\u017cesz j\u0105 ukry\u0107 pod makija\u017cem, wysuszy\u0107 kosmetykiem albo poczeka\u0107, [&hellip;]<\/p>\n","protected":false},"author":26,"featured_media":54102,"comment_status":"closed","ping_status":"closed","sticky":false,"template":"","format":"standard","meta":{"_acf_changed":false,"footnotes":""},"categories":[59,36,38,101,79,75,77],"tags":[32,144,121,114],"class_list":["post-6517","post","type-post","status-publish","format-standard","has-post-thumbnail","hentry","category-blog","category-zabieg-dla-kobiet","category-zabieg-dla-mezczyzn","category-zabieg-laserowy","category-zabieg-na-twarz","category-zabieg-nieinwazyjny","category-zabieg-odmladzajacy","tag-laser-fotona","tag-leczenie-aktywnego-tradziku","tag-leczenie-tradziku","tag-usuwanie-blizn"],"acf":[],"yoast_head":"<!-- This site is optimized with the Yoast SEO plugin v28.4 - https:\/\/yoast.com\/product\/yoast-seo-wordpress\/ -->\n<title>Leczenie tr\u0105dziku \u2013 skuteczne metody na aktywne zmiany<\/title>\n<meta name=\"description\" content=\"Leczenie tr\u0105dziku \u2013 poznaj skuteczne metody terapii, przyczyny powstawania zmian oraz mo\u017cliwo\u015bci laserowego leczenia tr\u0105dziku w Wellclinic.\" \/>\n<meta name=\"robots\" content=\"index, follow, max-snippet:-1, max-image-preview:large, max-video-preview:-1\" \/>\n<link rel=\"canonical\" href=\"https:\/\/wellclinic.pl\/en\/wellclinic-acne-treatment\/\" \/>\n<meta property=\"og:locale\" content=\"en_GB\" \/>\n<meta property=\"og:type\" content=\"article\" \/>\n<meta property=\"og:title\" content=\"Leczenie tr\u0105dziku \u2013 skuteczne metody na aktywne zmiany\" \/>\n<meta property=\"og:description\" content=\"Leczenie tr\u0105dziku \u2013 poznaj skuteczne metody terapii, przyczyny powstawania zmian oraz mo\u017cliwo\u015bci laserowego leczenia tr\u0105dziku w Wellclinic.\" \/>\n<meta property=\"og:url\" content=\"https:\/\/wellclinic.pl\/en\/wellclinic-acne-treatment\/\" \/>\n<meta property=\"og:site_name\" content=\"Wellclinic\" \/>\n<meta property=\"article:published_time\" content=\"2026-08-04T11:54:00+00:00\" \/>\n<meta property=\"article:modified_time\" content=\"2026-09-04T10:15:55+00:00\" \/>\n<meta property=\"og:image\" content=\"https:\/\/wellclinic.pl\/wp-content\/uploads\/2026\/07\/leczenie_tradziku_4.jpg\" \/>\n\t<meta property=\"og:image:width\" content=\"2000\" \/>\n\t<meta property=\"og:image:height\" content=\"1549\" \/>\n\t<meta property=\"og:image:type\" content=\"image\/jpeg\" \/>\n<meta name=\"author\" content=\"Katarzyna Paw\u0142owska\" \/>\n<meta name=\"twitter:card\" content=\"summary_large_image\" \/>\n<meta name=\"twitter:label1\" content=\"Written by\" \/>\n\t<meta name=\"twitter:data1\" content=\"Katarzyna Paw\u0142owska\" \/>\n\t<meta name=\"twitter:label2\" content=\"Estimated reading time\" \/>\n\t<meta name=\"twitter:data2\" content=\"9 minutes\" \/>\n<script type=\"application\/ld+json\" class=\"yoast-schema-graph\">{\"@context\":\"https:\\\/\\\/schema.org\",\"@graph\":[{\"@type\":\"Article\",\"@id\":\"https:\\\/\\\/wellclinic.pl\\\/leczenie-tradziku-w-wellclinic\\\/#article\",\"isPartOf\":{\"@id\":\"https:\\\/\\\/wellclinic.pl\\\/leczenie-tradziku-w-wellclinic\\\/\"},\"author\":{\"name\":\"Katarzyna Paw\u0142owska\",\"@id\":\"https:\\\/\\\/wellclinic.pl\\\/#\\\/schema\\\/person\\\/d6ba279cafc77bac21a8cf59a8aa67d6\"},\"headline\":\"Leczenie tr\u0105dziku \u2013 skuteczne metody na zdrow\u0105 i czyst\u0105 sk\u00f3r\u0119\",\"datePublished\":\"2026-08-04T11:54:00+00:00\",\"dateModified\":\"2026-09-04T10:15:55+00:00\",\"mainEntityOfPage\":{\"@id\":\"https:\\\/\\\/wellclinic.pl\\\/leczenie-tradziku-w-wellclinic\\\/\"},\"wordCount\":1777,\"image\":{\"@id\":\"https:\\\/\\\/wellclinic.pl\\\/leczenie-tradziku-w-wellclinic\\\/#primaryimage\"},\"thumbnailUrl\":\"https:\\\/\\\/wellclinic.pl\\\/wp-content\\\/uploads\\\/2026\\\/07\\\/leczenie_tradziku_4.jpg\",\"keywords\":[\"Laser Fotona\",\"leczenie aktywnego tr\u0105dziku\",\"leczenie tr\u0105dziku\",\"usuwanie blizn\"],\"articleSection\":[\"Blog\",\"Zabieg dla kobiet\",\"Zabieg dla m\u0119\u017cczyzn\",\"Zabieg laserowy\",\"Zabieg na twarz\",\"Zabieg nieinwazyjny\",\"Zabieg odm\u0142adzaj\u0105cy\"],\"inLanguage\":\"en-GB\"},{\"@type\":\"WebPage\",\"@id\":\"https:\\\/\\\/wellclinic.pl\\\/leczenie-tradziku-w-wellclinic\\\/\",\"url\":\"https:\\\/\\\/wellclinic.pl\\\/leczenie-tradziku-w-wellclinic\\\/\",\"name\":\"Leczenie tr\u0105dziku \u2013 skuteczne metody na aktywne zmiany\",\"isPartOf\":{\"@id\":\"https:\\\/\\\/wellclinic.pl\\\/#website\"},\"primaryImageOfPage\":{\"@id\":\"https:\\\/\\\/wellclinic.pl\\\/leczenie-tradziku-w-wellclinic\\\/#primaryimage\"},\"image\":{\"@id\":\"https:\\\/\\\/wellclinic.pl\\\/leczenie-tradziku-w-wellclinic\\\/#primaryimage\"},\"thumbnailUrl\":\"https:\\\/\\\/wellclinic.pl\\\/wp-content\\\/uploads\\\/2026\\\/07\\\/leczenie_tradziku_4.jpg\",\"datePublished\":\"2026-08-04T11:54:00+00:00\",\"dateModified\":\"2026-09-04T10:15:55+00:00\",\"author\":{\"@id\":\"https:\\\/\\\/wellclinic.pl\\\/#\\\/schema\\\/person\\\/d6ba279cafc77bac21a8cf59a8aa67d6\"},\"description\":\"Leczenie tr\u0105dziku \u2013 poznaj skuteczne metody terapii, przyczyny powstawania zmian oraz mo\u017cliwo\u015bci laserowego leczenia tr\u0105dziku w Wellclinic.\",\"breadcrumb\":{\"@id\":\"https:\\\/\\\/wellclinic.pl\\\/leczenie-tradziku-w-wellclinic\\\/#breadcrumb\"},\"inLanguage\":\"en-GB\",\"potentialAction\":[{\"@type\":\"ReadAction\",\"target\":[\"https:\\\/\\\/wellclinic.pl\\\/leczenie-tradziku-w-wellclinic\\\/\"]}]},{\"@type\":\"ImageObject\",\"inLanguage\":\"en-GB\",\"@id\":\"https:\\\/\\\/wellclinic.pl\\\/leczenie-tradziku-w-wellclinic\\\/#primaryimage\",\"url\":\"https:\\\/\\\/wellclinic.pl\\\/wp-content\\\/uploads\\\/2026\\\/07\\\/leczenie_tradziku_4.jpg\",\"contentUrl\":\"https:\\\/\\\/wellclinic.pl\\\/wp-content\\\/uploads\\\/2026\\\/07\\\/leczenie_tradziku_4.jpg\",\"width\":2000,\"height\":1549,\"caption\":\"leczenie tr\u0105dziku\"},{\"@type\":\"BreadcrumbList\",\"@id\":\"https:\\\/\\\/wellclinic.pl\\\/leczenie-tradziku-w-wellclinic\\\/#breadcrumb\",\"itemListElement\":[{\"@type\":\"ListItem\",\"position\":1,\"name\":\"Strona g\u0142\u00f3wna\",\"item\":\"https:\\\/\\\/wellclinic.pl\\\/\"},{\"@type\":\"ListItem\",\"position\":2,\"name\":\"Leczenie tr\u0105dziku \u2013 skuteczne metody na zdrow\u0105 i czyst\u0105 sk\u00f3r\u0119\"}]},{\"@type\":\"WebSite\",\"@id\":\"https:\\\/\\\/wellclinic.pl\\\/#website\",\"url\":\"https:\\\/\\\/wellclinic.pl\\\/\",\"name\":\"Wellclinic Klinika Medycyny Estetycznej - Warszawa | Gda\u0144sk | Krak\u00f3w\",\"description\":\"Klinika Medycyny Estetycznej - Warszawa i Gda\u0144sk\",\"potentialAction\":[{\"@type\":\"SearchAction\",\"target\":{\"@type\":\"EntryPoint\",\"urlTemplate\":\"https:\\\/\\\/wellclinic.pl\\\/?s={search_term_string}\"},\"query-input\":{\"@type\":\"PropertyValueSpecification\",\"valueRequired\":true,\"valueName\":\"search_term_string\"}}],\"inLanguage\":\"en-GB\"},{\"@type\":\"Person\",\"@id\":\"https:\\\/\\\/wellclinic.pl\\\/#\\\/schema\\\/person\\\/d6ba279cafc77bac21a8cf59a8aa67d6\",\"name\":\"Katarzyna Paw\u0142owska\",\"url\":\"https:\\\/\\\/wellclinic.pl\\\/en\\\/author\\\/kasia\\\/\"}]}<\/script>\n<!-- \/ Yoast SEO plugin. -->","yoast_head_json":{"title":"Leczenie tr\u0105dziku \u2013 skuteczne metody na aktywne zmiany","description":"Leczenie tr\u0105dziku \u2013 poznaj skuteczne metody terapii, przyczyny powstawania zmian oraz mo\u017cliwo\u015bci laserowego leczenia tr\u0105dziku w Wellclinic.","robots":{"index":"index","follow":"follow","max-snippet":"max-snippet:-1","max-image-preview":"max-image-preview:large","max-video-preview":"max-video-preview:-1"},"canonical":"https:\/\/wellclinic.pl\/en\/wellclinic-acne-treatment\/","og_locale":"en_GB","og_type":"article","og_title":"Leczenie tr\u0105dziku \u2013 skuteczne metody na aktywne zmiany","og_description":"Leczenie tr\u0105dziku \u2013 poznaj skuteczne metody terapii, przyczyny powstawania zmian oraz mo\u017cliwo\u015bci laserowego leczenia tr\u0105dziku w Wellclinic.","og_url":"https:\/\/wellclinic.pl\/en\/wellclinic-acne-treatment\/","og_site_name":"Wellclinic","article_published_time":"2026-08-04T11:54:00+00:00","article_modified_time":"2026-09-04T10:15:55+00:00","og_image":[{"width":2000,"height":1549,"url":"https:\/\/wellclinic.pl\/wp-content\/uploads\/2026\/07\/leczenie_tradziku_4.jpg","type":"image\/jpeg"}],"author":"Katarzyna Paw\u0142owska","twitter_card":"summary_large_image","twitter_misc":{"Written by":"Katarzyna Paw\u0142owska","Estimated reading time":"9 minutes"},"schema":{"@context":"https:\/\/schema.org","@graph":[{"@type":"Article","@id":"https:\/\/wellclinic.pl\/leczenie-tradziku-w-wellclinic\/#article","isPartOf":{"@id":"https:\/\/wellclinic.pl\/leczenie-tradziku-w-wellclinic\/"},"author":{"name":"Katarzyna Paw\u0142owska","@id":"https:\/\/wellclinic.pl\/#\/schema\/person\/d6ba279cafc77bac21a8cf59a8aa67d6"},"headline":"Leczenie tr\u0105dziku \u2013 skuteczne metody na zdrow\u0105 i czyst\u0105 sk\u00f3r\u0119","datePublished":"2026-08-04T11:54:00+00:00","dateModified":"2026-09-04T10:15:55+00:00","mainEntityOfPage":{"@id":"https:\/\/wellclinic.pl\/leczenie-tradziku-w-wellclinic\/"},"wordCount":1777,"image":{"@id":"https:\/\/wellclinic.pl\/leczenie-tradziku-w-wellclinic\/#primaryimage"},"thumbnailUrl":"https:\/\/wellclinic.pl\/wp-content\/uploads\/2026\/07\/leczenie_tradziku_4.jpg","keywords":["Laser Fotona","leczenie aktywnego tr\u0105dziku","leczenie tr\u0105dziku","usuwanie blizn"],"articleSection":["Blog","Zabieg dla kobiet","Zabieg dla m\u0119\u017cczyzn","Zabieg laserowy","Zabieg na twarz","Zabieg nieinwazyjny","Zabieg odm\u0142adzaj\u0105cy"],"inLanguage":"en-GB"},{"@type":"WebPage","@id":"https:\/\/wellclinic.pl\/leczenie-tradziku-w-wellclinic\/","url":"https:\/\/wellclinic.pl\/leczenie-tradziku-w-wellclinic\/","name":"Leczenie tr\u0105dziku \u2013 skuteczne metody na aktywne zmiany","isPartOf":{"@id":"https:\/\/wellclinic.pl\/#website"},"primaryImageOfPage":{"@id":"https:\/\/wellclinic.pl\/leczenie-tradziku-w-wellclinic\/#primaryimage"},"image":{"@id":"https:\/\/wellclinic.pl\/leczenie-tradziku-w-wellclinic\/#primaryimage"},"thumbnailUrl":"https:\/\/wellclinic.pl\/wp-content\/uploads\/2026\/07\/leczenie_tradziku_4.jpg","datePublished":"2026-08-04T11:54:00+00:00","dateModified":"2026-09-04T10:15:55+00:00","author":{"@id":"https:\/\/wellclinic.pl\/#\/schema\/person\/d6ba279cafc77bac21a8cf59a8aa67d6"},"description":"Leczenie tr\u0105dziku \u2013 poznaj skuteczne metody terapii, przyczyny powstawania zmian oraz mo\u017cliwo\u015bci laserowego leczenia tr\u0105dziku w Wellclinic.","breadcrumb":{"@id":"https:\/\/wellclinic.pl\/leczenie-tradziku-w-wellclinic\/#breadcrumb"},"inLanguage":"en-GB","potentialAction":[{"@type":"ReadAction","target":["https:\/\/wellclinic.pl\/leczenie-tradziku-w-wellclinic\/"]}]},{"@type":"ImageObject","inLanguage":"en-GB","@id":"https:\/\/wellclinic.pl\/leczenie-tradziku-w-wellclinic\/#primaryimage","url":"https:\/\/wellclinic.pl\/wp-content\/uploads\/2026\/07\/leczenie_tradziku_4.jpg","contentUrl":"https:\/\/wellclinic.pl\/wp-content\/uploads\/2026\/07\/leczenie_tradziku_4.jpg","width":2000,"height":1549,"caption":"leczenie tr\u0105dziku"},{"@type":"BreadcrumbList","@id":"https:\/\/wellclinic.pl\/leczenie-tradziku-w-wellclinic\/#breadcrumb","itemListElement":[{"@type":"ListItem","position":1,"name":"Strona g\u0142\u00f3wna","item":"https:\/\/wellclinic.pl\/"},{"@type":"ListItem","position":2,"name":"Leczenie tr\u0105dziku \u2013 skuteczne metody na zdrow\u0105 i czyst\u0105 sk\u00f3r\u0119"}]},{"@type":"WebSite","@id":"https:\/\/wellclinic.pl\/#website","url":"https:\/\/wellclinic.pl\/","name":"Wellclinic Clinic for Aesthetic Medicine - Warsaw | Gdansk | Krakow","description":"Aesthetic Medicine Clinic - Warsaw and Gdansk","potentialAction":[{"@type":"SearchAction","target":{"@type":"EntryPoint","urlTemplate":"https:\/\/wellclinic.pl\/?s={search_term_string}"},"query-input":{"@type":"PropertyValueSpecification","valueRequired":true,"valueName":"search_term_string"}}],"inLanguage":"en-GB"},{"@type":"Person","@id":"https:\/\/wellclinic.pl\/#\/schema\/person\/d6ba279cafc77bac21a8cf59a8aa67d6","name":"Katarzyna Paw\u0142owska","url":"https:\/\/wellclinic.pl\/en\/author\/kasia\/"}]}},"_links":{"self":[{"href":"https:\/\/wellclinic.pl\/en\/wp-json\/wp\/v2\/posts\/6517","targetHints":{"allow":["GET"]}}],"collection":[{"href":"https:\/\/wellclinic.pl\/en\/wp-json\/wp\/v2\/posts"}],"about":[{"href":"https:\/\/wellclinic.pl\/en\/wp-json\/wp\/v2\/types\/post"}],"author":[{"embeddable":true,"href":"https:\/\/wellclinic.pl\/en\/wp-json\/wp\/v2\/users\/26"}],"replies":[{"embeddable":true,"href":"https:\/\/wellclinic.pl\/en\/wp-json\/wp\/v2\/comments?post=6517"}],"version-history":[{"count":14,"href":"https:\/\/wellclinic.pl\/en\/wp-json\/wp\/v2\/posts\/6517\/revisions"}],"predecessor-version":[{"id":55279,"href":"https:\/\/wellclinic.pl\/en\/wp-json\/wp\/v2\/posts\/6517\/revisions\/55279"}],"wp:featuredmedia":[{"embeddable":true,"href":"https:\/\/wellclinic.pl\/en\/wp-json\/wp\/v2\/media\/54102"}],"wp:attachment":[{"href":"https:\/\/wellclinic.pl\/en\/wp-json\/wp\/v2\/media?parent=6517"}],"wp:term":[{"taxonomy":"category","embeddable":true,"href":"https:\/\/wellclinic.pl\/en\/wp-json\/wp\/v2\/categories?post=6517"},{"taxonomy":"post_tag","embeddable":true,"href":"https:\/\/wellclinic.pl\/en\/wp-json\/wp\/v2\/tags?post=6517"}],"curies":[{"name":"wp","href":"https:\/\/api.w.org\/{rel}","templated":true}]}}