{"id":47215,"date":"2026-08-17T11:37:00","date_gmt":"2026-08-17T09:37:00","guid":{"rendered":"https:\/\/wellclinic.pl\/?p=47215"},"modified":"2026-08-28T17:29:49","modified_gmt":"2026-08-28T15:29:49","slug":"ozempic-ansikt-hvorfor-ser-ansiktet-eldre-ut","status":"publish","type":"post","link":"https:\/\/wellclinic.pl\/nb\/ozempic-face-dlaczego-twarz-wyglada-na-starsza\/","title":{"rendered":"Co to jest Ozempic face i dlaczego przy szybkim chudni\u0119ciu twarz mo\u017ce wygl\u0105da\u0107 na starsz\u0105?"},"content":{"rendered":"<p class=\"wp-block-paragraph\"><strong>Ozempic ansikt<\/strong> to potoczne okre\u015blenie zmian wygl\u0105du twarzy, kt\u00f3re mog\u0105 pojawi\u0107 si\u0119 po znacznej lub szybkiej utracie masy cia\u0142a. Policzki mog\u0105 sta\u0107 si\u0119 mniej pe\u0142ne, skronie bardziej zag\u0142\u0119bione, a sk\u00f3ra mo\u017ce wygl\u0105da\u0107 na mniej j\u0119drn\u0105. Zmieniaj\u0105 si\u0119 r\u00f3wnie\u017c proporcje twarzy, przez co rysy mog\u0105 wydawa\u0107 si\u0119 bardziej wyostrzone, a twarz wygl\u0105da\u0107 na starsz\u0105 lub bardziej zm\u0119czon\u0105.<\/p>\n\n\n\n<p class=\"wp-block-paragraph\">Nazwa <strong>Ozempic ansikt<\/strong> sta\u0142a si\u0119 popularna wraz ze wzrostem zainteresowania lekami stosowanymi w leczeniu oty\u0142o\u015bci. Samo zjawisko nie jest jednak charakterystyczne wy\u0142\u0105cznie dla os\u00f3b przyjmuj\u0105cych Ozempic. Podobne zmiany mog\u0105 pojawi\u0107 si\u0119 po intensywnej redukcji masy cia\u0142a niezale\u017cnie od sposobu odchudzania.<\/p>\n\n\n\n<p class=\"wp-block-paragraph\">G\u0142\u00f3wn\u0105 przyczyn\u0105 jest zmniejszenie ilo\u015bci tkanki t\u0142uszczowej w obr\u0119bie twarzy. Wp\u0142ywa ona na jej obj\u0119to\u015b\u0107, proporcje i wygl\u0105d poszczeg\u00f3lnych obszar\u00f3w. Gdy jej ubywa, zmienia si\u0119 r\u00f3wnie\u017c spos\u00f3b, w jaki uk\u0142adaj\u0105 si\u0119 tkanki mi\u0119kkie.<\/p>\n\n\n\n<h2 class=\"wp-block-heading\">Co oznacza Ozempic face?<\/h2>\n\n\n\n<p class=\"wp-block-paragraph\"><strong>Ozempic ansikt<\/strong> nie jest jednostk\u0105 chorobow\u0105 ani rozpoznaniem medycznym. To okre\u015blenie u\u017cywane do opisania zmian w wygl\u0105dzie twarzy po szybkiej lub znacznej utracie masy cia\u0142a.<\/p>\n\n\n\n<p class=\"wp-block-paragraph\">Zmniejszenie ilo\u015bci tkanki t\u0142uszczowej mo\u017ce by\u0107 widoczne przede wszystkim w obr\u0119bie policzk\u00f3w, skroni, okolicy pod oczami oraz dolnej cz\u0119\u015bci twarzy. W efekcie wcze\u015bniejsze proporcje mog\u0105 ulec zmianie, a rysy sta\u0107 si\u0119 bardziej wyraziste.<\/p>\n\n\n\n<p class=\"wp-block-paragraph\">Na wygl\u0105d sk\u00f3ry wp\u0142ywa r\u00f3wnie\u017c wiek. Z czasem zmniejsza si\u0119 naturalna produkcja <strong><a href=\"https:\/\/wellclinic.pl\/nb\/leksikon\/kollagen\/\">kollagen<\/a><\/strong> i <strong><a href=\"https:\/\/wellclinic.pl\/nb\/leksikon\/elastin\/\">elastiner<\/a><\/strong>, czyli bia\u0142ek odpowiadaj\u0105cych mi\u0119dzy innymi za struktur\u0119 i spr\u0119\u017cysto\u015b\u0107 sk\u00f3ry. Dlatego u starszych os\u00f3b zmiana obj\u0119to\u015bci tkanek mo\u017ce by\u0107 bardziej widoczna.<\/p>\n\n\n\n<p class=\"wp-block-paragraph\">Nie ka\u017cda osoba po redukcji masy cia\u0142a b\u0119dzie mia\u0142a takie same objawy. Znaczenie ma mi\u0119dzy innymi ilo\u015b\u0107 utraconych kilogram\u00f3w, tempo odchudzania, wiek oraz indywidualna budowa twarzy.<\/p>\n\n\n\n<h2 class=\"wp-block-heading\">Dlaczego szybkie odchudzanie zmienia wygl\u0105d twarzy?<\/h2>\n\n\n\n<p class=\"wp-block-paragraph\">Twarz jest jedn\u0105 z cz\u0119\u015bci cia\u0142a, w kt\u00f3rych podczas redukcji masy cia\u0142a mo\u017ce zmniejszy\u0107 si\u0119 ilo\u015b\u0107 tkanki t\u0142uszczowej. Nie zawsze dzieje si\u0119 to r\u00f3wnomiernie.<\/p>\n\n\n\n<p class=\"wp-block-paragraph\">U jednej osoby najbardziej widoczna b\u0119dzie utrata obj\u0119to\u015bci policzk\u00f3w, u innej zmiana w okolicy skroni. Mo\u017ce zmieni\u0107 si\u0119 r\u00f3wnie\u017c wygl\u0105d dolnej cz\u0119\u015bci twarzy i jej <strong>kontur<\/strong>.<\/p>\n\n\n\n<p class=\"wp-block-paragraph\">Tkanka t\u0142uszczowa twarzy wp\u0142ywa na jej naturaln\u0105 obj\u0119to\u015b\u0107 i proporcje. Jej zmniejszenie mo\u017ce sprawi\u0107, \u017ce policzki b\u0119d\u0105 wygl\u0105da\u0142y na bardziej p\u0142askie, a niekt\u00f3re zag\u0142\u0119bienia i bruzdy stan\u0105 si\u0119 wyra\u017aniejsze.<\/p>\n\n\n\n<p class=\"wp-block-paragraph\">Zmiana mo\u017ce dotyczy\u0107 r\u00f3wnie\u017c jako\u015bci sk\u00f3ry. Je\u017celi sk\u00f3ra ma mniejsz\u0105 elastyczno\u015b\u0107, trudniej dostosowuje si\u0119 do zmniejszonej obj\u0119to\u015bci znajduj\u0105cych si\u0119 pod ni\u0105 tkanek.<\/p>\n\n\n\n<p class=\"wp-block-paragraph\">Derfor er <strong>szybka utrata masy cia\u0142a<\/strong> mo\u017ce sprawi\u0107, \u017ce twarz b\u0119dzie wygl\u0105da\u0142a inaczej ni\u017c przed rozpocz\u0119ciem odchudzania.<\/p>\n\n\n\n<h2 class=\"wp-block-heading\">Ozempic face \u2013 najcz\u0119stsze objawy<\/h2>\n\n\n\n<p class=\"wp-block-paragraph\">Objawy okre\u015blane jako <strong>Ozempic ansikt<\/strong> mog\u0105 mie\u0107 r\u00f3\u017cne nasilenie. Najcz\u0119\u015bciej dotycz\u0105 zmiany obj\u0119to\u015bci i proporcji twarzy.<\/p>\n\n\n\n<p class=\"wp-block-paragraph\">Policzki mog\u0105 sta\u0107 si\u0119 mniej pe\u0142ne, a okolica skroni bardziej zag\u0142\u0119biona. Przy wi\u0119kszej utracie tkanki t\u0142uszczowej bardziej widoczne mog\u0105 by\u0107 r\u00f3wnie\u017c zag\u0142\u0119bienia pod oczami.<\/p>\n\n\n\n<p class=\"wp-block-paragraph\">Zmiana obj\u0119to\u015bci tkanek mo\u017ce sprawi\u0107, \u017ce <strong>rynker<\/strong> i <strong>rynker i ansiktet<\/strong> b\u0119d\u0105 bardziej zauwa\u017calne. Sk\u00f3ra mo\u017ce r\u00f3wnie\u017c sprawia\u0107 wra\u017cenie cie\u0144szej lub mniej napi\u0119tej.<\/p>\n\n\n\n<p class=\"wp-block-paragraph\">Nie oznacza to jednak, \u017ce ka\u017cdy z tych objaw\u00f3w musi wyst\u0105pi\u0107 jednocze\u015bnie. Wygl\u0105d twarzy po odchudzaniu zale\u017cy od indywidualnej anatomii i sposobu, w jaki organizm reaguje na utrat\u0119 masy cia\u0142a.<\/p>\n\n\n\n<h2 class=\"wp-block-heading\">Utrata obj\u0119to\u015bci twarzy po odchudzaniu<\/h2>\n\n\n\n<p class=\"wp-block-paragraph\">Zmniejszenie obj\u0119to\u015bci tkanek jest jednym z g\u0142\u00f3wnych powod\u00f3w, dla kt\u00f3rych twarz mo\u017ce wygl\u0105da\u0107 inaczej po znacznej redukcji masy cia\u0142a.<\/p>\n\n\n\n<p class=\"wp-block-paragraph\">Tkanka t\u0142uszczowa wyst\u0119puje w r\u00f3\u017cnych obszarach twarzy i nie pe\u0142ni wy\u0142\u0105cznie funkcji magazynowania energii. Wp\u0142ywa r\u00f3wnie\u017c na proporcje i wygl\u0105d tkanek mi\u0119kkich.<\/p>\n\n\n\n<p class=\"wp-block-paragraph\">Jej utrata mo\u017ce zmieni\u0107 wygl\u0105d policzk\u00f3w, skroni czy \u015brodkowej cz\u0119\u015bci twarzy. W niekt\u00f3rych przypadkach bardziej widoczna staje si\u0119 tak\u017ce okolica pod oczami.<\/p>\n\n\n\n<p class=\"wp-block-paragraph\">Je\u017celi g\u0142\u00f3wnym problemem jest <strong>tap av ansiktsvolum<\/strong>, mo\u017cliwe jest rozwa\u017cenie zabieg\u00f3w ukierunkowanych na przywr\u00f3cenie proporcji. Jedn\u0105 z takich metod jest <strong><a href=\"https:\/\/wellclinic.pl\/nb\/leksikon\/ansiktsvolumetri\/\">ansiktsvolumetri<\/a><\/strong>.<\/p>\n\n\n\n<p class=\"wp-block-paragraph\">W zale\u017cno\u015bci od budowy twarzy lekarz mo\u017ce oceni\u0107 r\u00f3wnie\u017c potrzeb\u0119 korekty okre\u015blonych obszar\u00f3w, np. policzk\u00f3w. Pomocna mo\u017ce by\u0107 w tym zakresie <strong><a href=\"https:\/\/wellclinic.pl\/nb\/leksikon\/volumetri-av-kinnbenet\/\">wolumetria ko\u015bci policzkowych<\/a><\/strong>.<\/p>\n\n\n\n<p class=\"wp-block-paragraph\">Celem takiego post\u0119powania nie jest przywr\u00f3cenie twarzy wcze\u015bniejszej obj\u0119to\u015bci we wszystkich miejscach, ale poprawa proporcji tam, gdzie jej utrata jest najbardziej widoczna.<\/p>\n\n\n\n<figure class=\"wp-block-image size-full\"><img fetchpriority=\"high\" decoding=\"async\" width=\"1024\" height=\"683\" src=\"https:\/\/wellclinic.pl\/wp-content\/uploads\/2025\/09\/wolumetria-1024x683-1.jpg\" alt=\"Twarz po schudni\u0119ciu\" class=\"wp-image-34583\" srcset=\"https:\/\/wellclinic.pl\/wp-content\/uploads\/2025\/09\/wolumetria-1024x683-1.jpg 1024w, https:\/\/wellclinic.pl\/wp-content\/uploads\/2025\/09\/wolumetria-1024x683-1-300x200.jpg 300w, https:\/\/wellclinic.pl\/wp-content\/uploads\/2025\/09\/wolumetria-1024x683-1-768x512.jpg 768w, https:\/\/wellclinic.pl\/wp-content\/uploads\/2025\/09\/wolumetria-1024x683-1-18x12.jpg 18w\" sizes=\"(max-width: 1024px) 100vw, 1024px\" \/><\/figure>\n\n\n\n<h2 class=\"wp-block-heading\">Wiotko\u015b\u0107 sk\u00f3ry a Ozempic face<\/h2>\n\n\n\n<p class=\"wp-block-paragraph\">Zmiana wygl\u0105du twarzy po odchudzaniu nie zawsze wynika wy\u0142\u0105cznie z utraty tkanki t\u0142uszczowej. U cz\u0119\u015bci os\u00f3b problemem jest r\u00f3wnie\u017c <strong>slapphet i huden<\/strong>.<\/p>\n\n\n\n<p class=\"wp-block-paragraph\">Sk\u00f3ra musi dostosowa\u0107 si\u0119 do zmniejszonej obj\u0119to\u015bci tkanek. Jej zdolno\u015b\u0107 do adaptacji zale\u017cy mi\u0119dzy innymi od wieku, jako\u015bci sk\u00f3ry i indywidualnych predyspozycji.<\/p>\n\n\n\n<p class=\"wp-block-paragraph\">Istotn\u0105 rol\u0119 odgrywa <strong><a href=\"https:\/\/wellclinic.pl\/nb\/leksikon\/kollagen\/\">kollagen<\/a><\/strong>, kt\u00f3ry odpowiada za struktur\u0119 i wytrzyma\u0142o\u015b\u0107 sk\u00f3ry, oraz <strong><a href=\"https:\/\/wellclinic.pl\/nb\/leksikon\/elastin\/\">elastin<\/a><\/strong>, zwi\u0105zana z jej spr\u0119\u017cysto\u015bci\u0105.<\/p>\n\n\n\n<p class=\"wp-block-paragraph\">Wraz z wiekiem naturalne procesy zwi\u0105zane z produkcj\u0105 tych bia\u0142ek ulegaj\u0105 zmianie. Dlatego po wi\u0119kszej utracie masy cia\u0142a sk\u00f3ra mo\u017ce potrzebowa\u0107 wi\u0119cej czasu na dostosowanie si\u0119 do nowych proporcji twarzy.<\/p>\n\n\n\n<p class=\"wp-block-paragraph\">W takim przypadku post\u0119powanie ukierunkowane wy\u0142\u0105cznie na uzupe\u0142nienie obj\u0119to\u015bci mo\u017ce nie rozwi\u0105za\u0107 problemu. Mo\u017cna natomiast rozwa\u017cy\u0107 procedury, kt\u00f3rych celem jest poprawa jako\u015bci i napi\u0119cia sk\u00f3ry.<\/p>\n\n\n\n<p class=\"wp-block-paragraph\">Jednym z zagadnie\u0144 zwi\u0105zanych z kondycj\u0105 sk\u00f3ry jest <strong><a href=\"https:\/\/wellclinic.pl\/nb\/leksikon\/kollagenregenerering\/\">kollagenregenerering<\/a><\/strong>, kt\u00f3ra mo\u017ce by\u0107 wspierana przez odpowiednio dobrane zabiegi medycyny estetycznej.<\/p>\n\n\n\n<div class=\"wp-block-buttons is-content-justification-center is-layout-flex wp-container-core-buttons-is-layout-3e41869c wp-block-buttons-is-layout-flex\">\n<div class=\"wp-block-button well-btn\"><a class=\"wp-block-button__link has-text-align-center wp-element-button\" href=\"\/nb\/tilbud\/ansiktsbehandlinger\/\">Finn ut mer om dette<\/a><\/div>\n<\/div>\n\n\n\n<h2 class=\"wp-block-heading\">Czy Ozempic face dotyczy tylko os\u00f3b stosuj\u0105cych Ozempic?<\/h2>\n\n\n\n<p class=\"wp-block-paragraph\">Nei. <strong>Ozempic ansikt<\/strong> jest okre\u015bleniem zwi\u0105zanym przede wszystkim ze zmian\u0105 wygl\u0105du twarzy po utracie masy cia\u0142a, a nie z konkretnym dzia\u0142aniem leku na sk\u00f3r\u0119.<\/p>\n\n\n\n<p class=\"wp-block-paragraph\">Podobne zmiany mog\u0105 wyst\u0105pi\u0107 po intensywnym odchudzaniu niezale\u017cnie od tego, czy redukcja masy cia\u0142a by\u0142a zwi\u0105zana ze zmian\u0105 diety, zwi\u0119kszeniem aktywno\u015bci fizycznej, leczeniem farmakologicznym czy inn\u0105 metod\u0105.<\/p>\n\n\n\n<p class=\"wp-block-paragraph\">Leki stosowane w leczeniu oty\u0142o\u015bci mog\u0105 u cz\u0119\u015bci pacjent\u00f3w prowadzi\u0107 do znacznej redukcji masy cia\u0142a. Je\u017celi utrata tkanki t\u0142uszczowej jest du\u017ca, mo\u017ce by\u0107 r\u00f3wnie\u017c bardziej widoczna w obr\u0119bie twarzy.<\/p>\n\n\n\n<p class=\"wp-block-paragraph\">Nie oznacza to jednak, \u017ce ka\u017cda osoba stosuj\u0105ca Ozempic lub inny lek wspieraj\u0105cy redukcj\u0119 masy cia\u0142a b\u0119dzie mia\u0142a zmieniony wygl\u0105d twarzy.<\/p>\n\n\n\n<h2 class=\"wp-block-heading\">Jak poprawi\u0107 wygl\u0105d twarzy po szybkiej utracie masy cia\u0142a?<\/h2>\n\n\n\n<p class=\"wp-block-paragraph\">Nie ma jednej metody odpowiedniej dla ka\u017cdej osoby z objawami okre\u015blanymi jako <strong>Ozempic ansikt<\/strong>. Najpierw nale\u017cy ustali\u0107, czy dominuj\u0105cym problemem jest utrata obj\u0119to\u015bci, wiotko\u015b\u0107 sk\u00f3ry czy po\u0142\u0105czenie obu zmian.<\/p>\n\n\n\n<p class=\"wp-block-paragraph\">Je\u017celi dosz\u0142o przede wszystkim do utraty obj\u0119to\u015bci, lekarz mo\u017ce rozwa\u017cy\u0107 jej uzupe\u0142nienie w wybranych obszarach. W tym celu stosuje si\u0119 mi\u0119dzy innymi <strong><a href=\"https:\/\/wellclinic.pl\/nb\/leksikon\/ansiktsvolumetri\/\">ansiktsvolumetri<\/a><\/strong>.<\/p>\n\n\n\n<p class=\"wp-block-paragraph\">Je\u017celi wi\u0119kszym problemem jest obni\u017cone napi\u0119cie sk\u00f3ry, mo\u017cna rozwa\u017cy\u0107 zabiegi ukierunkowane na jej popraw\u0119. Jedn\u0105 z wykorzystywanych technologii jest <strong><a href=\"https:\/\/wellclinic.pl\/nb\/leksikon\/hifu-ii-4\/\">HIFU II<\/a><\/strong>, wykorzystuj\u0105ce skoncentrowane ultrad\u017awi\u0119ki.<\/p>\n\n\n\n<p class=\"wp-block-paragraph\">W zale\u017cno\u015bci od wskaza\u0144 lekarz mo\u017ce r\u00f3wnie\u017c zaproponowa\u0107 odpowiednio dobran\u0105 <strong><a href=\"https:\/\/wellclinic.pl\/nb\/leksikon\/laserterapi\/\">laserterapi<\/a><\/strong>. Rodzaj procedury i jej parametry powinny by\u0107 dopasowane do stanu sk\u00f3ry oraz oczekiwanego efektu.<\/p>\n\n\n\n<p class=\"wp-block-paragraph\">W niekt\u00f3rych przypadkach mo\u017cliwe jest po\u0142\u0105czenie metod dzia\u0142aj\u0105cych na r\u00f3\u017cne problemy. Zakres terapii powinien jednak wynika\u0107 z oceny twarzy, a nie z samego faktu utraty masy cia\u0142a.<\/p>\n\n\n\n<h2 class=\"wp-block-heading\">Zabiegi stosowane przy Ozempic face<\/h2>\n\n\n\n<p class=\"wp-block-paragraph\">Dob\u00f3r zabiegu zale\u017cy od tego, co najbardziej zmieni\u0142o wygl\u0105d twarzy.<\/p>\n\n\n\n<p class=\"wp-block-paragraph\">Przy wyra\u017anej utracie obj\u0119to\u015bci mo\u017cna rozwa\u017cy\u0107 <strong><a href=\"https:\/\/wellclinic.pl\/nb\/leksikon\/ansiktsvolumetri\/\">ansiktsvolumetri<\/a><\/strong>. Zabieg pozwala uzupe\u0142ni\u0107 obj\u0119to\u015b\u0107 w wybranych obszarach i poprawi\u0107 proporcje twarzy.<\/p>\n\n\n\n<p class=\"wp-block-paragraph\">Je\u017celi wyst\u0119puje przede wszystkim <strong>slapp hud etter vekttap<\/strong>, mo\u017cna rozwa\u017cy\u0107 procedury ukierunkowane na popraw\u0119 jej napi\u0119cia. <strong><a href=\"https:\/\/wellclinic.pl\/nb\/leksikon\/hifu-ii-4\/\">HIFU II<\/a><\/strong> wykorzystuje skoncentrowane ultrad\u017awi\u0119ki, natomiast wybrane zabiegi laserowe mog\u0105 by\u0107 stosowane w celu poprawy jako\u015bci sk\u00f3ry.<\/p>\n\n\n\n<p class=\"wp-block-paragraph\">W Wellclinic dost\u0119pne s\u0105 r\u00f3wnie\u017c procedury wykorzystuj\u0105ce <strong><a href=\"https:\/\/wellclinic.pl\/nb\/leksikon\/photona-dynamis-sp-3\/\">Fotona Dynamis SP<\/a><\/strong>. Ich zastosowanie zale\u017cy od wskaza\u0144 i oceny sk\u00f3ry podczas konsultacji.<\/p>\n\n\n\n<p class=\"wp-block-paragraph\">Nie ka\u017cda osoba z <strong>Ozempic ansikt<\/strong> wymaga zabiegu. Je\u017celi zmiany s\u0105 niewielkie, warto najpierw da\u0107 organizmowi czas na stabilizacj\u0119 po redukcji masy cia\u0142a.<\/p>\n\n\n\n<figure class=\"wp-block-image size-large\"><img decoding=\"async\" width=\"1024\" height=\"682\" src=\"https:\/\/wellclinic.pl\/wp-content\/uploads\/2024\/08\/Exion-Radiofrekwenckja-Frakcyjna-1024x682.png\" alt=\"AI-ansiktsforyngelse\" class=\"wp-image-24041\" srcset=\"https:\/\/wellclinic.pl\/wp-content\/uploads\/2024\/08\/Exion-Radiofrekwenckja-Frakcyjna-1024x682.png 1024w, https:\/\/wellclinic.pl\/wp-content\/uploads\/2024\/08\/Exion-Radiofrekwenckja-Frakcyjna-300x200.png 300w, https:\/\/wellclinic.pl\/wp-content\/uploads\/2024\/08\/Exion-Radiofrekwenckja-Frakcyjna-768x512.png 768w, https:\/\/wellclinic.pl\/wp-content\/uploads\/2024\/08\/Exion-Radiofrekwenckja-Frakcyjna-1536x1024.png 1536w, https:\/\/wellclinic.pl\/wp-content\/uploads\/2024\/08\/Exion-Radiofrekwenckja-Frakcyjna-2048x1365.png 2048w, https:\/\/wellclinic.pl\/wp-content\/uploads\/2024\/08\/Exion-Radiofrekwenckja-Frakcyjna-18x12.png 18w\" sizes=\"(max-width: 1024px) 100vw, 1024px\" \/><\/figure>\n\n\n\n<h2 class=\"wp-block-heading\">Kiedy warto skonsultowa\u0107 wygl\u0105d twarzy po odchudzaniu?<\/h2>\n\n\n\n<p class=\"wp-block-paragraph\">Konsultacja medyczna mo\u017ce by\u0107 pomocna, je\u017celi po redukcji masy cia\u0142a wyra\u017anie zmieni\u0142y si\u0119 proporcje twarzy, pojawi\u0142a si\u0119 utrata obj\u0119to\u015bci lub sk\u00f3ra sta\u0142a si\u0119 mniej napi\u0119ta.<\/p>\n\n\n\n<p class=\"wp-block-paragraph\">Podczas wizyty lekarz mo\u017ce oceni\u0107 anatomi\u0119 twarzy, rozmieszczenie tkanek, jako\u015b\u0107 sk\u00f3ry oraz zakres zmian. Pozwala to okre\u015bli\u0107, czy potrzebne jest post\u0119powanie ukierunkowane na obj\u0119to\u015b\u0107, napi\u0119cie sk\u00f3ry czy oba te elementy.<\/p>\n\n\n\n<p class=\"wp-block-paragraph\">Znaczenie ma r\u00f3wnie\u017c stabilizacja masy cia\u0142a. Je\u017celi waga nadal szybko si\u0119 zmienia, efekt ko\u0144cowy redukcji nie jest jeszcze ustalony. W takiej sytuacji planowanie zabieg\u00f3w powinno uwzgl\u0119dnia\u0107 dalszy przebieg odchudzania.<\/p>\n\n\n\n<h2 class=\"wp-block-heading\">Jak dba\u0107 o sk\u00f3r\u0119 podczas odchudzania?<\/h2>\n\n\n\n<p class=\"wp-block-paragraph\">Na wygl\u0105d sk\u00f3ry wp\u0142ywa nie tylko sama utrata tkanki t\u0142uszczowej. Znaczenie ma r\u00f3wnie\u017c spos\u00f3b od\u017cywiania, nawodnienie, sen, aktywno\u015b\u0107 fizyczna oraz codzienna ochrona przeciws\u0142oneczna.<\/p>\n\n\n\n<p class=\"wp-block-paragraph\">Podczas redukcji masy cia\u0142a warto zadba\u0107 o odpowiedni\u0105 poda\u017c bia\u0142ka i innych sk\u0142adnik\u00f3w od\u017cywczych. Ich ilo\u015b\u0107 powinna by\u0107 dostosowana do indywidualnych potrzeb organizmu.<\/p>\n\n\n\n<p class=\"wp-block-paragraph\">Istotne jest tak\u017ce unikanie bardzo restrykcyjnych diet bez odpowiedniego nadzoru. W przypadku leczenia farmakologicznego tempo redukcji masy cia\u0142a powinno by\u0107 monitorowane przez lekarza.<\/p>\n\n\n\n<p class=\"wp-block-paragraph\">Piel\u0119gnacja sk\u00f3ry nie zapobiegnie utracie tkanki t\u0142uszczowej w obr\u0119bie twarzy, ale mo\u017ce wspiera\u0107 jej prawid\u0142ow\u0105 kondycj\u0119.<\/p>\n\n\n\n<div class=\"wp-block-buttons is-content-justification-center is-layout-flex wp-container-core-buttons-is-layout-3e41869c wp-block-buttons-is-layout-flex\">\n<div class=\"wp-block-button well-btn\"><a class=\"wp-block-button__link has-text-align-center wp-element-button\" href=\"\/nb\/tilbud\/ansiktsbehandlinger\/\">Finn ut mer om dette<\/a><\/div>\n<\/div>\n\n\n\n<h2 class=\"wp-block-heading\">Ozempic face \u2013 jak szybkie odchudzanie wp\u0142ywa na wygl\u0105d twarzy?<\/h2>\n\n\n\n<p class=\"wp-block-paragraph\"><strong>Ozempic ansikt<\/strong> to potoczne okre\u015blenie zmiany wygl\u0105du twarzy po szybkiej lub znacznej utracie masy cia\u0142a. Najcz\u0119\u015bciej wi\u0105\u017ce si\u0119 ze zmniejszeniem ilo\u015bci tkanki t\u0142uszczowej, zmian\u0105 proporcji twarzy oraz mniejszym napi\u0119ciem sk\u00f3ry.<\/p>\n\n\n\n<p class=\"wp-block-paragraph\">Zjawisko mo\u017ce wyst\u0105pi\u0107 zar\u00f3wno u os\u00f3b stosuj\u0105cych leki wspieraj\u0105ce redukcj\u0119 masy cia\u0142a, jak i u os\u00f3b, kt\u00f3re schud\u0142y innymi metodami. Nie jest wi\u0119c wy\u0142\u0105cznie skutkiem stosowania Ozempicu.<\/p>\n\n\n\n<p class=\"wp-block-paragraph\">Je\u017celi zmiana dotyczy przede wszystkim obj\u0119to\u015bci, mo\u017cna rozwa\u017cy\u0107 <strong>ansiktsvolumetri<\/strong>. Przy obni\u017conym napi\u0119ciu sk\u00f3ry zastosowanie mog\u0105 znale\u017a\u0107 procedury poprawiaj\u0105ce jej jako\u015b\u0107, w tym odpowiednio dobrane zabiegi z wykorzystaniem ultrad\u017awi\u0119k\u00f3w lub laser\u00f3w.<\/p>\n\n\n\n<p class=\"wp-block-paragraph\">Najwa\u017cniejsza jest ocena tego, co rzeczywi\u015bcie zmieni\u0142o si\u0119 w obr\u0119bie twarzy. Dopiero na tej podstawie mo\u017cna zdecydowa\u0107, czy potrzebne jest uzupe\u0142nienie obj\u0119to\u015bci, poprawa napi\u0119cia sk\u00f3ry czy po\u0142\u0105czenie kilku metod.<\/p>\n\n\n\n<p class=\"wp-block-paragraph\">Je\u015bli chcesz sprawdzi\u0107, jakie rozwi\u0105zanie b\u0119dzie odpowiednie w Twoim przypadku, <strong><a href=\"https:\/\/wellclinic.pl\/nb\/kontakt\/\">bestill time for en konsultasjon<\/a><\/strong>. Lekarz oceni proporcje twarzy, jako\u015b\u0107 sk\u00f3ry i zakres zmian, a nast\u0119pnie om\u00f3wi mo\u017cliwe post\u0119powanie. Zabiegi medycyny estetycznej wykonujemy w klinikach Wellclinic w <strong>Warszawa, Gda\u0144sk og Krak\u00f3w<\/strong>.<\/p>\n\n\n\n<p class=\"wp-block-paragraph\"><\/p>","protected":false},"excerpt":{"rendered":"<p>Ozempic face to potoczne okre\u015blenie zmian wygl\u0105du twarzy, kt\u00f3re mog\u0105 pojawi\u0107 si\u0119 po znacznej lub szybkiej utracie masy cia\u0142a. Policzki mog\u0105 sta\u0107 si\u0119 mniej pe\u0142ne, skronie bardziej zag\u0142\u0119bione, a sk\u00f3ra mo\u017ce wygl\u0105da\u0107 na mniej j\u0119drn\u0105. Zmieniaj\u0105 si\u0119 r\u00f3wnie\u017c proporcje twarzy, przez co rysy mog\u0105 wydawa\u0107 si\u0119 bardziej wyostrzone, a twarz wygl\u0105da\u0107 na starsz\u0105 lub bardziej [&hellip;]<\/p>\n","protected":false},"author":26,"featured_media":47217,"comment_status":"closed","ping_status":"closed","sticky":false,"template":"","format":"standard","meta":{"_acf_changed":false,"footnotes":""},"categories":[79],"tags":[],"class_list":["post-47215","post","type-post","status-publish","format-standard","has-post-thumbnail","hentry","category-zabieg-na-twarz"],"acf":[],"yoast_head":"<!-- This site is optimized with the Yoast SEO plugin v28.3 - https:\/\/yoast.com\/product\/yoast-seo-wordpress\/ -->\n<title>Ozempic face \u2013 dlaczego odm\u0142adza cia\u0142o, a postarza twarz?<\/title>\n<meta name=\"description\" content=\"Szybka utrata wagi mo\u017ce prowadzi\u0107 do Ozempic face, czyli efektu postarzenia twarzy. Sprawd\u017a, dlaczego tak si\u0119 dzieje i jak temu zapobiec.\" \/>\n<meta name=\"robots\" content=\"index, follow, max-snippet:-1, max-image-preview:large, max-video-preview:-1\" \/>\n<link rel=\"canonical\" href=\"https:\/\/wellclinic.pl\/nb\/ozempic-ansikt-hvorfor-ser-ansiktet-eldre-ut\/\" \/>\n<meta property=\"og:locale\" content=\"nb_NO\" \/>\n<meta property=\"og:type\" content=\"article\" \/>\n<meta property=\"og:title\" content=\"Ozempic face \u2013 dlaczego odm\u0142adza cia\u0142o, a postarza twarz?\" \/>\n<meta property=\"og:description\" content=\"Szybka utrata wagi mo\u017ce prowadzi\u0107 do Ozempic face, czyli efektu postarzenia twarzy. Sprawd\u017a, dlaczego tak si\u0119 dzieje i jak temu zapobiec.\" \/>\n<meta property=\"og:url\" content=\"https:\/\/wellclinic.pl\/nb\/ozempic-ansikt-hvorfor-ser-ansiktet-eldre-ut\/\" \/>\n<meta property=\"og:site_name\" content=\"Wellclinic\" \/>\n<meta property=\"article:published_time\" content=\"2026-08-17T09:37:00+00:00\" \/>\n<meta property=\"article:modified_time\" content=\"2026-08-28T15:29:49+00:00\" \/>\n<meta property=\"og:image\" content=\"https:\/\/wellclinic.pl\/wp-content\/uploads\/2025\/12\/co-to-jest-ozempic-face-i-dlaczego-przy-szybkim-chudnieciu-twarz-moze-wygladac-na-starsza.jpg\" \/>\n\t<meta property=\"og:image:width\" content=\"944\" \/>\n\t<meta property=\"og:image:height\" content=\"768\" \/>\n\t<meta property=\"og:image:type\" content=\"image\/jpeg\" \/>\n<meta name=\"author\" content=\"Katarzyna Paw\u0142owska\" \/>\n<meta name=\"twitter:card\" content=\"summary_large_image\" \/>\n<meta name=\"twitter:label1\" content=\"Skrevet av\" \/>\n\t<meta name=\"twitter:data1\" content=\"Katarzyna Paw\u0142owska\" \/>\n\t<meta name=\"twitter:label2\" content=\"Ansl. lesetid\" \/>\n\t<meta name=\"twitter:data2\" content=\"10 minutter\" \/>\n<script type=\"application\/ld+json\" class=\"yoast-schema-graph\">{\"@context\":\"https:\\\/\\\/schema.org\",\"@graph\":[{\"@type\":\"Article\",\"@id\":\"https:\\\/\\\/wellclinic.pl\\\/ozempic-face-dlaczego-twarz-wyglada-na-starsza\\\/#article\",\"isPartOf\":{\"@id\":\"https:\\\/\\\/wellclinic.pl\\\/ozempic-face-dlaczego-twarz-wyglada-na-starsza\\\/\"},\"author\":{\"name\":\"Katarzyna Paw\u0142owska\",\"@id\":\"https:\\\/\\\/wellclinic.pl\\\/#\\\/schema\\\/person\\\/d6ba279cafc77bac21a8cf59a8aa67d6\"},\"headline\":\"Co to jest Ozempic face i dlaczego przy szybkim chudni\u0119ciu twarz mo\u017ce wygl\u0105da\u0107 na starsz\u0105?\",\"datePublished\":\"2026-08-17T09:37:00+00:00\",\"dateModified\":\"2026-08-28T15:29:49+00:00\",\"mainEntityOfPage\":{\"@id\":\"https:\\\/\\\/wellclinic.pl\\\/ozempic-face-dlaczego-twarz-wyglada-na-starsza\\\/\"},\"wordCount\":1914,\"image\":{\"@id\":\"https:\\\/\\\/wellclinic.pl\\\/ozempic-face-dlaczego-twarz-wyglada-na-starsza\\\/#primaryimage\"},\"thumbnailUrl\":\"https:\\\/\\\/wellclinic.pl\\\/wp-content\\\/uploads\\\/2025\\\/12\\\/co-to-jest-ozempic-face-i-dlaczego-przy-szybkim-chudnieciu-twarz-moze-wygladac-na-starsza.jpg\",\"articleSection\":[\"Zabieg na twarz\"],\"inLanguage\":\"nb-NO\"},{\"@type\":\"WebPage\",\"@id\":\"https:\\\/\\\/wellclinic.pl\\\/ozempic-face-dlaczego-twarz-wyglada-na-starsza\\\/\",\"url\":\"https:\\\/\\\/wellclinic.pl\\\/ozempic-face-dlaczego-twarz-wyglada-na-starsza\\\/\",\"name\":\"Ozempic face \u2013 dlaczego odm\u0142adza cia\u0142o, a postarza twarz?\",\"isPartOf\":{\"@id\":\"https:\\\/\\\/wellclinic.pl\\\/#website\"},\"primaryImageOfPage\":{\"@id\":\"https:\\\/\\\/wellclinic.pl\\\/ozempic-face-dlaczego-twarz-wyglada-na-starsza\\\/#primaryimage\"},\"image\":{\"@id\":\"https:\\\/\\\/wellclinic.pl\\\/ozempic-face-dlaczego-twarz-wyglada-na-starsza\\\/#primaryimage\"},\"thumbnailUrl\":\"https:\\\/\\\/wellclinic.pl\\\/wp-content\\\/uploads\\\/2025\\\/12\\\/co-to-jest-ozempic-face-i-dlaczego-przy-szybkim-chudnieciu-twarz-moze-wygladac-na-starsza.jpg\",\"datePublished\":\"2026-08-17T09:37:00+00:00\",\"dateModified\":\"2026-08-28T15:29:49+00:00\",\"author\":{\"@id\":\"https:\\\/\\\/wellclinic.pl\\\/#\\\/schema\\\/person\\\/d6ba279cafc77bac21a8cf59a8aa67d6\"},\"description\":\"Szybka utrata wagi mo\u017ce prowadzi\u0107 do Ozempic face, czyli efektu postarzenia twarzy. Sprawd\u017a, dlaczego tak si\u0119 dzieje i jak temu zapobiec.\",\"breadcrumb\":{\"@id\":\"https:\\\/\\\/wellclinic.pl\\\/ozempic-face-dlaczego-twarz-wyglada-na-starsza\\\/#breadcrumb\"},\"inLanguage\":\"nb-NO\",\"potentialAction\":[{\"@type\":\"ReadAction\",\"target\":[\"https:\\\/\\\/wellclinic.pl\\\/ozempic-face-dlaczego-twarz-wyglada-na-starsza\\\/\"]}]},{\"@type\":\"ImageObject\",\"inLanguage\":\"nb-NO\",\"@id\":\"https:\\\/\\\/wellclinic.pl\\\/ozempic-face-dlaczego-twarz-wyglada-na-starsza\\\/#primaryimage\",\"url\":\"https:\\\/\\\/wellclinic.pl\\\/wp-content\\\/uploads\\\/2025\\\/12\\\/co-to-jest-ozempic-face-i-dlaczego-przy-szybkim-chudnieciu-twarz-moze-wygladac-na-starsza.jpg\",\"contentUrl\":\"https:\\\/\\\/wellclinic.pl\\\/wp-content\\\/uploads\\\/2025\\\/12\\\/co-to-jest-ozempic-face-i-dlaczego-przy-szybkim-chudnieciu-twarz-moze-wygladac-na-starsza.jpg\",\"width\":944,\"height\":768,\"caption\":\"Co to jest Ozempic face i dlaczego przy szybkim chudni\u0119ciu twarz mo\u017ce wygl\u0105da\u0107 na starsz\u0105\"},{\"@type\":\"BreadcrumbList\",\"@id\":\"https:\\\/\\\/wellclinic.pl\\\/ozempic-face-dlaczego-twarz-wyglada-na-starsza\\\/#breadcrumb\",\"itemListElement\":[{\"@type\":\"ListItem\",\"position\":1,\"name\":\"Strona g\u0142\u00f3wna\",\"item\":\"https:\\\/\\\/wellclinic.pl\\\/\"},{\"@type\":\"ListItem\",\"position\":2,\"name\":\"Co to jest Ozempic face i dlaczego przy szybkim chudni\u0119ciu twarz mo\u017ce wygl\u0105da\u0107 na starsz\u0105?\"}]},{\"@type\":\"WebSite\",\"@id\":\"https:\\\/\\\/wellclinic.pl\\\/#website\",\"url\":\"https:\\\/\\\/wellclinic.pl\\\/\",\"name\":\"Wellclinic Klinika Medycyny Estetycznej - Warszawa | Gda\u0144sk | Krak\u00f3w\",\"description\":\"Klinika Medycyny Estetycznej - Warszawa i Gda\u0144sk\",\"potentialAction\":[{\"@type\":\"SearchAction\",\"target\":{\"@type\":\"EntryPoint\",\"urlTemplate\":\"https:\\\/\\\/wellclinic.pl\\\/?s={search_term_string}\"},\"query-input\":{\"@type\":\"PropertyValueSpecification\",\"valueRequired\":true,\"valueName\":\"search_term_string\"}}],\"inLanguage\":\"nb-NO\"},{\"@type\":\"Person\",\"@id\":\"https:\\\/\\\/wellclinic.pl\\\/#\\\/schema\\\/person\\\/d6ba279cafc77bac21a8cf59a8aa67d6\",\"name\":\"Katarzyna Paw\u0142owska\",\"url\":\"https:\\\/\\\/wellclinic.pl\\\/nb\\\/author\\\/kasia\\\/\"}]}<\/script>\n<!-- \/ Yoast SEO plugin. -->","yoast_head_json":{"title":"Ozempic face \u2013 hvorfor forynger det kroppen, men eldes ansiktet?","description":"Szybka utrata wagi mo\u017ce prowadzi\u0107 do Ozempic face, czyli efektu postarzenia twarzy. Sprawd\u017a, dlaczego tak si\u0119 dzieje i jak temu zapobiec.","robots":{"index":"index","follow":"follow","max-snippet":"max-snippet:-1","max-image-preview":"max-image-preview:large","max-video-preview":"max-video-preview:-1"},"canonical":"https:\/\/wellclinic.pl\/nb\/ozempic-ansikt-hvorfor-ser-ansiktet-eldre-ut\/","og_locale":"nb_NO","og_type":"article","og_title":"Ozempic face \u2013 dlaczego odm\u0142adza cia\u0142o, a postarza twarz?","og_description":"Szybka utrata wagi mo\u017ce prowadzi\u0107 do Ozempic face, czyli efektu postarzenia twarzy. Sprawd\u017a, dlaczego tak si\u0119 dzieje i jak temu zapobiec.","og_url":"https:\/\/wellclinic.pl\/nb\/ozempic-ansikt-hvorfor-ser-ansiktet-eldre-ut\/","og_site_name":"Wellclinic","article_published_time":"2026-08-17T09:37:00+00:00","article_modified_time":"2026-08-28T15:29:49+00:00","og_image":[{"width":944,"height":768,"url":"https:\/\/wellclinic.pl\/wp-content\/uploads\/2025\/12\/co-to-jest-ozempic-face-i-dlaczego-przy-szybkim-chudnieciu-twarz-moze-wygladac-na-starsza.jpg","type":"image\/jpeg"}],"author":"Katarzyna Paw\u0142owska","twitter_card":"summary_large_image","twitter_misc":{"Skrevet av":"Katarzyna Paw\u0142owska","Ansl. lesetid":"10 minutter"},"schema":{"@context":"https:\/\/schema.org","@graph":[{"@type":"Article","@id":"https:\/\/wellclinic.pl\/ozempic-face-dlaczego-twarz-wyglada-na-starsza\/#article","isPartOf":{"@id":"https:\/\/wellclinic.pl\/ozempic-face-dlaczego-twarz-wyglada-na-starsza\/"},"author":{"name":"Katarzyna Paw\u0142owska","@id":"https:\/\/wellclinic.pl\/#\/schema\/person\/d6ba279cafc77bac21a8cf59a8aa67d6"},"headline":"Co to jest Ozempic face i dlaczego przy szybkim chudni\u0119ciu twarz mo\u017ce wygl\u0105da\u0107 na starsz\u0105?","datePublished":"2026-08-17T09:37:00+00:00","dateModified":"2026-08-28T15:29:49+00:00","mainEntityOfPage":{"@id":"https:\/\/wellclinic.pl\/ozempic-face-dlaczego-twarz-wyglada-na-starsza\/"},"wordCount":1914,"image":{"@id":"https:\/\/wellclinic.pl\/ozempic-face-dlaczego-twarz-wyglada-na-starsza\/#primaryimage"},"thumbnailUrl":"https:\/\/wellclinic.pl\/wp-content\/uploads\/2025\/12\/co-to-jest-ozempic-face-i-dlaczego-przy-szybkim-chudnieciu-twarz-moze-wygladac-na-starsza.jpg","articleSection":["Zabieg na twarz"],"inLanguage":"nb-NO"},{"@type":"WebPage","@id":"https:\/\/wellclinic.pl\/ozempic-face-dlaczego-twarz-wyglada-na-starsza\/","url":"https:\/\/wellclinic.pl\/ozempic-face-dlaczego-twarz-wyglada-na-starsza\/","name":"Ozempic face \u2013 hvorfor forynger det kroppen, men eldes ansiktet?","isPartOf":{"@id":"https:\/\/wellclinic.pl\/#website"},"primaryImageOfPage":{"@id":"https:\/\/wellclinic.pl\/ozempic-face-dlaczego-twarz-wyglada-na-starsza\/#primaryimage"},"image":{"@id":"https:\/\/wellclinic.pl\/ozempic-face-dlaczego-twarz-wyglada-na-starsza\/#primaryimage"},"thumbnailUrl":"https:\/\/wellclinic.pl\/wp-content\/uploads\/2025\/12\/co-to-jest-ozempic-face-i-dlaczego-przy-szybkim-chudnieciu-twarz-moze-wygladac-na-starsza.jpg","datePublished":"2026-08-17T09:37:00+00:00","dateModified":"2026-08-28T15:29:49+00:00","author":{"@id":"https:\/\/wellclinic.pl\/#\/schema\/person\/d6ba279cafc77bac21a8cf59a8aa67d6"},"description":"Szybka utrata wagi mo\u017ce prowadzi\u0107 do Ozempic face, czyli efektu postarzenia twarzy. Sprawd\u017a, dlaczego tak si\u0119 dzieje i jak temu zapobiec.","breadcrumb":{"@id":"https:\/\/wellclinic.pl\/ozempic-face-dlaczego-twarz-wyglada-na-starsza\/#breadcrumb"},"inLanguage":"nb-NO","potentialAction":[{"@type":"ReadAction","target":["https:\/\/wellclinic.pl\/ozempic-face-dlaczego-twarz-wyglada-na-starsza\/"]}]},{"@type":"ImageObject","inLanguage":"nb-NO","@id":"https:\/\/wellclinic.pl\/ozempic-face-dlaczego-twarz-wyglada-na-starsza\/#primaryimage","url":"https:\/\/wellclinic.pl\/wp-content\/uploads\/2025\/12\/co-to-jest-ozempic-face-i-dlaczego-przy-szybkim-chudnieciu-twarz-moze-wygladac-na-starsza.jpg","contentUrl":"https:\/\/wellclinic.pl\/wp-content\/uploads\/2025\/12\/co-to-jest-ozempic-face-i-dlaczego-przy-szybkim-chudnieciu-twarz-moze-wygladac-na-starsza.jpg","width":944,"height":768,"caption":"Co to jest Ozempic face i dlaczego przy szybkim chudni\u0119ciu twarz mo\u017ce wygl\u0105da\u0107 na starsz\u0105"},{"@type":"BreadcrumbList","@id":"https:\/\/wellclinic.pl\/ozempic-face-dlaczego-twarz-wyglada-na-starsza\/#breadcrumb","itemListElement":[{"@type":"ListItem","position":1,"name":"Strona g\u0142\u00f3wna","item":"https:\/\/wellclinic.pl\/"},{"@type":"ListItem","position":2,"name":"Co to jest Ozempic face i dlaczego przy szybkim chudni\u0119ciu twarz mo\u017ce wygl\u0105da\u0107 na starsz\u0105?"}]},{"@type":"WebSite","@id":"https:\/\/wellclinic.pl\/#website","url":"https:\/\/wellclinic.pl\/","name":"Wellclinic Klinikk for estetisk medisin - Warszawa | Gdansk | Krakow","description":"Klinikk for estetisk medisin - Warszawa og Gdansk","potentialAction":[{"@type":"SearchAction","target":{"@type":"EntryPoint","urlTemplate":"https:\/\/wellclinic.pl\/?s={search_term_string}"},"query-input":{"@type":"PropertyValueSpecification","valueRequired":true,"valueName":"search_term_string"}}],"inLanguage":"nb-NO"},{"@type":"Person","@id":"https:\/\/wellclinic.pl\/#\/schema\/person\/d6ba279cafc77bac21a8cf59a8aa67d6","name":"Katarzyna Paw\u0142owska","url":"https:\/\/wellclinic.pl\/nb\/author\/kasia\/"}]}},"_links":{"self":[{"href":"https:\/\/wellclinic.pl\/nb\/wp-json\/wp\/v2\/posts\/47215","targetHints":{"allow":["GET"]}}],"collection":[{"href":"https:\/\/wellclinic.pl\/nb\/wp-json\/wp\/v2\/posts"}],"about":[{"href":"https:\/\/wellclinic.pl\/nb\/wp-json\/wp\/v2\/types\/post"}],"author":[{"embeddable":true,"href":"https:\/\/wellclinic.pl\/nb\/wp-json\/wp\/v2\/users\/26"}],"replies":[{"embeddable":true,"href":"https:\/\/wellclinic.pl\/nb\/wp-json\/wp\/v2\/comments?post=47215"}],"version-history":[{"count":7,"href":"https:\/\/wellclinic.pl\/nb\/wp-json\/wp\/v2\/posts\/47215\/revisions"}],"predecessor-version":[{"id":54844,"href":"https:\/\/wellclinic.pl\/nb\/wp-json\/wp\/v2\/posts\/47215\/revisions\/54844"}],"wp:featuredmedia":[{"embeddable":true,"href":"https:\/\/wellclinic.pl\/nb\/wp-json\/wp\/v2\/media\/47217"}],"wp:attachment":[{"href":"https:\/\/wellclinic.pl\/nb\/wp-json\/wp\/v2\/media?parent=47215"}],"wp:term":[{"taxonomy":"category","embeddable":true,"href":"https:\/\/wellclinic.pl\/nb\/wp-json\/wp\/v2\/categories?post=47215"},{"taxonomy":"post_tag","embeddable":true,"href":"https:\/\/wellclinic.pl\/nb\/wp-json\/wp\/v2\/tags?post=47215"}],"curies":[{"name":"wp","href":"https:\/\/api.w.org\/{rel}","templated":true}]}}