{"id":47237,"date":"2025-12-03T11:43:34","date_gmt":"2025-12-03T10:43:34","guid":{"rendered":"https:\/\/wellclinic.pl\/?p=47237"},"modified":"2025-12-03T11:43:35","modified_gmt":"2025-12-03T10:43:35","slug":"rask-vekttap-pavirker-huden-i-ansiktet-og-pa-halsen","status":"publish","type":"post","link":"https:\/\/wellclinic.pl\/nb\/szybka-utrata-wagi-wplyw-na-skore-twarzy-i-szyi\/","title":{"rendered":"Effekten av raskt vekttap p\u00e5 huden i ansiktet og p\u00e5 halsen: symptomer, diagnostikk og kompenserende tiltak"},"content":{"rendered":"<p>Tenk deg at du har n\u00e5dd m\u00e5let ditt \u2013 du er slankere, friskere og full av energi. Du f\u00f8ler stor glede over denne indre forvandlingen. Noen ganger f\u00f8lger det imidlertid med en viss dissonans: n\u00e5r du ser p\u00e5 <strong>effekter av vekttap<\/strong> I ansiktet og p\u00e5 halsen kan du merke at huden ikke holder tritt med fettforbrenningen. Dette er helt naturlig, men kan gi deg en f\u00f8lelse av at du ser mer sliten ut.<\/p>\n\n\n\n<p>V\u00e5r <strong>Medisinsk team<\/strong> forst\u00e5r at du fortjener at ansiktet ditt skal v\u00e6re like dynamisk som ditt nye liv. Derfor vil vi vise deg hvordan du kan st\u00f8tte vevet i denne viktige <strong>remodellering<\/strong>.<\/p>\n\n\n\n<h2 class=\"wp-block-heading\"><strong>Effekten av vekttap p\u00e5 huden \u2013 rask vektreduksjon og fasthet<\/strong><\/h2>\n\n\n\n<p><strong>Hvordan reagerer huden p\u00e5 rask vekttap?<\/strong> Hudens reaksjon p\u00e5 <strong>rask vektreduksjon <\/strong>er basert p\u00e5 fysiologi. Underhudsfettet, som fungerte som \u201est\u00f8tte\u201d, forsvinner plutselig. Huden, som var strukket, mister sin st\u00f8tte. Dette f\u00f8rer til et fenomen som vi medisinsk kaller <strong>slapphet i huden<\/strong>.<\/p>\n\n\n\n<p>Omr\u00e5der med tynnere hud og stor bevegelighet er mest ber\u00f8rt, og derfor mer synlige. <strong>endringer i huden i ansiktet og p\u00e5 halsen<\/strong>. Din hud, som plutselig har mistet volum, har ikke tid til \u00e5 <strong>kollagen- og elastinproduksjon<\/strong> i et tempo som gj\u00f8r at den kan krympe naturlig. Som et resultat ser du at huden din mister fasthet og elastisitet.<\/p>\n\n\n\n<h2 class=\"wp-block-heading\"><strong>Diagnostisering av hudens tilstand i ansiktet \u2013 remodelleringsprosessen<\/strong><\/h2>\n\n\n\n<p>F\u00f8r vi tar noen beslutninger <strong>aktiviteter som st\u00f8tter hudens spenning<\/strong>, er det n\u00f8dvendig \u00e5 foreta en n\u00f8yaktig vurdering av hudens tilstand.<\/p>\n\n\n\n<p><strong>Hvordan vurdere tilstanden til huden i ansiktet og p\u00e5 halsen?<\/strong> V\u00e5rt Wellteam gjennomf\u00f8rer en detaljert <strong>diagnostikk av hudens tilstand i ansiktet<\/strong> (inkludert nakken), med fokus p\u00e5:<\/p>\n\n\n\n<ul class=\"wp-block-list\">\n<li>Poziomie <strong>slapp hud<\/strong> \u2013 det vil si graden av fall og manglende spenning.<\/li>\n\n\n\n<li>Vevets densitet (innhold <strong>kollagen og elastin<\/strong>).<\/li>\n\n\n\n<li>Tilstedev\u00e6relsen av rynker og gravitasjonsrynker som plutselig har blitt dypere.<\/li>\n<\/ul>\n\n\n\n<p>En slik vurdering er n\u00f8dvendig for \u00e5 skape en personlig tilpasset <strong>behandlingsplan<\/strong>, som vil st\u00f8tte <strong>remodellering<\/strong> Huden din, og ikke bare skjule problemet.<\/p>\n\n\n\n<h2 class=\"wp-block-heading\"><strong>Tiltak som st\u00f8tter hudens spenning \u2013 hvordan kan man st\u00f8tte hudens reparasjonsprosess?<\/strong><\/h2>\n\n\n\n<p><strong>Hvordan st\u00f8tte hudens reparasjonsprosess?<\/strong> <strong>Tiltak som st\u00f8tter hudens spenning<\/strong> b\u00f8r v\u00e6re rettet mot dyp stimulering av vevet for \u00e5 <strong>tap av hudens elastisitet etter vekttap<\/strong> ble utlignet.<\/p>\n\n\n\n<p><strong>Endringer i huden i ansiktet og p\u00e5 halsen<\/strong> krever metoder som sikkert og effektivt setter i gang produksjonen <strong>kollagen og elastin<\/strong>:<\/p>\n\n\n\n<ol class=\"wp-block-list\">\n<li><strong>Dyp laserstimulering (f.eks. <\/strong><a href=\"https:\/\/wellclinic.pl\/nb\/4d-endolifting-ansikt-10-ar-yngre\/\" target=\"_blank\" rel=\"noreferrer noopener\"><strong>4D endolifting<\/strong><\/a><strong>)<\/strong> \u2013 Laserterapier som bruker avanserte plattformer, som Fotona DYNAMIS SP, er utviklet for ikke-invasiv stimulering. Laseren har som oppgave \u00e5 varme opp de dype hudlagene p\u00e5 en sikker m\u00e5te, noe som utl\u00f8ser en intens <strong>remodellering<\/strong> i <strong>regenerering<\/strong> vev. Denne prosedyren virker fra innsiden og st\u00f8tter hudens spenning i hele dens tykkelse.<\/li>\n\n\n\n<li><strong>Biostimulerende volumetria<\/strong> \u2013 m\u00e5lrettet erstatning av tapt volum ved hjelp av preparater som <strong>naturligvis<\/strong> stimulerer egne celler til \u00e5 syntetisere kollagen.<\/li>\n\n\n\n<li><strong>Revitalisering <\/strong>\u2013 intensiv n\u00e6ring av huden, som forbedrer dens kvalitet og evne til regenerering.<\/li>\n<\/ol>\n\n\n\n<p><em>\u201eVi ser ofte at pasientene som kommer til oss ikke er klare for operasjon. De \u00f8nsker st\u00f8tte som er trygg, men sterk. V\u00e5rt m\u00e5l er \u00e5 gi dem det. <\/em><strong><em>virkning som st\u00f8tter hudens spenning<\/em><\/strong><em> i <\/em><strong><em>remodellering,<\/em><\/strong><em> slik at ansiktet deres ser yngre ut og gjenspeiler deres indre suksess. Dette er mulig takket v\u00e6re sertifiserte, ikke-invasive teknologier, som Endolifting 4D, st\u00f8ttet av kliniske studier og sertifikater (f.eks. FDA).\u201d<\/em> - sier Wellclinics lege innen estetisk medisin.<\/p>\n\n\n\n<h2 class=\"wp-block-heading\"><strong>Stol p\u00e5 ekspertene i endringsprosessen<\/strong><\/h2>\n\n\n\n<p>Vi vet hvor mye <strong>determination and effort<\/strong> du har lagt ned for \u00e5 oppn\u00e5 din n\u00e5v\u00e6rende figur. Du fortjener at resultatene av din harde innsats skal v\u00e6re synlige i full harmoni \u2013 fra energien du f\u00f8ler til hudens spenning du ser. V\u00e5r <strong>Medisinsk team<\/strong> er eksperter p\u00e5 \u00e5 kombinere helse- og estetiske m\u00e5l. Vi bruker <strong>sertifisert og innovativ<\/strong> teknologier for \u00e5 starte sikkert og riktig <strong>volumgjenoppretting<\/strong> og fasthet der det er mest n\u00f8dvendig.<\/p>\n\n\n\n<p>Du trenger ikke \u00e5 velge mellom helse og et ungdommelig utseende. Gj\u00f8r <strong>f\u00f8rste skritt mot ansiktet<\/strong>, som fullt ut gjenspeiler din indre suksess.<\/p>\n\n\n\n<p><strong>Oppdag den personlige WellEffect-formelen<\/strong>, skapt med tanke p\u00e5 deg. Bestill time allerede i dag og <strong>Oppdag potensialet i transformasjon<\/strong>.<\/p>\n\n\n\n<p><strong>Wellclinic Medical Clinic \u2013 oppn\u00e5 lang levetid og skj\u00f8nnhet sammen med oss.<\/strong><\/p>","protected":false},"excerpt":{"rendered":"<p>Wyobra\u017a sobie, \u017ce osi\u0105gn\u0119\u0142a\u015b sw\u00f3j cel \u2013 sylwetka jest l\u017cejsza, zdrowie wr\u00f3ci\u0142o, a energia Ci\u0119 rozpiera. Odczuwasz ogromn\u0105 rado\u015b\u0107 z tej wewn\u0119trznej transformacji. Czasem jednak towarzyszy temu pewien dysonans: gdy patrzysz na skutki chudni\u0119cia w obr\u0119bie twarzy i szyi, mo\u017cesz zauwa\u017cy\u0107, \u017ce sk\u00f3ra nie nad\u0105\u017ca za tempem, w jakim znika t\u0142uszcz. To naturalne, ale mo\u017ce [&hellip;]<\/p>\n","protected":false},"author":15,"featured_media":47226,"comment_status":"closed","ping_status":"closed","sticky":false,"template":"","format":"standard","meta":{"_acf_changed":false,"footnotes":""},"categories":[79],"tags":[],"class_list":["post-47237","post","type-post","status-publish","format-standard","has-post-thumbnail","hentry","category-zabieg-na-twarz"],"acf":[],"yoast_head":"<!-- This site is optimized with the Yoast SEO Premium plugin v21.1 (Yoast SEO v27.4) - https:\/\/yoast.com\/product\/yoast-seo-premium-wordpress\/ -->\n<title>Szybka utrata wagi a sk\u00f3ra twarzy i szyi \u2013 co si\u0119 dzieje?<\/title>\n<meta name=\"description\" content=\"Szybka utrata wagi mo\u017ce powodowa\u0107 wiotko\u015b\u0107 i pogorszenie kondycji sk\u00f3ry twarzy oraz szyi. Poznaj typowe objawy, mo\u017cliwo\u015bci diagnostyczne i skuteczne dzia\u0142ania, kt\u00f3re pozwalaj\u0105 odzyska\u0107 j\u0119drno\u015b\u0107 i zdrowy wygl\u0105d.\" \/>\n<meta name=\"robots\" content=\"index, follow, max-snippet:-1, max-image-preview:large, max-video-preview:-1\" \/>\n<link rel=\"canonical\" href=\"https:\/\/wellclinic.pl\/nb\/rask-vekttap-pavirker-huden-i-ansiktet-og-pa-halsen\/\" \/>\n<meta property=\"og:locale\" content=\"nb_NO\" \/>\n<meta property=\"og:type\" content=\"article\" \/>\n<meta property=\"og:title\" content=\"Wp\u0142yw szybkiej utraty wagi na sk\u00f3r\u0119 twarzy i szyi: objawy, diagnostyka i dzia\u0142ania rekompensuj\u0105ce\" \/>\n<meta property=\"og:description\" content=\"Szybka utrata wagi mo\u017ce powodowa\u0107 wiotko\u015b\u0107 i pogorszenie kondycji sk\u00f3ry twarzy oraz szyi. Poznaj typowe objawy, mo\u017cliwo\u015bci diagnostyczne i skuteczne dzia\u0142ania, kt\u00f3re pozwalaj\u0105 odzyska\u0107 j\u0119drno\u015b\u0107 i zdrowy wygl\u0105d.\" \/>\n<meta property=\"og:url\" content=\"https:\/\/wellclinic.pl\/nb\/rask-vekttap-pavirker-huden-i-ansiktet-og-pa-halsen\/\" \/>\n<meta property=\"og:site_name\" content=\"Wellclinic\" \/>\n<meta property=\"article:published_time\" content=\"2025-12-03T10:43:34+00:00\" \/>\n<meta property=\"article:modified_time\" content=\"2025-12-03T10:43:35+00:00\" \/>\n<meta property=\"og:image\" content=\"https:\/\/wellclinic.pl\/wp-content\/uploads\/2025\/12\/wplyw-szybkiej-utraty-wagi-na-skore-twarzy-i-szyi-objawy-diagnostyka-i-dzialania-rekompensujace.jpg\" \/>\n\t<meta property=\"og:image:width\" content=\"944\" \/>\n\t<meta property=\"og:image:height\" content=\"768\" \/>\n\t<meta property=\"og:image:type\" content=\"image\/jpeg\" \/>\n<meta name=\"author\" content=\"Stanis\u0142aw Oleksiejuk\" \/>\n<meta name=\"twitter:card\" content=\"summary_large_image\" \/>\n<meta name=\"twitter:label1\" content=\"Skrevet av\" \/>\n\t<meta name=\"twitter:data1\" content=\"Stanis\u0142aw Oleksiejuk\" \/>\n\t<meta name=\"twitter:label2\" content=\"Ansl. lesetid\" \/>\n\t<meta name=\"twitter:data2\" content=\"4 minutter\" \/>\n<script type=\"application\/ld+json\" class=\"yoast-schema-graph\">{\"@context\":\"https:\\\/\\\/schema.org\",\"@graph\":[{\"@type\":\"Article\",\"@id\":\"https:\\\/\\\/wellclinic.pl\\\/szybka-utrata-wagi-wplyw-na-skore-twarzy-i-szyi\\\/#article\",\"isPartOf\":{\"@id\":\"https:\\\/\\\/wellclinic.pl\\\/szybka-utrata-wagi-wplyw-na-skore-twarzy-i-szyi\\\/\"},\"author\":{\"name\":\"Stanis\u0142aw Oleksiejuk\",\"@id\":\"https:\\\/\\\/wellclinic.pl\\\/#\\\/schema\\\/person\\\/e404a9bfa016bae344b84b557c1742b1\"},\"headline\":\"Wp\u0142yw szybkiej utraty wagi na sk\u00f3r\u0119 twarzy i szyi: objawy, diagnostyka i dzia\u0142ania rekompensuj\u0105ce\",\"datePublished\":\"2025-12-03T10:43:34+00:00\",\"dateModified\":\"2025-12-03T10:43:35+00:00\",\"mainEntityOfPage\":{\"@id\":\"https:\\\/\\\/wellclinic.pl\\\/szybka-utrata-wagi-wplyw-na-skore-twarzy-i-szyi\\\/\"},\"wordCount\":773,\"image\":{\"@id\":\"https:\\\/\\\/wellclinic.pl\\\/szybka-utrata-wagi-wplyw-na-skore-twarzy-i-szyi\\\/#primaryimage\"},\"thumbnailUrl\":\"https:\\\/\\\/wellclinic.pl\\\/wp-content\\\/uploads\\\/2025\\\/12\\\/wplyw-szybkiej-utraty-wagi-na-skore-twarzy-i-szyi-objawy-diagnostyka-i-dzialania-rekompensujace.jpg\",\"articleSection\":[\"Zabieg na twarz\"],\"inLanguage\":\"nb-NO\"},{\"@type\":\"WebPage\",\"@id\":\"https:\\\/\\\/wellclinic.pl\\\/szybka-utrata-wagi-wplyw-na-skore-twarzy-i-szyi\\\/\",\"url\":\"https:\\\/\\\/wellclinic.pl\\\/szybka-utrata-wagi-wplyw-na-skore-twarzy-i-szyi\\\/\",\"name\":\"Szybka utrata wagi a sk\u00f3ra twarzy i szyi \u2013 co si\u0119 dzieje?\",\"isPartOf\":{\"@id\":\"https:\\\/\\\/wellclinic.pl\\\/#website\"},\"primaryImageOfPage\":{\"@id\":\"https:\\\/\\\/wellclinic.pl\\\/szybka-utrata-wagi-wplyw-na-skore-twarzy-i-szyi\\\/#primaryimage\"},\"image\":{\"@id\":\"https:\\\/\\\/wellclinic.pl\\\/szybka-utrata-wagi-wplyw-na-skore-twarzy-i-szyi\\\/#primaryimage\"},\"thumbnailUrl\":\"https:\\\/\\\/wellclinic.pl\\\/wp-content\\\/uploads\\\/2025\\\/12\\\/wplyw-szybkiej-utraty-wagi-na-skore-twarzy-i-szyi-objawy-diagnostyka-i-dzialania-rekompensujace.jpg\",\"datePublished\":\"2025-12-03T10:43:34+00:00\",\"dateModified\":\"2025-12-03T10:43:35+00:00\",\"author\":{\"@id\":\"https:\\\/\\\/wellclinic.pl\\\/#\\\/schema\\\/person\\\/e404a9bfa016bae344b84b557c1742b1\"},\"description\":\"Szybka utrata wagi mo\u017ce powodowa\u0107 wiotko\u015b\u0107 i pogorszenie kondycji sk\u00f3ry twarzy oraz szyi. Poznaj typowe objawy, mo\u017cliwo\u015bci diagnostyczne i skuteczne dzia\u0142ania, kt\u00f3re pozwalaj\u0105 odzyska\u0107 j\u0119drno\u015b\u0107 i zdrowy wygl\u0105d.\",\"breadcrumb\":{\"@id\":\"https:\\\/\\\/wellclinic.pl\\\/szybka-utrata-wagi-wplyw-na-skore-twarzy-i-szyi\\\/#breadcrumb\"},\"inLanguage\":\"nb-NO\",\"potentialAction\":[{\"@type\":\"ReadAction\",\"target\":[\"https:\\\/\\\/wellclinic.pl\\\/szybka-utrata-wagi-wplyw-na-skore-twarzy-i-szyi\\\/\"]}]},{\"@type\":\"ImageObject\",\"inLanguage\":\"nb-NO\",\"@id\":\"https:\\\/\\\/wellclinic.pl\\\/szybka-utrata-wagi-wplyw-na-skore-twarzy-i-szyi\\\/#primaryimage\",\"url\":\"https:\\\/\\\/wellclinic.pl\\\/wp-content\\\/uploads\\\/2025\\\/12\\\/wplyw-szybkiej-utraty-wagi-na-skore-twarzy-i-szyi-objawy-diagnostyka-i-dzialania-rekompensujace.jpg\",\"contentUrl\":\"https:\\\/\\\/wellclinic.pl\\\/wp-content\\\/uploads\\\/2025\\\/12\\\/wplyw-szybkiej-utraty-wagi-na-skore-twarzy-i-szyi-objawy-diagnostyka-i-dzialania-rekompensujace.jpg\",\"width\":944,\"height\":768,\"caption\":\"Wp\u0142yw szybkiej utraty wagi na sk\u00f3r\u0119 twarzy i szyi: objawy, diagnostyka i dzia\u0142ania rekompensuj\u0105ce\"},{\"@type\":\"BreadcrumbList\",\"@id\":\"https:\\\/\\\/wellclinic.pl\\\/szybka-utrata-wagi-wplyw-na-skore-twarzy-i-szyi\\\/#breadcrumb\",\"itemListElement\":[{\"@type\":\"ListItem\",\"position\":1,\"name\":\"Strona g\u0142\u00f3wna\",\"item\":\"https:\\\/\\\/wellclinic.pl\\\/\"},{\"@type\":\"ListItem\",\"position\":2,\"name\":\"Wp\u0142yw szybkiej utraty wagi na sk\u00f3r\u0119 twarzy i szyi: objawy, diagnostyka i dzia\u0142ania rekompensuj\u0105ce\"}]},{\"@type\":\"WebSite\",\"@id\":\"https:\\\/\\\/wellclinic.pl\\\/#website\",\"url\":\"https:\\\/\\\/wellclinic.pl\\\/\",\"name\":\"Wellclinic Klinika Medycyny Estetycznej - Warszawa i Gda\u0144sk\",\"description\":\"Klinika Medycyny Estetycznej - Warszawa i Gda\u0144sk\",\"potentialAction\":[{\"@type\":\"SearchAction\",\"target\":{\"@type\":\"EntryPoint\",\"urlTemplate\":\"https:\\\/\\\/wellclinic.pl\\\/?s={search_term_string}\"},\"query-input\":{\"@type\":\"PropertyValueSpecification\",\"valueRequired\":true,\"valueName\":\"search_term_string\"}}],\"inLanguage\":\"nb-NO\"},{\"@type\":\"Person\",\"@id\":\"https:\\\/\\\/wellclinic.pl\\\/#\\\/schema\\\/person\\\/e404a9bfa016bae344b84b557c1742b1\",\"name\":\"Stanis\u0142aw Oleksiejuk\",\"url\":\"https:\\\/\\\/wellclinic.pl\\\/nb\\\/author\\\/stanislaw\\\/\"}]}<\/script>\n<!-- \/ Yoast SEO Premium plugin. -->","yoast_head_json":{"title":"Rask vekttap og huden i ansiktet og p\u00e5 halsen \u2013 hva skjer?","description":"Rask vekttap kan f\u00f8re til slapphet og forverring av hudens tilstand i ansiktet og p\u00e5 halsen. L\u00e6r om typiske symptomer, diagnostiske muligheter og effektive tiltak som gj\u00f8r at du kan gjenvinne fasthet og et sunt utseende.","robots":{"index":"index","follow":"follow","max-snippet":"max-snippet:-1","max-image-preview":"max-image-preview:large","max-video-preview":"max-video-preview:-1"},"canonical":"https:\/\/wellclinic.pl\/nb\/rask-vekttap-pavirker-huden-i-ansiktet-og-pa-halsen\/","og_locale":"nb_NO","og_type":"article","og_title":"Wp\u0142yw szybkiej utraty wagi na sk\u00f3r\u0119 twarzy i szyi: objawy, diagnostyka i dzia\u0142ania rekompensuj\u0105ce","og_description":"Szybka utrata wagi mo\u017ce powodowa\u0107 wiotko\u015b\u0107 i pogorszenie kondycji sk\u00f3ry twarzy oraz szyi. Poznaj typowe objawy, mo\u017cliwo\u015bci diagnostyczne i skuteczne dzia\u0142ania, kt\u00f3re pozwalaj\u0105 odzyska\u0107 j\u0119drno\u015b\u0107 i zdrowy wygl\u0105d.","og_url":"https:\/\/wellclinic.pl\/nb\/rask-vekttap-pavirker-huden-i-ansiktet-og-pa-halsen\/","og_site_name":"Wellclinic","article_published_time":"2025-12-03T10:43:34+00:00","article_modified_time":"2025-12-03T10:43:35+00:00","og_image":[{"width":944,"height":768,"url":"https:\/\/wellclinic.pl\/wp-content\/uploads\/2025\/12\/wplyw-szybkiej-utraty-wagi-na-skore-twarzy-i-szyi-objawy-diagnostyka-i-dzialania-rekompensujace.jpg","type":"image\/jpeg"}],"author":"Stanis\u0142aw Oleksiejuk","twitter_card":"summary_large_image","twitter_misc":{"Skrevet av":"Stanis\u0142aw Oleksiejuk","Ansl. lesetid":"4 minutter"},"schema":{"@context":"https:\/\/schema.org","@graph":[{"@type":"Article","@id":"https:\/\/wellclinic.pl\/szybka-utrata-wagi-wplyw-na-skore-twarzy-i-szyi\/#article","isPartOf":{"@id":"https:\/\/wellclinic.pl\/szybka-utrata-wagi-wplyw-na-skore-twarzy-i-szyi\/"},"author":{"name":"Stanis\u0142aw Oleksiejuk","@id":"https:\/\/wellclinic.pl\/#\/schema\/person\/e404a9bfa016bae344b84b557c1742b1"},"headline":"Wp\u0142yw szybkiej utraty wagi na sk\u00f3r\u0119 twarzy i szyi: objawy, diagnostyka i dzia\u0142ania rekompensuj\u0105ce","datePublished":"2025-12-03T10:43:34+00:00","dateModified":"2025-12-03T10:43:35+00:00","mainEntityOfPage":{"@id":"https:\/\/wellclinic.pl\/szybka-utrata-wagi-wplyw-na-skore-twarzy-i-szyi\/"},"wordCount":773,"image":{"@id":"https:\/\/wellclinic.pl\/szybka-utrata-wagi-wplyw-na-skore-twarzy-i-szyi\/#primaryimage"},"thumbnailUrl":"https:\/\/wellclinic.pl\/wp-content\/uploads\/2025\/12\/wplyw-szybkiej-utraty-wagi-na-skore-twarzy-i-szyi-objawy-diagnostyka-i-dzialania-rekompensujace.jpg","articleSection":["Zabieg na twarz"],"inLanguage":"nb-NO"},{"@type":"WebPage","@id":"https:\/\/wellclinic.pl\/szybka-utrata-wagi-wplyw-na-skore-twarzy-i-szyi\/","url":"https:\/\/wellclinic.pl\/szybka-utrata-wagi-wplyw-na-skore-twarzy-i-szyi\/","name":"Rask vekttap og huden i ansiktet og p\u00e5 halsen \u2013 hva skjer?","isPartOf":{"@id":"https:\/\/wellclinic.pl\/#website"},"primaryImageOfPage":{"@id":"https:\/\/wellclinic.pl\/szybka-utrata-wagi-wplyw-na-skore-twarzy-i-szyi\/#primaryimage"},"image":{"@id":"https:\/\/wellclinic.pl\/szybka-utrata-wagi-wplyw-na-skore-twarzy-i-szyi\/#primaryimage"},"thumbnailUrl":"https:\/\/wellclinic.pl\/wp-content\/uploads\/2025\/12\/wplyw-szybkiej-utraty-wagi-na-skore-twarzy-i-szyi-objawy-diagnostyka-i-dzialania-rekompensujace.jpg","datePublished":"2025-12-03T10:43:34+00:00","dateModified":"2025-12-03T10:43:35+00:00","author":{"@id":"https:\/\/wellclinic.pl\/#\/schema\/person\/e404a9bfa016bae344b84b557c1742b1"},"description":"Rask vekttap kan f\u00f8re til slapphet og forverring av hudens tilstand i ansiktet og p\u00e5 halsen. L\u00e6r om typiske symptomer, diagnostiske muligheter og effektive tiltak som gj\u00f8r at du kan gjenvinne fasthet og et sunt utseende.","breadcrumb":{"@id":"https:\/\/wellclinic.pl\/szybka-utrata-wagi-wplyw-na-skore-twarzy-i-szyi\/#breadcrumb"},"inLanguage":"nb-NO","potentialAction":[{"@type":"ReadAction","target":["https:\/\/wellclinic.pl\/szybka-utrata-wagi-wplyw-na-skore-twarzy-i-szyi\/"]}]},{"@type":"ImageObject","inLanguage":"nb-NO","@id":"https:\/\/wellclinic.pl\/szybka-utrata-wagi-wplyw-na-skore-twarzy-i-szyi\/#primaryimage","url":"https:\/\/wellclinic.pl\/wp-content\/uploads\/2025\/12\/wplyw-szybkiej-utraty-wagi-na-skore-twarzy-i-szyi-objawy-diagnostyka-i-dzialania-rekompensujace.jpg","contentUrl":"https:\/\/wellclinic.pl\/wp-content\/uploads\/2025\/12\/wplyw-szybkiej-utraty-wagi-na-skore-twarzy-i-szyi-objawy-diagnostyka-i-dzialania-rekompensujace.jpg","width":944,"height":768,"caption":"Wp\u0142yw szybkiej utraty wagi na sk\u00f3r\u0119 twarzy i szyi: objawy, diagnostyka i dzia\u0142ania rekompensuj\u0105ce"},{"@type":"BreadcrumbList","@id":"https:\/\/wellclinic.pl\/szybka-utrata-wagi-wplyw-na-skore-twarzy-i-szyi\/#breadcrumb","itemListElement":[{"@type":"ListItem","position":1,"name":"Strona g\u0142\u00f3wna","item":"https:\/\/wellclinic.pl\/"},{"@type":"ListItem","position":2,"name":"Wp\u0142yw szybkiej utraty wagi na sk\u00f3r\u0119 twarzy i szyi: objawy, diagnostyka i dzia\u0142ania rekompensuj\u0105ce"}]},{"@type":"WebSite","@id":"https:\/\/wellclinic.pl\/#website","url":"https:\/\/wellclinic.pl\/","name":"Wellclinic Klinikk for estetisk medisin - Warszawa og Gdansk","description":"Klinikk for estetisk medisin - Warszawa og Gdansk","potentialAction":[{"@type":"SearchAction","target":{"@type":"EntryPoint","urlTemplate":"https:\/\/wellclinic.pl\/?s={search_term_string}"},"query-input":{"@type":"PropertyValueSpecification","valueRequired":true,"valueName":"search_term_string"}}],"inLanguage":"nb-NO"},{"@type":"Person","@id":"https:\/\/wellclinic.pl\/#\/schema\/person\/e404a9bfa016bae344b84b557c1742b1","name":"Stanislaw Oleksiejuk","url":"https:\/\/wellclinic.pl\/nb\/author\/stanislaw\/"}]}},"_links":{"self":[{"href":"https:\/\/wellclinic.pl\/nb\/wp-json\/wp\/v2\/posts\/47237","targetHints":{"allow":["GET"]}}],"collection":[{"href":"https:\/\/wellclinic.pl\/nb\/wp-json\/wp\/v2\/posts"}],"about":[{"href":"https:\/\/wellclinic.pl\/nb\/wp-json\/wp\/v2\/types\/post"}],"author":[{"embeddable":true,"href":"https:\/\/wellclinic.pl\/nb\/wp-json\/wp\/v2\/users\/15"}],"replies":[{"embeddable":true,"href":"https:\/\/wellclinic.pl\/nb\/wp-json\/wp\/v2\/comments?post=47237"}],"version-history":[{"count":1,"href":"https:\/\/wellclinic.pl\/nb\/wp-json\/wp\/v2\/posts\/47237\/revisions"}],"predecessor-version":[{"id":47238,"href":"https:\/\/wellclinic.pl\/nb\/wp-json\/wp\/v2\/posts\/47237\/revisions\/47238"}],"wp:featuredmedia":[{"embeddable":true,"href":"https:\/\/wellclinic.pl\/nb\/wp-json\/wp\/v2\/media\/47226"}],"wp:attachment":[{"href":"https:\/\/wellclinic.pl\/nb\/wp-json\/wp\/v2\/media?parent=47237"}],"wp:term":[{"taxonomy":"category","embeddable":true,"href":"https:\/\/wellclinic.pl\/nb\/wp-json\/wp\/v2\/categories?post=47237"},{"taxonomy":"post_tag","embeddable":true,"href":"https:\/\/wellclinic.pl\/nb\/wp-json\/wp\/v2\/tags?post=47237"}],"curies":[{"name":"wp","href":"https:\/\/api.w.org\/{rel}","templated":true}]}}