{"id":47239,"date":"2025-12-03T11:44:54","date_gmt":"2025-12-03T10:44:54","guid":{"rendered":"https:\/\/wellclinic.pl\/?p=47239"},"modified":"2025-12-03T11:44:55","modified_gmt":"2025-12-03T10:44:55","slug":"sunken-face-a-why-older-people-react-faster","status":"publish","type":"post","link":"https:\/\/wellclinic.pl\/nb\/sunken-face-a-wiek-dlaczego-starsi-reaguja-szybciej\/","title":{"rendered":"Sunken face og pasientens alder: hvorfor eldre opplever raskere effekter av ansiktsinnfall ved bruk av slankemedisiner"},"content":{"rendered":"<p>\u00c5 n\u00e5 \u00f8nsket vekt er en seier uansett alder. <strong>Behandling av fedme<\/strong> og \u00e5 komme seg er et vakkert og ambisi\u00f8st m\u00e5l. Men n\u00e5r vekten g\u00e5r raskt ned \u2013 for eksempel takket v\u00e6re moderne farmakologiske behandlinger \u2013 f\u00f8lger ikke alltid huden i ansiktet med kroppen. I tilfelle <strong>moden hud ved reduksjonsterapi<\/strong> Denne ubalansen er ofte mer synlig. Vil du at ansiktet ditt skal gjenspeile din vitalitet fullt ut?<\/p>\n\n\n\n<p>V\u00e5r <strong>Medisinsk team<\/strong> forst\u00e5r at <strong>sunken face og alder<\/strong> dette er en sammenheng som b\u00f8r ses p\u00e5 fra et perspektiv <strong>biologisk aldring <\/strong>vev. Les videre og finn ut mer., <strong>Hvorfor eldre merker effekten av ansiktsinnfall raskere n\u00e5r de bruker slankemedisiner.<\/strong><\/p>\n\n\n\n<h2 class=\"wp-block-heading\"><strong>Hvorfor har eldre mennesker oftere innfallne ansikter?<\/strong><\/h2>\n\n\n\n<p><strong>Hvorfor har eldre mennesker oftere innfallne ansikter?<\/strong> Fenomenet <strong>volumtap hos eldre mennesker<\/strong> er forsterket p\u00e5 grunn av akkumulering av naturlige prosesser <strong>biologisk aldring<\/strong> og voldsom <strong>fettreduksjon<\/strong>. Hos eldre mennesker er ansiktsstrukturen allerede svekket av mange \u00e5rs naturlig aldring.<\/p>\n\n\n\n<p>To hovedbiologiske faktorer gj\u00f8r at <strong>sunken face og alder<\/strong> er en s\u00e5 tydelig sammenheng:<\/p>\n\n\n\n<ol class=\"wp-block-list\">\n<li><strong>Mindre hudtetthet<\/strong> \u2013 med alderen skjer det naturlig <strong>nedgang i kollagen<\/strong> og elastin. Som et resultat har huden <strong>lavere tetthet <\/strong>og er mindre elastisk, og fibrene er tynnere.<\/li>\n\n\n\n<li><strong>Fettforbrenning<\/strong> \u2013 med alderen begynner fettet i ansiktet (som har en st\u00f8ttende funksjon) \u00e5 forsvinne eller bevege seg nedover.<\/li>\n<\/ol>\n\n\n\n<p>N\u00e5r disse naturlige underskuddene p\u00e5legges <strong>rask vektreduksjon<\/strong>, effekten av innsynkning, nedfall av vev og f\u00f8lelsen av tretthet er synlig nesten umiddelbart.<\/p>\n\n\n\n<h2 class=\"wp-block-heading\"><strong>Aldersforskjeller i vevstap \u2013 st\u00f8rre risiko for lipoatrofi hos eldre<\/strong><\/h2>\n\n\n\n<p><strong>\u00d8ker alderen synligheten av effektene?<\/strong> Absolutt ja. Det er tydelige <strong>aldersforskjeller i tap av vev<\/strong>. Ung hud har, selv etter stor vekttap, fortsatt st\u00f8rre evne til regenerering og sammentrekning. Derimot <strong>moden hud ved reduksjonsterapi<\/strong> har allerede mindre kollagenreserver, noe som gj\u00f8r at den er mer utsatt for slapp hud.<\/p>\n\n\n\n<p>Risikoet for at <strong>aldring ved vektreduksjon<\/strong> blir synlig, er betydelig h\u00f8yere. Selve fenomenet med ansiktssynkning er i realiteten <strong>\u00f8kt risiko for lipoatrofi hos eldre<\/strong> (tap av fettvev), som akkumuleres med det som allerede finnes naturlig <strong>mindre hudtetthet<\/strong>.<\/p>\n\n\n\n<h2 class=\"wp-block-heading\"><strong>Hvilke faktorer forsterker volumtapet?<\/strong><\/h2>\n\n\n\n<p><strong>Hvilke faktorer forsterker volumtapet?<\/strong> P\u00e5 <strong>biologisk aldring<\/strong> i <strong>volumtap hos eldre mennesker<\/strong> mange faktorer spiller inn.<\/p>\n\n\n\n<p>Disse er:<\/p>\n\n\n\n<ul class=\"wp-block-list\">\n<li><strong>Nedgang i kollagen<\/strong> \u2013 naturlig <strong>nedgang i kollagen<\/strong> og elastin fortsetter etter 30 \u00e5r og er uunng\u00e5elig.<\/li>\n\n\n\n<li><strong>Kraftig vekttap<\/strong> \u2013 jo raskere vektreduksjonen skjer, desto mindre sjanse har huden til \u00e5 tilpasse seg.<\/li>\n\n\n\n<li><strong>Utilisable regeneration<\/strong> \u2013 manglende implementering <strong>estetisk forebygging<\/strong>, hvis oppgave er \u00e5 fornye vev.<\/li>\n<\/ul>\n\n\n\n<h2 class=\"wp-block-heading\"><strong>Kompenserende tiltak \u2013 plan for estetisk st\u00f8tte<\/strong><\/h2>\n\n\n\n<p>B\u00e5de <strong>tap av ansiktsvolum<\/strong>, as well as the problem <strong>st\u00f8rre risiko for lipoatrofi hos eldre<\/strong> krever <strong>personlig behandlingsplan<\/strong>. Til dette form\u00e5let bruker vi avanserte teknologier, som <a href=\"https:\/\/wellclinic.pl\/nb\/4d-endolifting-ansikt-10-ar-yngre\/\" target=\"_blank\" rel=\"noreferrer noopener\">4D endolifting<\/a>, som initierer en dyp <strong>remodellering<\/strong> skins.<\/p>\n\n\n\n<p>Endolifting 4D er en ikke-invasiv laserbehandling som bruker plattformen <strong>Fotona DYNAMIS SP<\/strong>. Form\u00e5let med denne behandlingen er:<\/p>\n\n\n\n<ul class=\"wp-block-list\">\n<li><strong>Gjenoppbygging av tetthet <\/strong>\u2013 bruk av laser <strong>Er:Yag<\/strong> for fraksjonell revitalisering og st\u00f8tte til produksjon av nytt kollagen.<\/li>\n\n\n\n<li><strong>Spenningsst\u00f8tte <\/strong>\u2013 laserfunksjon <strong>Nd:Yag<\/strong> for \u00e5 oppn\u00e5 en grundig oppvarming og krymping av fibrene <strong>kollagen og elastin<\/strong> for \u00e5 redusere <strong>slapp hud<\/strong>.<\/li>\n<\/ul>\n\n\n\n<p>Behandlingen st\u00f8ttes av kliniske studier og sertifikater, og har som m\u00e5l \u00e5 <strong>gjenoppretting av et mer ungdommelig utseende i ansiktet<\/strong> uten behov for rekonvalesens.<\/p>\n\n\n\n<h2 class=\"wp-block-heading\"><strong>Stol p\u00e5 ekspertene i endringsprosessen<\/strong><\/h2>\n\n\n\n<p>Vi vet hvor mye <strong>determination and effort<\/strong> du har lagt ned for \u00e5 oppn\u00e5 din n\u00e5v\u00e6rende figur. Din omtanke for fysisk form og kosthold er grunnlaget for denne forandringen. Du fortjener at resultatene av din harde innsats skal v\u00e6re synlige i full harmoni \u2013 fra energien du f\u00f8ler til hudens spenning du ser. <strong>Wellclinic Medical Team<\/strong> er eksperter p\u00e5 \u00e5 kombinere helse- og estetiske m\u00e5l. Vi bruker <strong>sertifisert og innovativ<\/strong> teknologier for \u00e5 initiere p\u00e5 en sikker og m\u00e5lrettet m\u00e5te <strong>volumgjenoppretting<\/strong> og <strong>fasthet<\/strong> akkurat der hvor huden din trenger det mest.<\/p>\n\n\n\n<p>Oppdag <strong>den personlig tilpassede WellEffect-formelen<\/strong> - <strong>estetisk st\u00f8tte<\/strong> designet utelukkende for dine behov. <strong>Begynn i dag<\/strong> og sikre din skj\u00f8nnhet for alltid.<\/p>\n\n\n\n<p><strong>Wellclinic Medical Clinic \u2013 Win longevity and beauty with us.<\/strong><\/p>","protected":false},"excerpt":{"rendered":"<p>Osi\u0105gni\u0119cie upragnionej wagi to zwyci\u0119stwo niezale\u017cnie od Twojego wieku. Leczenie oty\u0142o\u015bci i powr\u00f3t do zdrowia to pi\u0119kny i ambitny cel. Jednak kiedy waga spada gwa\u0142townie \u2013 na przyk\u0142ad dzi\u0119ki nowoczesnym terapiom farmakologicznym \u2013 sk\u00f3ra twarzy nie zawsze nad\u0105\u017ca za cia\u0142em. W przypadku sk\u00f3ry dojrza\u0142ej przy terapii redukcyjnej dysproporcja ta jest cz\u0119sto bardziej widoczna. Chcesz, by [&hellip;]<\/p>\n","protected":false},"author":15,"featured_media":47225,"comment_status":"closed","ping_status":"closed","sticky":false,"template":"","format":"standard","meta":{"_acf_changed":false,"footnotes":""},"categories":[79],"tags":[],"class_list":["post-47239","post","type-post","status-publish","format-standard","has-post-thumbnail","hentry","category-zabieg-na-twarz"],"acf":[],"yoast_head":"<!-- This site is optimized with the Yoast SEO Premium plugin v21.1 (Yoast SEO v27.4) - https:\/\/yoast.com\/product\/yoast-seo-premium-wordpress\/ -->\n<title>Sunken face a wiek \u2013 czemu starsi reaguj\u0105 szybciej?<\/title>\n<meta name=\"description\" content=\"Starsze osoby cz\u0119\u015bciej i szybciej do\u015bwiadczaj\u0105 efektu Sunken face podczas terapii lekami odchudzaj\u0105cymi. Sprawd\u017a, z czego to wynika i jakie dzia\u0142ania mog\u0105 zmniejszy\u0107 ryzyko zapadni\u0119cia rys\u00f3w twarzy.\" \/>\n<meta name=\"robots\" content=\"index, follow, max-snippet:-1, max-image-preview:large, max-video-preview:-1\" \/>\n<link rel=\"canonical\" href=\"https:\/\/wellclinic.pl\/nb\/sunken-face-a-why-older-people-react-faster\/\" \/>\n<meta property=\"og:locale\" content=\"nb_NO\" \/>\n<meta property=\"og:type\" content=\"article\" \/>\n<meta property=\"og:title\" content=\"Sunken face a wiek pacjenta: dlaczego starsi szybciej odczuwaj\u0105 efekty zapadni\u0119cia twarzy na lekach odchudzaj\u0105cych\" \/>\n<meta property=\"og:description\" content=\"Starsze osoby cz\u0119\u015bciej i szybciej do\u015bwiadczaj\u0105 efektu Sunken face podczas terapii lekami odchudzaj\u0105cymi. Sprawd\u017a, z czego to wynika i jakie dzia\u0142ania mog\u0105 zmniejszy\u0107 ryzyko zapadni\u0119cia rys\u00f3w twarzy.\" \/>\n<meta property=\"og:url\" content=\"https:\/\/wellclinic.pl\/nb\/sunken-face-a-why-older-people-react-faster\/\" \/>\n<meta property=\"og:site_name\" content=\"Wellclinic\" \/>\n<meta property=\"article:published_time\" content=\"2025-12-03T10:44:54+00:00\" \/>\n<meta property=\"article:modified_time\" content=\"2025-12-03T10:44:55+00:00\" \/>\n<meta property=\"og:image\" content=\"https:\/\/wellclinic.pl\/wp-content\/uploads\/2025\/12\/sunken-face-a-wiek-pacjenta-dlaczego-starsi-szybciej-odczuwaja-efekty-zapadniecia-twarzy-na-lekach-odchudzajacych.jpg\" \/>\n\t<meta property=\"og:image:width\" content=\"944\" \/>\n\t<meta property=\"og:image:height\" content=\"768\" \/>\n\t<meta property=\"og:image:type\" content=\"image\/jpeg\" \/>\n<meta name=\"author\" content=\"Stanis\u0142aw Oleksiejuk\" \/>\n<meta name=\"twitter:card\" content=\"summary_large_image\" \/>\n<meta name=\"twitter:label1\" content=\"Skrevet av\" \/>\n\t<meta name=\"twitter:data1\" content=\"Stanis\u0142aw Oleksiejuk\" \/>\n\t<meta name=\"twitter:label2\" content=\"Ansl. lesetid\" \/>\n\t<meta name=\"twitter:data2\" content=\"4 minutter\" \/>\n<script type=\"application\/ld+json\" class=\"yoast-schema-graph\">{\"@context\":\"https:\\\/\\\/schema.org\",\"@graph\":[{\"@type\":\"Article\",\"@id\":\"https:\\\/\\\/wellclinic.pl\\\/sunken-face-a-wiek-dlaczego-starsi-reaguja-szybciej\\\/#article\",\"isPartOf\":{\"@id\":\"https:\\\/\\\/wellclinic.pl\\\/sunken-face-a-wiek-dlaczego-starsi-reaguja-szybciej\\\/\"},\"author\":{\"name\":\"Stanis\u0142aw Oleksiejuk\",\"@id\":\"https:\\\/\\\/wellclinic.pl\\\/#\\\/schema\\\/person\\\/e404a9bfa016bae344b84b557c1742b1\"},\"headline\":\"Sunken face a wiek pacjenta: dlaczego starsi szybciej odczuwaj\u0105 efekty zapadni\u0119cia twarzy na lekach odchudzaj\u0105cych\",\"datePublished\":\"2025-12-03T10:44:54+00:00\",\"dateModified\":\"2025-12-03T10:44:55+00:00\",\"mainEntityOfPage\":{\"@id\":\"https:\\\/\\\/wellclinic.pl\\\/sunken-face-a-wiek-dlaczego-starsi-reaguja-szybciej\\\/\"},\"wordCount\":781,\"image\":{\"@id\":\"https:\\\/\\\/wellclinic.pl\\\/sunken-face-a-wiek-dlaczego-starsi-reaguja-szybciej\\\/#primaryimage\"},\"thumbnailUrl\":\"https:\\\/\\\/wellclinic.pl\\\/wp-content\\\/uploads\\\/2025\\\/12\\\/sunken-face-a-wiek-pacjenta-dlaczego-starsi-szybciej-odczuwaja-efekty-zapadniecia-twarzy-na-lekach-odchudzajacych.jpg\",\"articleSection\":[\"Zabieg na twarz\"],\"inLanguage\":\"nb-NO\"},{\"@type\":\"WebPage\",\"@id\":\"https:\\\/\\\/wellclinic.pl\\\/sunken-face-a-wiek-dlaczego-starsi-reaguja-szybciej\\\/\",\"url\":\"https:\\\/\\\/wellclinic.pl\\\/sunken-face-a-wiek-dlaczego-starsi-reaguja-szybciej\\\/\",\"name\":\"Sunken face a wiek \u2013 czemu starsi reaguj\u0105 szybciej?\",\"isPartOf\":{\"@id\":\"https:\\\/\\\/wellclinic.pl\\\/#website\"},\"primaryImageOfPage\":{\"@id\":\"https:\\\/\\\/wellclinic.pl\\\/sunken-face-a-wiek-dlaczego-starsi-reaguja-szybciej\\\/#primaryimage\"},\"image\":{\"@id\":\"https:\\\/\\\/wellclinic.pl\\\/sunken-face-a-wiek-dlaczego-starsi-reaguja-szybciej\\\/#primaryimage\"},\"thumbnailUrl\":\"https:\\\/\\\/wellclinic.pl\\\/wp-content\\\/uploads\\\/2025\\\/12\\\/sunken-face-a-wiek-pacjenta-dlaczego-starsi-szybciej-odczuwaja-efekty-zapadniecia-twarzy-na-lekach-odchudzajacych.jpg\",\"datePublished\":\"2025-12-03T10:44:54+00:00\",\"dateModified\":\"2025-12-03T10:44:55+00:00\",\"author\":{\"@id\":\"https:\\\/\\\/wellclinic.pl\\\/#\\\/schema\\\/person\\\/e404a9bfa016bae344b84b557c1742b1\"},\"description\":\"Starsze osoby cz\u0119\u015bciej i szybciej do\u015bwiadczaj\u0105 efektu Sunken face podczas terapii lekami odchudzaj\u0105cymi. Sprawd\u017a, z czego to wynika i jakie dzia\u0142ania mog\u0105 zmniejszy\u0107 ryzyko zapadni\u0119cia rys\u00f3w twarzy.\",\"breadcrumb\":{\"@id\":\"https:\\\/\\\/wellclinic.pl\\\/sunken-face-a-wiek-dlaczego-starsi-reaguja-szybciej\\\/#breadcrumb\"},\"inLanguage\":\"nb-NO\",\"potentialAction\":[{\"@type\":\"ReadAction\",\"target\":[\"https:\\\/\\\/wellclinic.pl\\\/sunken-face-a-wiek-dlaczego-starsi-reaguja-szybciej\\\/\"]}]},{\"@type\":\"ImageObject\",\"inLanguage\":\"nb-NO\",\"@id\":\"https:\\\/\\\/wellclinic.pl\\\/sunken-face-a-wiek-dlaczego-starsi-reaguja-szybciej\\\/#primaryimage\",\"url\":\"https:\\\/\\\/wellclinic.pl\\\/wp-content\\\/uploads\\\/2025\\\/12\\\/sunken-face-a-wiek-pacjenta-dlaczego-starsi-szybciej-odczuwaja-efekty-zapadniecia-twarzy-na-lekach-odchudzajacych.jpg\",\"contentUrl\":\"https:\\\/\\\/wellclinic.pl\\\/wp-content\\\/uploads\\\/2025\\\/12\\\/sunken-face-a-wiek-pacjenta-dlaczego-starsi-szybciej-odczuwaja-efekty-zapadniecia-twarzy-na-lekach-odchudzajacych.jpg\",\"width\":944,\"height\":768,\"caption\":\"Sunken face a wiek pacjenta: dlaczego starsi szybciej odczuwaj\u0105 efekty zapadni\u0119cia twarzy na lekach odchudzaj\u0105cych\"},{\"@type\":\"BreadcrumbList\",\"@id\":\"https:\\\/\\\/wellclinic.pl\\\/sunken-face-a-wiek-dlaczego-starsi-reaguja-szybciej\\\/#breadcrumb\",\"itemListElement\":[{\"@type\":\"ListItem\",\"position\":1,\"name\":\"Strona g\u0142\u00f3wna\",\"item\":\"https:\\\/\\\/wellclinic.pl\\\/\"},{\"@type\":\"ListItem\",\"position\":2,\"name\":\"Sunken face a wiek pacjenta: dlaczego starsi szybciej odczuwaj\u0105 efekty zapadni\u0119cia twarzy na lekach odchudzaj\u0105cych\"}]},{\"@type\":\"WebSite\",\"@id\":\"https:\\\/\\\/wellclinic.pl\\\/#website\",\"url\":\"https:\\\/\\\/wellclinic.pl\\\/\",\"name\":\"Wellclinic Klinika Medycyny Estetycznej - Warszawa i Gda\u0144sk\",\"description\":\"Klinika Medycyny Estetycznej - Warszawa i Gda\u0144sk\",\"potentialAction\":[{\"@type\":\"SearchAction\",\"target\":{\"@type\":\"EntryPoint\",\"urlTemplate\":\"https:\\\/\\\/wellclinic.pl\\\/?s={search_term_string}\"},\"query-input\":{\"@type\":\"PropertyValueSpecification\",\"valueRequired\":true,\"valueName\":\"search_term_string\"}}],\"inLanguage\":\"nb-NO\"},{\"@type\":\"Person\",\"@id\":\"https:\\\/\\\/wellclinic.pl\\\/#\\\/schema\\\/person\\\/e404a9bfa016bae344b84b557c1742b1\",\"name\":\"Stanis\u0142aw Oleksiejuk\",\"url\":\"https:\\\/\\\/wellclinic.pl\\\/nb\\\/author\\\/stanislaw\\\/\"}]}<\/script>\n<!-- \/ Yoast SEO Premium plugin. -->","yoast_head_json":{"title":"Sunken face og alder \u2013 hvorfor reagerer eldre raskere?","description":"Eldre mennesker opplever oftere og raskere effekten av Sunken face under behandling med slankemedisiner. Finn ut hva som er \u00e5rsaken til dette og hvilke tiltak som kan redusere risikoen for innfallne ansiktstrekk.","robots":{"index":"index","follow":"follow","max-snippet":"max-snippet:-1","max-image-preview":"max-image-preview:large","max-video-preview":"max-video-preview:-1"},"canonical":"https:\/\/wellclinic.pl\/nb\/sunken-face-a-why-older-people-react-faster\/","og_locale":"nb_NO","og_type":"article","og_title":"Sunken face a wiek pacjenta: dlaczego starsi szybciej odczuwaj\u0105 efekty zapadni\u0119cia twarzy na lekach odchudzaj\u0105cych","og_description":"Starsze osoby cz\u0119\u015bciej i szybciej do\u015bwiadczaj\u0105 efektu Sunken face podczas terapii lekami odchudzaj\u0105cymi. Sprawd\u017a, z czego to wynika i jakie dzia\u0142ania mog\u0105 zmniejszy\u0107 ryzyko zapadni\u0119cia rys\u00f3w twarzy.","og_url":"https:\/\/wellclinic.pl\/nb\/sunken-face-a-why-older-people-react-faster\/","og_site_name":"Wellclinic","article_published_time":"2025-12-03T10:44:54+00:00","article_modified_time":"2025-12-03T10:44:55+00:00","og_image":[{"width":944,"height":768,"url":"https:\/\/wellclinic.pl\/wp-content\/uploads\/2025\/12\/sunken-face-a-wiek-pacjenta-dlaczego-starsi-szybciej-odczuwaja-efekty-zapadniecia-twarzy-na-lekach-odchudzajacych.jpg","type":"image\/jpeg"}],"author":"Stanis\u0142aw Oleksiejuk","twitter_card":"summary_large_image","twitter_misc":{"Skrevet av":"Stanis\u0142aw Oleksiejuk","Ansl. lesetid":"4 minutter"},"schema":{"@context":"https:\/\/schema.org","@graph":[{"@type":"Article","@id":"https:\/\/wellclinic.pl\/sunken-face-a-wiek-dlaczego-starsi-reaguja-szybciej\/#article","isPartOf":{"@id":"https:\/\/wellclinic.pl\/sunken-face-a-wiek-dlaczego-starsi-reaguja-szybciej\/"},"author":{"name":"Stanis\u0142aw Oleksiejuk","@id":"https:\/\/wellclinic.pl\/#\/schema\/person\/e404a9bfa016bae344b84b557c1742b1"},"headline":"Sunken face a wiek pacjenta: dlaczego starsi szybciej odczuwaj\u0105 efekty zapadni\u0119cia twarzy na lekach odchudzaj\u0105cych","datePublished":"2025-12-03T10:44:54+00:00","dateModified":"2025-12-03T10:44:55+00:00","mainEntityOfPage":{"@id":"https:\/\/wellclinic.pl\/sunken-face-a-wiek-dlaczego-starsi-reaguja-szybciej\/"},"wordCount":781,"image":{"@id":"https:\/\/wellclinic.pl\/sunken-face-a-wiek-dlaczego-starsi-reaguja-szybciej\/#primaryimage"},"thumbnailUrl":"https:\/\/wellclinic.pl\/wp-content\/uploads\/2025\/12\/sunken-face-a-wiek-pacjenta-dlaczego-starsi-szybciej-odczuwaja-efekty-zapadniecia-twarzy-na-lekach-odchudzajacych.jpg","articleSection":["Zabieg na twarz"],"inLanguage":"nb-NO"},{"@type":"WebPage","@id":"https:\/\/wellclinic.pl\/sunken-face-a-wiek-dlaczego-starsi-reaguja-szybciej\/","url":"https:\/\/wellclinic.pl\/sunken-face-a-wiek-dlaczego-starsi-reaguja-szybciej\/","name":"Sunken face og alder \u2013 hvorfor reagerer eldre raskere?","isPartOf":{"@id":"https:\/\/wellclinic.pl\/#website"},"primaryImageOfPage":{"@id":"https:\/\/wellclinic.pl\/sunken-face-a-wiek-dlaczego-starsi-reaguja-szybciej\/#primaryimage"},"image":{"@id":"https:\/\/wellclinic.pl\/sunken-face-a-wiek-dlaczego-starsi-reaguja-szybciej\/#primaryimage"},"thumbnailUrl":"https:\/\/wellclinic.pl\/wp-content\/uploads\/2025\/12\/sunken-face-a-wiek-pacjenta-dlaczego-starsi-szybciej-odczuwaja-efekty-zapadniecia-twarzy-na-lekach-odchudzajacych.jpg","datePublished":"2025-12-03T10:44:54+00:00","dateModified":"2025-12-03T10:44:55+00:00","author":{"@id":"https:\/\/wellclinic.pl\/#\/schema\/person\/e404a9bfa016bae344b84b557c1742b1"},"description":"Eldre mennesker opplever oftere og raskere effekten av Sunken face under behandling med slankemedisiner. Finn ut hva som er \u00e5rsaken til dette og hvilke tiltak som kan redusere risikoen for innfallne ansiktstrekk.","breadcrumb":{"@id":"https:\/\/wellclinic.pl\/sunken-face-a-wiek-dlaczego-starsi-reaguja-szybciej\/#breadcrumb"},"inLanguage":"nb-NO","potentialAction":[{"@type":"ReadAction","target":["https:\/\/wellclinic.pl\/sunken-face-a-wiek-dlaczego-starsi-reaguja-szybciej\/"]}]},{"@type":"ImageObject","inLanguage":"nb-NO","@id":"https:\/\/wellclinic.pl\/sunken-face-a-wiek-dlaczego-starsi-reaguja-szybciej\/#primaryimage","url":"https:\/\/wellclinic.pl\/wp-content\/uploads\/2025\/12\/sunken-face-a-wiek-pacjenta-dlaczego-starsi-szybciej-odczuwaja-efekty-zapadniecia-twarzy-na-lekach-odchudzajacych.jpg","contentUrl":"https:\/\/wellclinic.pl\/wp-content\/uploads\/2025\/12\/sunken-face-a-wiek-pacjenta-dlaczego-starsi-szybciej-odczuwaja-efekty-zapadniecia-twarzy-na-lekach-odchudzajacych.jpg","width":944,"height":768,"caption":"Sunken face a wiek pacjenta: dlaczego starsi szybciej odczuwaj\u0105 efekty zapadni\u0119cia twarzy na lekach odchudzaj\u0105cych"},{"@type":"BreadcrumbList","@id":"https:\/\/wellclinic.pl\/sunken-face-a-wiek-dlaczego-starsi-reaguja-szybciej\/#breadcrumb","itemListElement":[{"@type":"ListItem","position":1,"name":"Strona g\u0142\u00f3wna","item":"https:\/\/wellclinic.pl\/"},{"@type":"ListItem","position":2,"name":"Sunken face a wiek pacjenta: dlaczego starsi szybciej odczuwaj\u0105 efekty zapadni\u0119cia twarzy na lekach odchudzaj\u0105cych"}]},{"@type":"WebSite","@id":"https:\/\/wellclinic.pl\/#website","url":"https:\/\/wellclinic.pl\/","name":"Wellclinic Klinikk for estetisk medisin - Warszawa og Gdansk","description":"Klinikk for estetisk medisin - Warszawa og Gdansk","potentialAction":[{"@type":"SearchAction","target":{"@type":"EntryPoint","urlTemplate":"https:\/\/wellclinic.pl\/?s={search_term_string}"},"query-input":{"@type":"PropertyValueSpecification","valueRequired":true,"valueName":"search_term_string"}}],"inLanguage":"nb-NO"},{"@type":"Person","@id":"https:\/\/wellclinic.pl\/#\/schema\/person\/e404a9bfa016bae344b84b557c1742b1","name":"Stanislaw Oleksiejuk","url":"https:\/\/wellclinic.pl\/nb\/author\/stanislaw\/"}]}},"_links":{"self":[{"href":"https:\/\/wellclinic.pl\/nb\/wp-json\/wp\/v2\/posts\/47239","targetHints":{"allow":["GET"]}}],"collection":[{"href":"https:\/\/wellclinic.pl\/nb\/wp-json\/wp\/v2\/posts"}],"about":[{"href":"https:\/\/wellclinic.pl\/nb\/wp-json\/wp\/v2\/types\/post"}],"author":[{"embeddable":true,"href":"https:\/\/wellclinic.pl\/nb\/wp-json\/wp\/v2\/users\/15"}],"replies":[{"embeddable":true,"href":"https:\/\/wellclinic.pl\/nb\/wp-json\/wp\/v2\/comments?post=47239"}],"version-history":[{"count":1,"href":"https:\/\/wellclinic.pl\/nb\/wp-json\/wp\/v2\/posts\/47239\/revisions"}],"predecessor-version":[{"id":47240,"href":"https:\/\/wellclinic.pl\/nb\/wp-json\/wp\/v2\/posts\/47239\/revisions\/47240"}],"wp:featuredmedia":[{"embeddable":true,"href":"https:\/\/wellclinic.pl\/nb\/wp-json\/wp\/v2\/media\/47225"}],"wp:attachment":[{"href":"https:\/\/wellclinic.pl\/nb\/wp-json\/wp\/v2\/media?parent=47239"}],"wp:term":[{"taxonomy":"category","embeddable":true,"href":"https:\/\/wellclinic.pl\/nb\/wp-json\/wp\/v2\/categories?post=47239"},{"taxonomy":"post_tag","embeddable":true,"href":"https:\/\/wellclinic.pl\/nb\/wp-json\/wp\/v2\/tags?post=47239"}],"curies":[{"name":"wp","href":"https:\/\/api.w.org\/{rel}","templated":true}]}}