{"id":47243,"date":"2025-12-03T11:48:22","date_gmt":"2025-12-03T10:48:22","guid":{"rendered":"https:\/\/wellclinic.pl\/?p=47243"},"modified":"2025-12-03T11:48:23","modified_gmt":"2025-12-03T10:48:23","slug":"ozempic-face-nar-effektene-er-reversible","status":"publish","type":"post","link":"https:\/\/wellclinic.pl\/nb\/ozempic-face-kiedy-efekty-sa-odwracalne\/","title":{"rendered":"N\u00e5r effektene av Ozempic face er reversible: perspektivet fra estetisk medisin og dermatologi"},"content":{"rendered":"<p>Du har tatt en viktig beslutning om <strong>vektreduksjon<\/strong>, og kroppen din reagerte raskt p\u00e5 dette. Suksessen kan imidlertid komme med en estetisk dissonans \u2013 en plutselig f\u00f8lelse av at ansiktet ditt har mistet volum og ser eldre ut. Dette fenomenet kalles ofte <em>Ozempic ansikt<\/em>, reiser mange sp\u00f8rsm\u00e5l. Vil du vite mer?, <strong>g\u00e5r denne effekten over?<\/strong>, og har du en sjanse til \u00e5 <strong>naturlig regenerering av ansiktshuden<\/strong>. Du er ikke klar for invasive tiltak, men du \u00f8nsker \u00e5 gjenopprette harmonien.<\/p>\n\n\n\n<p>Wellteam tilbyr deg ikke bare <strong>diagnostikk<\/strong>, men ogs\u00e5 <strong>helhetlig st\u00f8tte<\/strong> i denne prosessen.<\/p>\n\n\n\n<h2 class=\"wp-block-heading\"><strong>Reversibilitet av Ozempic og vevsregenerering etter behandling<\/strong><\/h2>\n\n\n\n<p><strong>G\u00e5r Ozempic-effekten over med tiden?<\/strong> Delvis mulig <strong>reversible changes<\/strong>, men det avhenger av din alder, hudens utgangspunkt og tempoet p\u00e5 vekttapet. Generelt sett <strong>reversibilitet Ozempic ansikt<\/strong> best\u00e5r i at huden har evnen til \u00e5 tilpasse seg og regenerere seg selv. Imidlertid kan en kraftig reduksjon i underhudsfett (lipoatrofi) og den tilh\u00f8rende tapet av spenst v\u00e6re permanent og kreve st\u00f8tte.<\/p>\n\n\n\n<p><strong>Hva avgj\u00f8r volumgjenoppretting?<\/strong> Evne til <strong>naturlig regenerering av ansiktshuden<\/strong> er sterkt knyttet til:<\/p>\n\n\n\n<ul class=\"wp-block-list\">\n<li><strong>Pasientens alder<\/strong> \u2013 hos yngre mennesker har huden mer <strong>kollagen og elastin<\/strong>, noe som gj\u00f8r at <strong>hudens helingsprosess<\/strong> er raskere.<\/li>\n\n\n\n<li><strong>Vekttap<\/strong> \u2013 jo st\u00f8rre <strong>volumtap<\/strong> og slapphet, desto vanskeligere er det \u00e5 oppn\u00e5 full regenerering uten inngrep.<\/li>\n\n\n\n<li><strong>Varigheten av estetiske endringer<\/strong> \u2013 jo lenger vekttapsfasen varer, desto mindre er sjansen for spontan gjenoppretting av volumet.<\/li>\n<\/ul>\n\n\n\n<h2 class=\"wp-block-heading\"><strong>Volumregenerering \u2013 varighet av estetiske endringer<\/strong><\/h2>\n\n\n\n<p><strong>Er regenerering mulig uten behandling?<\/strong> <strong>Naturlig regenerering av ansiktshuden<\/strong> er mulig, men det tar tid \u2013 vanligvis flere m\u00e5neder etter at vekten har stabilisert seg. Mange opplever at <strong>volumregenerering<\/strong> stopper p\u00e5 et visst niv\u00e5 og etterlater varige underskudd som forverrer utseendet <strong>innfallet ansikt<\/strong>. Derfor <strong>prosessen med vevsgjenoppbygging etter behandling<\/strong> er ofte st\u00f8ttet av m\u00e5lrettede metoder <strong>estetisk medisin<\/strong>.<\/p>\n\n\n\n<p><strong>Varigheten av estetiske endringer<\/strong> er individuell, men du trenger ikke \u00e5 vente p\u00e5 at naturlige prosesser skal virke.<\/p>\n\n\n\n<p><em>\u201eVi m\u00f8ter ofte pasienter som har lykkes med \u00e5 bekjempe overvekt, men som er bekymret for ansiktet sitt. Etter v\u00e5r mening, <\/em><strong><em>reversibilitet Ozempic ansikt<\/em><\/strong><em> det er ikke et sp\u00f8rsm\u00e5l om \u00e5 vente, men om \u00e5 v\u00e6re bevisst <\/em><strong><em>vevsomdannelse<\/em><\/strong><em>. Takket v\u00e6re teknologier som Quantum Face kan vi fremme <\/em><strong><em>forbedring av ansiktets volumetri<\/em><\/strong><em> i <\/em><strong><em>volumregenerering<\/em><\/strong><em> p\u00e5 en sikker og <\/em><strong><em>biostimulerende<\/em><\/strong><em> m\u00e5te\u201d<\/em> \u2013 lege i estetisk medisin ved Wellclinic.<\/p>\n\n\n\n<h2 class=\"wp-block-heading\"><strong>St\u00f8tte til estetisk medisin \u2013 vevsrekonstruksjon<\/strong><\/h2>\n\n\n\n<p><strong>Estetisk medisin<\/strong> ikke bare fyller volumet, men f\u00f8rst og fremst initierer <strong>vevsomdannelse<\/strong> i de dype hudlagene, noe som har til form\u00e5l \u00e5 gi varig forbedring. M\u00e5lrettede protokoller, som <a href=\"https:\/\/wellclinic.pl\/nb\/kvanteflate\/\" target=\"_blank\" rel=\"noreferrer noopener\"><strong>Quantum Face<\/strong><\/a>, som bruker en avansert laserplattform (f.eks. <strong>Fotona DYNAMIS SP<\/strong>), virker p\u00e5 <strong>hudens helingsprosess<\/strong> fra innsiden, ved \u00e5 fremme <strong>forbedring av ansiktets volumetri<\/strong> og gjenoppretter tettheten. Laserterapi er st\u00f8ttet av kliniske studier og sertifikater (FDA\/CE), og har som oppgave \u00e5 <strong>sikker og presis<\/strong> st\u00f8tte <strong>gjenoppbygging av volum og fasthet<\/strong>.<\/p>\n\n\n\n<p>Takket v\u00e6re denne tiln\u00e6rmingen <strong>reversible changes<\/strong> blir virkelighet, og du kan glede deg over et ansikt som gjenspeiler din helse og vitalitet.<\/p>\n\n\n\n<h2 class=\"wp-block-heading\"><strong>Reverser effekten av Ozempic face med Wellclinic<\/strong><\/h2>\n\n\n\n<p>Din besluttsomhet i <strong>vektreduksjon<\/strong> er et bevis p\u00e5 din indre styrke. Vi tror at denne styrken b\u00f8r gjenspeiles i full harmoni i ditt utseende. V\u00e5r <strong>Medisinsk team<\/strong> er eksperter som ikke bare forst\u00e5r <em>Ozempic ansikt<\/em> som en utfordring, men som et problem som krever <strong>individuell og medisinsk begrunnet<\/strong> l\u00f8sninger. Vi bruker <strong>sertifiserte<\/strong> og innovative protokoller for \u00e5 st\u00f8tte <strong>volumregenerering<\/strong> og fasthet i huden din.<\/p>\n\n\n\n<p><strong>Ikke la denne suksessen gj\u00f8re deg gammel \u2013 ta det f\u00f8rste skrittet mot et ansikt som gj\u00f8r deg yngre.<\/strong><\/p>\n\n\n\n<p><strong>Begynn i dag<\/strong>! Kontakt oss for \u00e5 avtale en <strong>medisinsk konsultasjon<\/strong>, n\u00f8yaktig vurdere tilstanden til huden din og sammen lage en plan <strong>vevsomdannelse<\/strong>.<\/p>\n\n\n\n<p><strong>Wellclinic Medical Clinic \u2013 Din styrke og skj\u00f8nnhet i harmoni med vitenskapen.<\/strong><\/p>","protected":false},"excerpt":{"rendered":"<p>Podj\u0119\u0142a\u015b wa\u017cn\u0105 decyzj\u0119 o redukcji wagi, a Twoje cia\u0142o zareagowa\u0142o na to szybko. Sukces ten mo\u017ce by\u0107 jednak okupiony dysonansem estetycznym \u2013 nag\u0142ym wra\u017ceniem, \u017ce Twoja twarz straci\u0142a obj\u0119to\u015b\u0107 i wygl\u0105da na starsz\u0105. To zjawisko, nazywane potocznie Ozempic face, budzi wiele pyta\u0144. Chcesz wiedzie\u0107, czy ten efekt mija, i czy masz szans\u0119 na naturaln\u0105 regeneracj\u0119 [&hellip;]<\/p>\n","protected":false},"author":15,"featured_media":47220,"comment_status":"closed","ping_status":"closed","sticky":false,"template":"","format":"standard","meta":{"_acf_changed":false,"footnotes":""},"categories":[79],"tags":[],"class_list":["post-47243","post","type-post","status-publish","format-standard","has-post-thumbnail","hentry","category-zabieg-na-twarz"],"acf":[],"yoast_head":"<!-- This site is optimized with the Yoast SEO Premium plugin v21.1 (Yoast SEO v27.4) - https:\/\/yoast.com\/product\/yoast-seo-premium-wordpress\/ -->\n<title>Ozempic face \u2013 kiedy da si\u0119 odwr\u00f3ci\u0107 efekty?<\/title>\n<meta name=\"description\" content=\"Czy skutki Ozempic face mo\u017cna cofn\u0105\u0107? Poznaj perspektyw\u0119 medycyny estetycznej i dermatologii, dowiedz si\u0119, w kt\u00f3rych przypadkach zmiany s\u0105 odwracalne i jakie zabiegi pomagaj\u0105 przywr\u00f3ci\u0107 twarzy naturaln\u0105 obj\u0119to\u015b\u0107.\" \/>\n<meta name=\"robots\" content=\"index, follow, max-snippet:-1, max-image-preview:large, max-video-preview:-1\" \/>\n<link rel=\"canonical\" href=\"https:\/\/wellclinic.pl\/nb\/ozempic-face-nar-effektene-er-reversible\/\" \/>\n<meta property=\"og:locale\" content=\"nb_NO\" \/>\n<meta property=\"og:type\" content=\"article\" \/>\n<meta property=\"og:title\" content=\"Kiedy efekty Ozempic face s\u0105 odwracalne: perspektywa medycyny estetycznej i dermatologii\" \/>\n<meta property=\"og:description\" content=\"Czy skutki Ozempic face mo\u017cna cofn\u0105\u0107? Poznaj perspektyw\u0119 medycyny estetycznej i dermatologii, dowiedz si\u0119, w kt\u00f3rych przypadkach zmiany s\u0105 odwracalne i jakie zabiegi pomagaj\u0105 przywr\u00f3ci\u0107 twarzy naturaln\u0105 obj\u0119to\u015b\u0107.\" \/>\n<meta property=\"og:url\" content=\"https:\/\/wellclinic.pl\/nb\/ozempic-face-nar-effektene-er-reversible\/\" \/>\n<meta property=\"og:site_name\" content=\"Wellclinic\" \/>\n<meta property=\"article:published_time\" content=\"2025-12-03T10:48:22+00:00\" \/>\n<meta property=\"article:modified_time\" content=\"2025-12-03T10:48:23+00:00\" \/>\n<meta property=\"og:image\" content=\"https:\/\/wellclinic.pl\/wp-content\/uploads\/2025\/12\/kiedy-efekty-ozempic-face-sa-odwracalne-perspektywa-medycyny-estetycznej-i-dermatologii.jpg\" \/>\n\t<meta property=\"og:image:width\" content=\"944\" \/>\n\t<meta property=\"og:image:height\" content=\"768\" \/>\n\t<meta property=\"og:image:type\" content=\"image\/jpeg\" \/>\n<meta name=\"author\" content=\"Stanis\u0142aw Oleksiejuk\" \/>\n<meta name=\"twitter:card\" content=\"summary_large_image\" \/>\n<meta name=\"twitter:label1\" content=\"Skrevet av\" \/>\n\t<meta name=\"twitter:data1\" content=\"Stanis\u0142aw Oleksiejuk\" \/>\n\t<meta name=\"twitter:label2\" content=\"Ansl. lesetid\" \/>\n\t<meta name=\"twitter:data2\" content=\"4 minutter\" \/>\n<script type=\"application\/ld+json\" class=\"yoast-schema-graph\">{\"@context\":\"https:\\\/\\\/schema.org\",\"@graph\":[{\"@type\":\"Article\",\"@id\":\"https:\\\/\\\/wellclinic.pl\\\/ozempic-face-kiedy-efekty-sa-odwracalne\\\/#article\",\"isPartOf\":{\"@id\":\"https:\\\/\\\/wellclinic.pl\\\/ozempic-face-kiedy-efekty-sa-odwracalne\\\/\"},\"author\":{\"name\":\"Stanis\u0142aw Oleksiejuk\",\"@id\":\"https:\\\/\\\/wellclinic.pl\\\/#\\\/schema\\\/person\\\/e404a9bfa016bae344b84b557c1742b1\"},\"headline\":\"Kiedy efekty Ozempic face s\u0105 odwracalne: perspektywa medycyny estetycznej i dermatologii\",\"datePublished\":\"2025-12-03T10:48:22+00:00\",\"dateModified\":\"2025-12-03T10:48:23+00:00\",\"mainEntityOfPage\":{\"@id\":\"https:\\\/\\\/wellclinic.pl\\\/ozempic-face-kiedy-efekty-sa-odwracalne\\\/\"},\"wordCount\":694,\"image\":{\"@id\":\"https:\\\/\\\/wellclinic.pl\\\/ozempic-face-kiedy-efekty-sa-odwracalne\\\/#primaryimage\"},\"thumbnailUrl\":\"https:\\\/\\\/wellclinic.pl\\\/wp-content\\\/uploads\\\/2025\\\/12\\\/kiedy-efekty-ozempic-face-sa-odwracalne-perspektywa-medycyny-estetycznej-i-dermatologii.jpg\",\"articleSection\":[\"Zabieg na twarz\"],\"inLanguage\":\"nb-NO\"},{\"@type\":\"WebPage\",\"@id\":\"https:\\\/\\\/wellclinic.pl\\\/ozempic-face-kiedy-efekty-sa-odwracalne\\\/\",\"url\":\"https:\\\/\\\/wellclinic.pl\\\/ozempic-face-kiedy-efekty-sa-odwracalne\\\/\",\"name\":\"Ozempic face \u2013 kiedy da si\u0119 odwr\u00f3ci\u0107 efekty?\",\"isPartOf\":{\"@id\":\"https:\\\/\\\/wellclinic.pl\\\/#website\"},\"primaryImageOfPage\":{\"@id\":\"https:\\\/\\\/wellclinic.pl\\\/ozempic-face-kiedy-efekty-sa-odwracalne\\\/#primaryimage\"},\"image\":{\"@id\":\"https:\\\/\\\/wellclinic.pl\\\/ozempic-face-kiedy-efekty-sa-odwracalne\\\/#primaryimage\"},\"thumbnailUrl\":\"https:\\\/\\\/wellclinic.pl\\\/wp-content\\\/uploads\\\/2025\\\/12\\\/kiedy-efekty-ozempic-face-sa-odwracalne-perspektywa-medycyny-estetycznej-i-dermatologii.jpg\",\"datePublished\":\"2025-12-03T10:48:22+00:00\",\"dateModified\":\"2025-12-03T10:48:23+00:00\",\"author\":{\"@id\":\"https:\\\/\\\/wellclinic.pl\\\/#\\\/schema\\\/person\\\/e404a9bfa016bae344b84b557c1742b1\"},\"description\":\"Czy skutki Ozempic face mo\u017cna cofn\u0105\u0107? Poznaj perspektyw\u0119 medycyny estetycznej i dermatologii, dowiedz si\u0119, w kt\u00f3rych przypadkach zmiany s\u0105 odwracalne i jakie zabiegi pomagaj\u0105 przywr\u00f3ci\u0107 twarzy naturaln\u0105 obj\u0119to\u015b\u0107.\",\"breadcrumb\":{\"@id\":\"https:\\\/\\\/wellclinic.pl\\\/ozempic-face-kiedy-efekty-sa-odwracalne\\\/#breadcrumb\"},\"inLanguage\":\"nb-NO\",\"potentialAction\":[{\"@type\":\"ReadAction\",\"target\":[\"https:\\\/\\\/wellclinic.pl\\\/ozempic-face-kiedy-efekty-sa-odwracalne\\\/\"]}]},{\"@type\":\"ImageObject\",\"inLanguage\":\"nb-NO\",\"@id\":\"https:\\\/\\\/wellclinic.pl\\\/ozempic-face-kiedy-efekty-sa-odwracalne\\\/#primaryimage\",\"url\":\"https:\\\/\\\/wellclinic.pl\\\/wp-content\\\/uploads\\\/2025\\\/12\\\/kiedy-efekty-ozempic-face-sa-odwracalne-perspektywa-medycyny-estetycznej-i-dermatologii.jpg\",\"contentUrl\":\"https:\\\/\\\/wellclinic.pl\\\/wp-content\\\/uploads\\\/2025\\\/12\\\/kiedy-efekty-ozempic-face-sa-odwracalne-perspektywa-medycyny-estetycznej-i-dermatologii.jpg\",\"width\":944,\"height\":768,\"caption\":\"Kiedy efekty Ozempic face s\u0105 odwracalne: perspektywa medycyny estetycznej i dermatologii\"},{\"@type\":\"BreadcrumbList\",\"@id\":\"https:\\\/\\\/wellclinic.pl\\\/ozempic-face-kiedy-efekty-sa-odwracalne\\\/#breadcrumb\",\"itemListElement\":[{\"@type\":\"ListItem\",\"position\":1,\"name\":\"Strona g\u0142\u00f3wna\",\"item\":\"https:\\\/\\\/wellclinic.pl\\\/\"},{\"@type\":\"ListItem\",\"position\":2,\"name\":\"Kiedy efekty Ozempic face s\u0105 odwracalne: perspektywa medycyny estetycznej i dermatologii\"}]},{\"@type\":\"WebSite\",\"@id\":\"https:\\\/\\\/wellclinic.pl\\\/#website\",\"url\":\"https:\\\/\\\/wellclinic.pl\\\/\",\"name\":\"Wellclinic Klinika Medycyny Estetycznej - Warszawa i Gda\u0144sk\",\"description\":\"Klinika Medycyny Estetycznej - Warszawa i Gda\u0144sk\",\"potentialAction\":[{\"@type\":\"SearchAction\",\"target\":{\"@type\":\"EntryPoint\",\"urlTemplate\":\"https:\\\/\\\/wellclinic.pl\\\/?s={search_term_string}\"},\"query-input\":{\"@type\":\"PropertyValueSpecification\",\"valueRequired\":true,\"valueName\":\"search_term_string\"}}],\"inLanguage\":\"nb-NO\"},{\"@type\":\"Person\",\"@id\":\"https:\\\/\\\/wellclinic.pl\\\/#\\\/schema\\\/person\\\/e404a9bfa016bae344b84b557c1742b1\",\"name\":\"Stanis\u0142aw Oleksiejuk\",\"url\":\"https:\\\/\\\/wellclinic.pl\\\/nb\\\/author\\\/stanislaw\\\/\"}]}<\/script>\n<!-- \/ Yoast SEO Premium plugin. -->","yoast_head_json":{"title":"Ozempic-ansiktet \u2013 n\u00e5r kan effektene reverseres?","description":"Kan effektene av Ozempic face reverseres? L\u00e6r om perspektivet innen estetisk medisin og dermatologi, finn ut i hvilke tilfeller endringene er reversible og hvilke behandlinger som hjelper med \u00e5 gjenopprette ansiktets naturlige volum.","robots":{"index":"index","follow":"follow","max-snippet":"max-snippet:-1","max-image-preview":"max-image-preview:large","max-video-preview":"max-video-preview:-1"},"canonical":"https:\/\/wellclinic.pl\/nb\/ozempic-face-nar-effektene-er-reversible\/","og_locale":"nb_NO","og_type":"article","og_title":"Kiedy efekty Ozempic face s\u0105 odwracalne: perspektywa medycyny estetycznej i dermatologii","og_description":"Czy skutki Ozempic face mo\u017cna cofn\u0105\u0107? Poznaj perspektyw\u0119 medycyny estetycznej i dermatologii, dowiedz si\u0119, w kt\u00f3rych przypadkach zmiany s\u0105 odwracalne i jakie zabiegi pomagaj\u0105 przywr\u00f3ci\u0107 twarzy naturaln\u0105 obj\u0119to\u015b\u0107.","og_url":"https:\/\/wellclinic.pl\/nb\/ozempic-face-nar-effektene-er-reversible\/","og_site_name":"Wellclinic","article_published_time":"2025-12-03T10:48:22+00:00","article_modified_time":"2025-12-03T10:48:23+00:00","og_image":[{"width":944,"height":768,"url":"https:\/\/wellclinic.pl\/wp-content\/uploads\/2025\/12\/kiedy-efekty-ozempic-face-sa-odwracalne-perspektywa-medycyny-estetycznej-i-dermatologii.jpg","type":"image\/jpeg"}],"author":"Stanis\u0142aw Oleksiejuk","twitter_card":"summary_large_image","twitter_misc":{"Skrevet av":"Stanis\u0142aw Oleksiejuk","Ansl. lesetid":"4 minutter"},"schema":{"@context":"https:\/\/schema.org","@graph":[{"@type":"Article","@id":"https:\/\/wellclinic.pl\/ozempic-face-kiedy-efekty-sa-odwracalne\/#article","isPartOf":{"@id":"https:\/\/wellclinic.pl\/ozempic-face-kiedy-efekty-sa-odwracalne\/"},"author":{"name":"Stanis\u0142aw Oleksiejuk","@id":"https:\/\/wellclinic.pl\/#\/schema\/person\/e404a9bfa016bae344b84b557c1742b1"},"headline":"Kiedy efekty Ozempic face s\u0105 odwracalne: perspektywa medycyny estetycznej i dermatologii","datePublished":"2025-12-03T10:48:22+00:00","dateModified":"2025-12-03T10:48:23+00:00","mainEntityOfPage":{"@id":"https:\/\/wellclinic.pl\/ozempic-face-kiedy-efekty-sa-odwracalne\/"},"wordCount":694,"image":{"@id":"https:\/\/wellclinic.pl\/ozempic-face-kiedy-efekty-sa-odwracalne\/#primaryimage"},"thumbnailUrl":"https:\/\/wellclinic.pl\/wp-content\/uploads\/2025\/12\/kiedy-efekty-ozempic-face-sa-odwracalne-perspektywa-medycyny-estetycznej-i-dermatologii.jpg","articleSection":["Zabieg na twarz"],"inLanguage":"nb-NO"},{"@type":"WebPage","@id":"https:\/\/wellclinic.pl\/ozempic-face-kiedy-efekty-sa-odwracalne\/","url":"https:\/\/wellclinic.pl\/ozempic-face-kiedy-efekty-sa-odwracalne\/","name":"Ozempic-ansiktet \u2013 n\u00e5r kan effektene reverseres?","isPartOf":{"@id":"https:\/\/wellclinic.pl\/#website"},"primaryImageOfPage":{"@id":"https:\/\/wellclinic.pl\/ozempic-face-kiedy-efekty-sa-odwracalne\/#primaryimage"},"image":{"@id":"https:\/\/wellclinic.pl\/ozempic-face-kiedy-efekty-sa-odwracalne\/#primaryimage"},"thumbnailUrl":"https:\/\/wellclinic.pl\/wp-content\/uploads\/2025\/12\/kiedy-efekty-ozempic-face-sa-odwracalne-perspektywa-medycyny-estetycznej-i-dermatologii.jpg","datePublished":"2025-12-03T10:48:22+00:00","dateModified":"2025-12-03T10:48:23+00:00","author":{"@id":"https:\/\/wellclinic.pl\/#\/schema\/person\/e404a9bfa016bae344b84b557c1742b1"},"description":"Kan effektene av Ozempic face reverseres? L\u00e6r om perspektivet innen estetisk medisin og dermatologi, finn ut i hvilke tilfeller endringene er reversible og hvilke behandlinger som hjelper med \u00e5 gjenopprette ansiktets naturlige volum.","breadcrumb":{"@id":"https:\/\/wellclinic.pl\/ozempic-face-kiedy-efekty-sa-odwracalne\/#breadcrumb"},"inLanguage":"nb-NO","potentialAction":[{"@type":"ReadAction","target":["https:\/\/wellclinic.pl\/ozempic-face-kiedy-efekty-sa-odwracalne\/"]}]},{"@type":"ImageObject","inLanguage":"nb-NO","@id":"https:\/\/wellclinic.pl\/ozempic-face-kiedy-efekty-sa-odwracalne\/#primaryimage","url":"https:\/\/wellclinic.pl\/wp-content\/uploads\/2025\/12\/kiedy-efekty-ozempic-face-sa-odwracalne-perspektywa-medycyny-estetycznej-i-dermatologii.jpg","contentUrl":"https:\/\/wellclinic.pl\/wp-content\/uploads\/2025\/12\/kiedy-efekty-ozempic-face-sa-odwracalne-perspektywa-medycyny-estetycznej-i-dermatologii.jpg","width":944,"height":768,"caption":"Kiedy efekty Ozempic face s\u0105 odwracalne: perspektywa medycyny estetycznej i dermatologii"},{"@type":"BreadcrumbList","@id":"https:\/\/wellclinic.pl\/ozempic-face-kiedy-efekty-sa-odwracalne\/#breadcrumb","itemListElement":[{"@type":"ListItem","position":1,"name":"Strona g\u0142\u00f3wna","item":"https:\/\/wellclinic.pl\/"},{"@type":"ListItem","position":2,"name":"Kiedy efekty Ozempic face s\u0105 odwracalne: perspektywa medycyny estetycznej i dermatologii"}]},{"@type":"WebSite","@id":"https:\/\/wellclinic.pl\/#website","url":"https:\/\/wellclinic.pl\/","name":"Wellclinic Klinikk for estetisk medisin - Warszawa og Gdansk","description":"Klinikk for estetisk medisin - Warszawa og Gdansk","potentialAction":[{"@type":"SearchAction","target":{"@type":"EntryPoint","urlTemplate":"https:\/\/wellclinic.pl\/?s={search_term_string}"},"query-input":{"@type":"PropertyValueSpecification","valueRequired":true,"valueName":"search_term_string"}}],"inLanguage":"nb-NO"},{"@type":"Person","@id":"https:\/\/wellclinic.pl\/#\/schema\/person\/e404a9bfa016bae344b84b557c1742b1","name":"Stanislaw Oleksiejuk","url":"https:\/\/wellclinic.pl\/nb\/author\/stanislaw\/"}]}},"_links":{"self":[{"href":"https:\/\/wellclinic.pl\/nb\/wp-json\/wp\/v2\/posts\/47243","targetHints":{"allow":["GET"]}}],"collection":[{"href":"https:\/\/wellclinic.pl\/nb\/wp-json\/wp\/v2\/posts"}],"about":[{"href":"https:\/\/wellclinic.pl\/nb\/wp-json\/wp\/v2\/types\/post"}],"author":[{"embeddable":true,"href":"https:\/\/wellclinic.pl\/nb\/wp-json\/wp\/v2\/users\/15"}],"replies":[{"embeddable":true,"href":"https:\/\/wellclinic.pl\/nb\/wp-json\/wp\/v2\/comments?post=47243"}],"version-history":[{"count":1,"href":"https:\/\/wellclinic.pl\/nb\/wp-json\/wp\/v2\/posts\/47243\/revisions"}],"predecessor-version":[{"id":47244,"href":"https:\/\/wellclinic.pl\/nb\/wp-json\/wp\/v2\/posts\/47243\/revisions\/47244"}],"wp:featuredmedia":[{"embeddable":true,"href":"https:\/\/wellclinic.pl\/nb\/wp-json\/wp\/v2\/media\/47220"}],"wp:attachment":[{"href":"https:\/\/wellclinic.pl\/nb\/wp-json\/wp\/v2\/media?parent=47243"}],"wp:term":[{"taxonomy":"category","embeddable":true,"href":"https:\/\/wellclinic.pl\/nb\/wp-json\/wp\/v2\/categories?post=47243"},{"taxonomy":"post_tag","embeddable":true,"href":"https:\/\/wellclinic.pl\/nb\/wp-json\/wp\/v2\/tags?post=47243"}],"curies":[{"name":"wp","href":"https:\/\/api.w.org\/{rel}","templated":true}]}}