{"id":47253,"date":"2025-12-03T11:55:51","date_gmt":"2025-12-03T10:55:51","guid":{"rendered":"https:\/\/wellclinic.pl\/?p=47253"},"modified":"2025-12-03T11:55:52","modified_gmt":"2025-12-03T10:55:52","slug":"kosmetiske-endringer-i-kroppen-etter-behandling-av-fedme","status":"publish","type":"post","link":"https:\/\/wellclinic.pl\/nb\/zmiany-estetyczne-ciala-po-leczeniu-otylosci\/","title":{"rendered":"Er det bare ansiktet som mister volum? Estetiske endringer p\u00e5 kroppen etter behandling av fedme og hvordan man kan st\u00f8tte dem med behandlinger"},"content":{"rendered":"<p><strong>Tenk deg at du etter m\u00e5neder med hardt arbeid og disiplin har mottatt en pris.<\/strong> \u2013 du f\u00f8ler deg sunnere, lettere og har mer energi enn noensinne. \u00c5 n\u00e5 \u00f8nsket vekt er din store personlige triumf og <strong>investering i helse<\/strong>. Dessverre f\u00f8lger ofte uventede bivirkninger med suksessen p\u00e5 vekten. <strong>endringer i kroppsformen etter behandling<\/strong> Overvekt: slapp hud og svakhet. Lurer du p\u00e5, <strong>Er det bare ansiktet som mister volum?<\/strong> Kanskje dette fenomenet ogs\u00e5 gjelder resten av kroppen?<\/p>\n\n\n\n<p>Les videre for \u00e5 finne ut hva som kan skje. <strong>estetiske forandringer p\u00e5 kroppen etter behandling av fedme og hvordan man kan st\u00f8tte dem med behandlinger.<\/strong><\/p>\n\n\n\n<h2 class=\"wp-block-heading\"><strong>Does losing weight affect the body in the same way as it affects the face?<\/strong><\/h2>\n\n\n\n<p><strong>Does losing weight affect the body in the same way as it affects the face?<\/strong> I virkeligheten ja, selv om omfanget av problemet er forskjellig. I begge tilfeller er rask <strong>tap av kroppsvolum<\/strong> er hoved\u00e5rsaken til problemene. I ansiktet resulterer dette hovedsakelig i innfall og slapphet.<\/p>\n\n\n\n<p>P\u00e5 kroppen er problemet derimot konsentrert om tap av tetthet og elastisitet i strukket hud. Fett, som i mange \u00e5r har fungert som <strong>stillaser<\/strong>, forsvinner plutselig, og huden, uten st\u00f8tte, er ikke i stand til \u00e5 raskt <strong>krympe og tilpasse<\/strong> til en ny kontur. Resultatet er overfl\u00f8dig hud som forstyrrer gleden over det oppn\u00e5dde resultatet. <strong>kroppsvekt<\/strong>.<\/p>\n\n\n\n<h2 class=\"wp-block-heading\"><strong>Hvilke omr\u00e5der av kroppen mister fasthet? Tap av fasthet i armer og l\u00e5r<\/strong><\/h2>\n\n\n\n<p><strong>Hvilke omr\u00e5der av kroppen mister fasthet?<\/strong> De mest utsatte omr\u00e5dene, hvor vi observerer st\u00f8rst slapphet, er steder hvor huden er naturlig tynnere og mest strukket. Dette er oftest:<\/p>\n\n\n\n<ul class=\"wp-block-list\">\n<li>Innersiden av armene<\/li>\n\n\n\n<li>Inner og fremre del av l\u00e5rene<\/li>\n\n\n\n<li>Magen, spesielt underlivet<\/li>\n\n\n\n<li>Huden over kn\u00e6rne.<\/li>\n<\/ul>\n\n\n\n<p>Tap av fasthet i disse omr\u00e5dene kan v\u00e6re mest plagsomt estetisk sett og krever ofte <strong>behandlinger mot slapp hud etter vekttap<\/strong> kroppen. Uten tilstrekkelig stimulering og <strong>kollagenregenerering<\/strong>, kan huden p\u00e5 disse stedene forbli permanent slapp.<\/p>\n\n\n\n<h2 class=\"wp-block-heading\"><strong>Kroppsremodellering: hvordan velge riktige kroppsbehandlinger?<\/strong><\/h2>\n\n\n\n<p><strong>Hvordan velge riktige kroppsbehandlinger?<\/strong> M\u00e5let <a href=\"https:\/\/wellclinic.pl\/nb\/ai-skin-rejuvenation\/\" target=\"_blank\" rel=\"noreferrer noopener\"><strong>kroppsremodellering<\/strong><\/a> etter stor vekttap er utl\u00f8sende <strong>kontrollert sammentrekning<\/strong> i <strong>forbedring av tetthet<\/strong> hud. Vi m\u00e5 sette i gang en intern prosess for dannelse av nye kollagenfibre. Din <strong>personlig tilpasset plan<\/strong> kan omfatte:<\/p>\n\n\n\n<ul class=\"wp-block-list\">\n<li><a href=\"https:\/\/wellclinic.pl\/nb\/emface\/\" target=\"_blank\" rel=\"noreferrer noopener\"><strong>Behandlinger som bruker RF-teknologi<\/strong><\/a><strong> (Radiofrekvens)<\/strong> \u2013 cieplna-energi leveres til de dype hudlagene, noe som f\u00f8rer til umiddelbar <strong>forkortelse av kollagenfibrene<\/strong> og langsiktig <strong>kollagenstimulering<\/strong>.<\/li>\n\n\n\n<li><strong>Ultralydb\u00f8lger (<\/strong><a href=\"https:\/\/wellclinic.pl\/nb\/hoyteknologisk-bukplast\/\" target=\"_blank\" rel=\"noreferrer noopener\"><strong>HIFU<\/strong><\/a><strong>)<\/strong> \u2013 m\u00e5lrettet energibehandling gj\u00f8r det mulig \u00e5 n\u00e5 SMAS-laget (fascien), noe som gir effekt <strong>l\u00f8fting<\/strong> i <strong>oppstramming av huden<\/strong> p\u00e5 et dypt niv\u00e5, noe som bidrar til \u00e5 redusere overfl\u00f8dig hud.<\/li>\n\n\n\n<li><strong>Vevsstimulatorer (preparater)<\/strong> - <a href=\"https:\/\/wellclinic.pl\/nb\/hyaluronsyre-uten-naler\/\" target=\"_blank\" rel=\"noreferrer noopener\">biostimulatorer<\/a> injiseres for \u00e5 fremme <strong>fornyelse<\/strong> i <strong>fortetting<\/strong> hud, spesielt i sensitive omr\u00e5der som innsiden av armene.<\/li>\n<\/ul>\n\n\n\n<h2 class=\"wp-block-heading\"><strong>Kompleksiv estetisk tiln\u00e6rming \u2013 ikke-invasive behandlinger<\/strong><\/h2>\n\n\n\n<p><strong>En helhetlig estetisk tiln\u00e6rming<\/strong> Wellclinic er basert p\u00e5 \u00e5 kombinere ulike <strong>ikke-invasive behandlinger<\/strong>, som styrker huden b\u00e5de innvendig og utvendig. <a href=\"https:\/\/wellclinic.pl\/nb\/tilbud\/kroppsbehandlinger\/\" target=\"_blank\" rel=\"noreferrer noopener\"><strong>Kroppsbehandlinger<\/strong><\/a><strong> etter vekttap<\/strong> har som oppgave ikke bare \u00e5 forbedre det visuelle underskuddet, men ogs\u00e5 \u00e5 gjenopprette <strong>vitalitet og fleksibilitet<\/strong> Din hud.<\/p>\n\n\n\n<p><em>\u201eFor pasienter etter reduksjonsbehandling er det ikke nok med \u00e9n behandling. Vi trenger <\/em><strong><em>strategi<\/em><\/strong><em> som forbinder dype <\/em><strong><em>oppstramming av huden<\/em><\/strong><em> (f.eks. RF) fra <\/em><strong><em>biostimulering<\/em><\/strong><em>. Vi ser at pasienter som har gjennomg\u00e5tt <\/em><a href=\"https:\/\/wellclinic.pl\/nb\/kvanteflate\/\" target=\"_blank\" rel=\"noreferrer noopener\"><strong><em>kombinert behandling<\/em><\/strong><\/a><em> ikke bare tjener mer <\/em><strong><em>harmonisk figur<\/em><\/strong><em>men fremfor alt <\/em><strong><em>f\u00f8lelse av sikkerhet<\/em><\/strong><em>\u201d \u2013 <\/em>uttalelse fra ekspertgruppen i det medisinske teamet.<\/p>\n\n\n\n<h2 class=\"wp-block-heading\"><strong>Full transformasjon krever strategi \u2013 fra ansikt til kropp<\/strong><\/h2>\n\n\n\n<p>Din <strong>vektreduksjon<\/strong> det er en handling <strong>mot<\/strong> i <strong>helseomsorg<\/strong>. Derfor kan du ikke la denne suksessen bli overskygget av slapp hud. P\u00e5 Wellclinic Medical Clinic implementerer vi personaliserte protokoller med fokus p\u00e5 <strong>ikke-invasive teknologier<\/strong>, hvis m\u00e5l er <strong>ombygging<\/strong> i <strong>oppstramming av huden<\/strong> p\u00e5 skuldrene, l\u00e5rene og magen. Under transformasjonen fokuserer vi p\u00e5 <strong>sikkerhet i prosedyrer<\/strong> og n\u00f8yaktig st\u00f8tte til regenerering av huden din.<\/p>\n\n\n\n<p><strong>Gi kroppen din fast og vakker hud!<\/strong> Kontakt oss for \u00e5 bestille time til medisinsk konsultasjon. Vi vil foreta en grundig vurdering. <strong>tap av kroppsvolum<\/strong> og sammen planlegger vi strategisk st\u00f8tte for omforming av kroppen din.<\/p>\n\n\n\n<p>Wellclinic Medical Clinic \u2013 where aesthetics serves vitality.<\/p>\n\n\n\n<p><\/p>","protected":false},"excerpt":{"rendered":"<p>Wyobra\u017a sobie, \u017ce po miesi\u0105cach ci\u0119\u017ckiej pracy i dyscypliny odebra\u0142a\u015b nagrod\u0119 \u2013 czujesz si\u0119 zdrowiej, l\u017cej, i masz w sobie wi\u0119cej energii ni\u017c kiedykolwiek. Osi\u0105gni\u0119cie upragnionej wagi to Tw\u00f3j wielki osobisty triumf i inwestycja w zdrowie. Niestety, w parze z sukcesem na wadze id\u0105 cz\u0119sto nieoczekiwane zmiany sylwetki po leczeniu oty\u0142o\u015bci: lu\u017ana sk\u00f3ra i wiotko\u015b\u0107. [&hellip;]<\/p>\n","protected":false},"author":15,"featured_media":47218,"comment_status":"closed","ping_status":"closed","sticky":false,"template":"","format":"standard","meta":{"_acf_changed":false,"footnotes":""},"categories":[79],"tags":[],"class_list":["post-47253","post","type-post","status-publish","format-standard","has-post-thumbnail","hentry","category-zabieg-na-twarz"],"acf":[],"yoast_head":"<!-- This site is optimized with the Yoast SEO Premium plugin v21.1 (Yoast SEO v27.4) - https:\/\/yoast.com\/product\/yoast-seo-premium-wordpress\/ -->\n<title>Utrata obj\u0119to\u015bci po odchudzaniu \u2013 nie tylko twarz!<\/title>\n<meta name=\"description\" content=\"Czy obj\u0119to\u015b\u0107 traci tylko twarz? Leczenie oty\u0142o\u015bci wp\u0142ywa te\u017c na wygl\u0105d cia\u0142a. Sprawd\u017a, jakie zmiany mog\u0105 si\u0119 pojawi\u0107 i jakie zabiegi pomagaj\u0105 poprawi\u0107 j\u0119drno\u015b\u0107, struktur\u0119 sk\u00f3ry i proporcje sylwetki.\" \/>\n<meta name=\"robots\" content=\"index, follow, max-snippet:-1, max-image-preview:large, max-video-preview:-1\" \/>\n<link rel=\"canonical\" href=\"https:\/\/wellclinic.pl\/nb\/kosmetiske-endringer-i-kroppen-etter-behandling-av-fedme\/\" \/>\n<meta property=\"og:locale\" content=\"nb_NO\" \/>\n<meta property=\"og:type\" content=\"article\" \/>\n<meta property=\"og:title\" content=\"Czy tylko twarz traci obj\u0119to\u015b\u0107? Zmiany estetyczne na ciele po leczeniu oty\u0142o\u015bci i jak je wspiera\u0107 zabiegowo\" \/>\n<meta property=\"og:description\" content=\"Czy obj\u0119to\u015b\u0107 traci tylko twarz? Leczenie oty\u0142o\u015bci wp\u0142ywa te\u017c na wygl\u0105d cia\u0142a. Sprawd\u017a, jakie zmiany mog\u0105 si\u0119 pojawi\u0107 i jakie zabiegi pomagaj\u0105 poprawi\u0107 j\u0119drno\u015b\u0107, struktur\u0119 sk\u00f3ry i proporcje sylwetki.\" \/>\n<meta property=\"og:url\" content=\"https:\/\/wellclinic.pl\/nb\/kosmetiske-endringer-i-kroppen-etter-behandling-av-fedme\/\" \/>\n<meta property=\"og:site_name\" content=\"Wellclinic\" \/>\n<meta property=\"article:published_time\" content=\"2025-12-03T10:55:51+00:00\" \/>\n<meta property=\"article:modified_time\" content=\"2025-12-03T10:55:52+00:00\" \/>\n<meta property=\"og:image\" content=\"https:\/\/wellclinic.pl\/wp-content\/uploads\/2025\/12\/czy-tylko-twarz-traci-objetosc-zmiany-estetyczne-na-ciele-po-leczeniu-otylosci-i-jak-je-wspierac-zabiegowo.jpg\" \/>\n\t<meta property=\"og:image:width\" content=\"944\" \/>\n\t<meta property=\"og:image:height\" content=\"768\" \/>\n\t<meta property=\"og:image:type\" content=\"image\/jpeg\" \/>\n<meta name=\"author\" content=\"Stanis\u0142aw Oleksiejuk\" \/>\n<meta name=\"twitter:card\" content=\"summary_large_image\" \/>\n<meta name=\"twitter:label1\" content=\"Skrevet av\" \/>\n\t<meta name=\"twitter:data1\" content=\"Stanis\u0142aw Oleksiejuk\" \/>\n\t<meta name=\"twitter:label2\" content=\"Ansl. lesetid\" \/>\n\t<meta name=\"twitter:data2\" content=\"4 minutter\" \/>\n<script type=\"application\/ld+json\" class=\"yoast-schema-graph\">{\"@context\":\"https:\\\/\\\/schema.org\",\"@graph\":[{\"@type\":\"Article\",\"@id\":\"https:\\\/\\\/wellclinic.pl\\\/zmiany-estetyczne-ciala-po-leczeniu-otylosci\\\/#article\",\"isPartOf\":{\"@id\":\"https:\\\/\\\/wellclinic.pl\\\/zmiany-estetyczne-ciala-po-leczeniu-otylosci\\\/\"},\"author\":{\"name\":\"Stanis\u0142aw Oleksiejuk\",\"@id\":\"https:\\\/\\\/wellclinic.pl\\\/#\\\/schema\\\/person\\\/e404a9bfa016bae344b84b557c1742b1\"},\"headline\":\"Czy tylko twarz traci obj\u0119to\u015b\u0107? Zmiany estetyczne na ciele po leczeniu oty\u0142o\u015bci i jak je wspiera\u0107 zabiegowo\",\"datePublished\":\"2025-12-03T10:55:51+00:00\",\"dateModified\":\"2025-12-03T10:55:52+00:00\",\"mainEntityOfPage\":{\"@id\":\"https:\\\/\\\/wellclinic.pl\\\/zmiany-estetyczne-ciala-po-leczeniu-otylosci\\\/\"},\"wordCount\":756,\"image\":{\"@id\":\"https:\\\/\\\/wellclinic.pl\\\/zmiany-estetyczne-ciala-po-leczeniu-otylosci\\\/#primaryimage\"},\"thumbnailUrl\":\"https:\\\/\\\/wellclinic.pl\\\/wp-content\\\/uploads\\\/2025\\\/12\\\/czy-tylko-twarz-traci-objetosc-zmiany-estetyczne-na-ciele-po-leczeniu-otylosci-i-jak-je-wspierac-zabiegowo.jpg\",\"articleSection\":[\"Zabieg na twarz\"],\"inLanguage\":\"nb-NO\"},{\"@type\":\"WebPage\",\"@id\":\"https:\\\/\\\/wellclinic.pl\\\/zmiany-estetyczne-ciala-po-leczeniu-otylosci\\\/\",\"url\":\"https:\\\/\\\/wellclinic.pl\\\/zmiany-estetyczne-ciala-po-leczeniu-otylosci\\\/\",\"name\":\"Utrata obj\u0119to\u015bci po odchudzaniu \u2013 nie tylko twarz!\",\"isPartOf\":{\"@id\":\"https:\\\/\\\/wellclinic.pl\\\/#website\"},\"primaryImageOfPage\":{\"@id\":\"https:\\\/\\\/wellclinic.pl\\\/zmiany-estetyczne-ciala-po-leczeniu-otylosci\\\/#primaryimage\"},\"image\":{\"@id\":\"https:\\\/\\\/wellclinic.pl\\\/zmiany-estetyczne-ciala-po-leczeniu-otylosci\\\/#primaryimage\"},\"thumbnailUrl\":\"https:\\\/\\\/wellclinic.pl\\\/wp-content\\\/uploads\\\/2025\\\/12\\\/czy-tylko-twarz-traci-objetosc-zmiany-estetyczne-na-ciele-po-leczeniu-otylosci-i-jak-je-wspierac-zabiegowo.jpg\",\"datePublished\":\"2025-12-03T10:55:51+00:00\",\"dateModified\":\"2025-12-03T10:55:52+00:00\",\"author\":{\"@id\":\"https:\\\/\\\/wellclinic.pl\\\/#\\\/schema\\\/person\\\/e404a9bfa016bae344b84b557c1742b1\"},\"description\":\"Czy obj\u0119to\u015b\u0107 traci tylko twarz? Leczenie oty\u0142o\u015bci wp\u0142ywa te\u017c na wygl\u0105d cia\u0142a. Sprawd\u017a, jakie zmiany mog\u0105 si\u0119 pojawi\u0107 i jakie zabiegi pomagaj\u0105 poprawi\u0107 j\u0119drno\u015b\u0107, struktur\u0119 sk\u00f3ry i proporcje sylwetki.\",\"breadcrumb\":{\"@id\":\"https:\\\/\\\/wellclinic.pl\\\/zmiany-estetyczne-ciala-po-leczeniu-otylosci\\\/#breadcrumb\"},\"inLanguage\":\"nb-NO\",\"potentialAction\":[{\"@type\":\"ReadAction\",\"target\":[\"https:\\\/\\\/wellclinic.pl\\\/zmiany-estetyczne-ciala-po-leczeniu-otylosci\\\/\"]}]},{\"@type\":\"ImageObject\",\"inLanguage\":\"nb-NO\",\"@id\":\"https:\\\/\\\/wellclinic.pl\\\/zmiany-estetyczne-ciala-po-leczeniu-otylosci\\\/#primaryimage\",\"url\":\"https:\\\/\\\/wellclinic.pl\\\/wp-content\\\/uploads\\\/2025\\\/12\\\/czy-tylko-twarz-traci-objetosc-zmiany-estetyczne-na-ciele-po-leczeniu-otylosci-i-jak-je-wspierac-zabiegowo.jpg\",\"contentUrl\":\"https:\\\/\\\/wellclinic.pl\\\/wp-content\\\/uploads\\\/2025\\\/12\\\/czy-tylko-twarz-traci-objetosc-zmiany-estetyczne-na-ciele-po-leczeniu-otylosci-i-jak-je-wspierac-zabiegowo.jpg\",\"width\":944,\"height\":768,\"caption\":\"Czy tylko twarz traci obj\u0119to\u015b\u0107? Zmiany estetyczne na ciele po leczeniu oty\u0142o\u015bci i jak je wspiera\u0107 zabiegowo\"},{\"@type\":\"BreadcrumbList\",\"@id\":\"https:\\\/\\\/wellclinic.pl\\\/zmiany-estetyczne-ciala-po-leczeniu-otylosci\\\/#breadcrumb\",\"itemListElement\":[{\"@type\":\"ListItem\",\"position\":1,\"name\":\"Strona g\u0142\u00f3wna\",\"item\":\"https:\\\/\\\/wellclinic.pl\\\/\"},{\"@type\":\"ListItem\",\"position\":2,\"name\":\"Czy tylko twarz traci obj\u0119to\u015b\u0107? Zmiany estetyczne na ciele po leczeniu oty\u0142o\u015bci i jak je wspiera\u0107 zabiegowo\"}]},{\"@type\":\"WebSite\",\"@id\":\"https:\\\/\\\/wellclinic.pl\\\/#website\",\"url\":\"https:\\\/\\\/wellclinic.pl\\\/\",\"name\":\"Wellclinic Klinika Medycyny Estetycznej - Warszawa i Gda\u0144sk\",\"description\":\"Klinika Medycyny Estetycznej - Warszawa i Gda\u0144sk\",\"potentialAction\":[{\"@type\":\"SearchAction\",\"target\":{\"@type\":\"EntryPoint\",\"urlTemplate\":\"https:\\\/\\\/wellclinic.pl\\\/?s={search_term_string}\"},\"query-input\":{\"@type\":\"PropertyValueSpecification\",\"valueRequired\":true,\"valueName\":\"search_term_string\"}}],\"inLanguage\":\"nb-NO\"},{\"@type\":\"Person\",\"@id\":\"https:\\\/\\\/wellclinic.pl\\\/#\\\/schema\\\/person\\\/e404a9bfa016bae344b84b557c1742b1\",\"name\":\"Stanis\u0142aw Oleksiejuk\",\"url\":\"https:\\\/\\\/wellclinic.pl\\\/nb\\\/author\\\/stanislaw\\\/\"}]}<\/script>\n<!-- \/ Yoast SEO Premium plugin. -->","yoast_head_json":{"title":"Volumtap etter vekttap \u2013 ikke bare ansiktet!","description":"Er det bare ansiktet som mister volum? Behandling av fedme p\u00e5virker ogs\u00e5 kroppens utseende. Se hvilke endringer som kan oppst\u00e5, og hvilke behandlinger som kan bidra til \u00e5 forbedre hudens fasthet, struktur og kroppens proporsjoner.","robots":{"index":"index","follow":"follow","max-snippet":"max-snippet:-1","max-image-preview":"max-image-preview:large","max-video-preview":"max-video-preview:-1"},"canonical":"https:\/\/wellclinic.pl\/nb\/kosmetiske-endringer-i-kroppen-etter-behandling-av-fedme\/","og_locale":"nb_NO","og_type":"article","og_title":"Czy tylko twarz traci obj\u0119to\u015b\u0107? Zmiany estetyczne na ciele po leczeniu oty\u0142o\u015bci i jak je wspiera\u0107 zabiegowo","og_description":"Czy obj\u0119to\u015b\u0107 traci tylko twarz? Leczenie oty\u0142o\u015bci wp\u0142ywa te\u017c na wygl\u0105d cia\u0142a. Sprawd\u017a, jakie zmiany mog\u0105 si\u0119 pojawi\u0107 i jakie zabiegi pomagaj\u0105 poprawi\u0107 j\u0119drno\u015b\u0107, struktur\u0119 sk\u00f3ry i proporcje sylwetki.","og_url":"https:\/\/wellclinic.pl\/nb\/kosmetiske-endringer-i-kroppen-etter-behandling-av-fedme\/","og_site_name":"Wellclinic","article_published_time":"2025-12-03T10:55:51+00:00","article_modified_time":"2025-12-03T10:55:52+00:00","og_image":[{"width":944,"height":768,"url":"https:\/\/wellclinic.pl\/wp-content\/uploads\/2025\/12\/czy-tylko-twarz-traci-objetosc-zmiany-estetyczne-na-ciele-po-leczeniu-otylosci-i-jak-je-wspierac-zabiegowo.jpg","type":"image\/jpeg"}],"author":"Stanis\u0142aw Oleksiejuk","twitter_card":"summary_large_image","twitter_misc":{"Skrevet av":"Stanis\u0142aw Oleksiejuk","Ansl. lesetid":"4 minutter"},"schema":{"@context":"https:\/\/schema.org","@graph":[{"@type":"Article","@id":"https:\/\/wellclinic.pl\/zmiany-estetyczne-ciala-po-leczeniu-otylosci\/#article","isPartOf":{"@id":"https:\/\/wellclinic.pl\/zmiany-estetyczne-ciala-po-leczeniu-otylosci\/"},"author":{"name":"Stanis\u0142aw Oleksiejuk","@id":"https:\/\/wellclinic.pl\/#\/schema\/person\/e404a9bfa016bae344b84b557c1742b1"},"headline":"Czy tylko twarz traci obj\u0119to\u015b\u0107? Zmiany estetyczne na ciele po leczeniu oty\u0142o\u015bci i jak je wspiera\u0107 zabiegowo","datePublished":"2025-12-03T10:55:51+00:00","dateModified":"2025-12-03T10:55:52+00:00","mainEntityOfPage":{"@id":"https:\/\/wellclinic.pl\/zmiany-estetyczne-ciala-po-leczeniu-otylosci\/"},"wordCount":756,"image":{"@id":"https:\/\/wellclinic.pl\/zmiany-estetyczne-ciala-po-leczeniu-otylosci\/#primaryimage"},"thumbnailUrl":"https:\/\/wellclinic.pl\/wp-content\/uploads\/2025\/12\/czy-tylko-twarz-traci-objetosc-zmiany-estetyczne-na-ciele-po-leczeniu-otylosci-i-jak-je-wspierac-zabiegowo.jpg","articleSection":["Zabieg na twarz"],"inLanguage":"nb-NO"},{"@type":"WebPage","@id":"https:\/\/wellclinic.pl\/zmiany-estetyczne-ciala-po-leczeniu-otylosci\/","url":"https:\/\/wellclinic.pl\/zmiany-estetyczne-ciala-po-leczeniu-otylosci\/","name":"Volumtap etter vekttap \u2013 ikke bare ansiktet!","isPartOf":{"@id":"https:\/\/wellclinic.pl\/#website"},"primaryImageOfPage":{"@id":"https:\/\/wellclinic.pl\/zmiany-estetyczne-ciala-po-leczeniu-otylosci\/#primaryimage"},"image":{"@id":"https:\/\/wellclinic.pl\/zmiany-estetyczne-ciala-po-leczeniu-otylosci\/#primaryimage"},"thumbnailUrl":"https:\/\/wellclinic.pl\/wp-content\/uploads\/2025\/12\/czy-tylko-twarz-traci-objetosc-zmiany-estetyczne-na-ciele-po-leczeniu-otylosci-i-jak-je-wspierac-zabiegowo.jpg","datePublished":"2025-12-03T10:55:51+00:00","dateModified":"2025-12-03T10:55:52+00:00","author":{"@id":"https:\/\/wellclinic.pl\/#\/schema\/person\/e404a9bfa016bae344b84b557c1742b1"},"description":"Er det bare ansiktet som mister volum? Behandling av fedme p\u00e5virker ogs\u00e5 kroppens utseende. Se hvilke endringer som kan oppst\u00e5, og hvilke behandlinger som kan bidra til \u00e5 forbedre hudens fasthet, struktur og kroppens proporsjoner.","breadcrumb":{"@id":"https:\/\/wellclinic.pl\/zmiany-estetyczne-ciala-po-leczeniu-otylosci\/#breadcrumb"},"inLanguage":"nb-NO","potentialAction":[{"@type":"ReadAction","target":["https:\/\/wellclinic.pl\/zmiany-estetyczne-ciala-po-leczeniu-otylosci\/"]}]},{"@type":"ImageObject","inLanguage":"nb-NO","@id":"https:\/\/wellclinic.pl\/zmiany-estetyczne-ciala-po-leczeniu-otylosci\/#primaryimage","url":"https:\/\/wellclinic.pl\/wp-content\/uploads\/2025\/12\/czy-tylko-twarz-traci-objetosc-zmiany-estetyczne-na-ciele-po-leczeniu-otylosci-i-jak-je-wspierac-zabiegowo.jpg","contentUrl":"https:\/\/wellclinic.pl\/wp-content\/uploads\/2025\/12\/czy-tylko-twarz-traci-objetosc-zmiany-estetyczne-na-ciele-po-leczeniu-otylosci-i-jak-je-wspierac-zabiegowo.jpg","width":944,"height":768,"caption":"Czy tylko twarz traci obj\u0119to\u015b\u0107? Zmiany estetyczne na ciele po leczeniu oty\u0142o\u015bci i jak je wspiera\u0107 zabiegowo"},{"@type":"BreadcrumbList","@id":"https:\/\/wellclinic.pl\/zmiany-estetyczne-ciala-po-leczeniu-otylosci\/#breadcrumb","itemListElement":[{"@type":"ListItem","position":1,"name":"Strona g\u0142\u00f3wna","item":"https:\/\/wellclinic.pl\/"},{"@type":"ListItem","position":2,"name":"Czy tylko twarz traci obj\u0119to\u015b\u0107? Zmiany estetyczne na ciele po leczeniu oty\u0142o\u015bci i jak je wspiera\u0107 zabiegowo"}]},{"@type":"WebSite","@id":"https:\/\/wellclinic.pl\/#website","url":"https:\/\/wellclinic.pl\/","name":"Wellclinic Klinikk for estetisk medisin - Warszawa og Gdansk","description":"Klinikk for estetisk medisin - Warszawa og Gdansk","potentialAction":[{"@type":"SearchAction","target":{"@type":"EntryPoint","urlTemplate":"https:\/\/wellclinic.pl\/?s={search_term_string}"},"query-input":{"@type":"PropertyValueSpecification","valueRequired":true,"valueName":"search_term_string"}}],"inLanguage":"nb-NO"},{"@type":"Person","@id":"https:\/\/wellclinic.pl\/#\/schema\/person\/e404a9bfa016bae344b84b557c1742b1","name":"Stanislaw Oleksiejuk","url":"https:\/\/wellclinic.pl\/nb\/author\/stanislaw\/"}]}},"_links":{"self":[{"href":"https:\/\/wellclinic.pl\/nb\/wp-json\/wp\/v2\/posts\/47253","targetHints":{"allow":["GET"]}}],"collection":[{"href":"https:\/\/wellclinic.pl\/nb\/wp-json\/wp\/v2\/posts"}],"about":[{"href":"https:\/\/wellclinic.pl\/nb\/wp-json\/wp\/v2\/types\/post"}],"author":[{"embeddable":true,"href":"https:\/\/wellclinic.pl\/nb\/wp-json\/wp\/v2\/users\/15"}],"replies":[{"embeddable":true,"href":"https:\/\/wellclinic.pl\/nb\/wp-json\/wp\/v2\/comments?post=47253"}],"version-history":[{"count":1,"href":"https:\/\/wellclinic.pl\/nb\/wp-json\/wp\/v2\/posts\/47253\/revisions"}],"predecessor-version":[{"id":47254,"href":"https:\/\/wellclinic.pl\/nb\/wp-json\/wp\/v2\/posts\/47253\/revisions\/47254"}],"wp:featuredmedia":[{"embeddable":true,"href":"https:\/\/wellclinic.pl\/nb\/wp-json\/wp\/v2\/media\/47218"}],"wp:attachment":[{"href":"https:\/\/wellclinic.pl\/nb\/wp-json\/wp\/v2\/media?parent=47253"}],"wp:term":[{"taxonomy":"category","embeddable":true,"href":"https:\/\/wellclinic.pl\/nb\/wp-json\/wp\/v2\/categories?post=47253"},{"taxonomy":"post_tag","embeddable":true,"href":"https:\/\/wellclinic.pl\/nb\/wp-json\/wp\/v2\/tags?post=47253"}],"curies":[{"name":"wp","href":"https:\/\/api.w.org\/{rel}","templated":true}]}}