{"id":55021,"date":"2026-09-01T12:51:54","date_gmt":"2026-09-01T10:51:54","guid":{"rendered":"https:\/\/wellclinic.pl\/?p=55021"},"modified":"2026-09-01T13:10:50","modified_gmt":"2026-09-01T11:10:50","slug":"laser-na-wypadanie-wlosow","status":"publish","type":"post","link":"https:\/\/wellclinic.pl\/nb\/laser-na-wypadanie-wlosow\/","title":{"rendered":"Laser na wypadanie w\u0142os\u00f3w \u2013 kiedy warto zastosowa\u0107 laserowe leczenie \u0142ysienia?"},"content":{"rendered":"<p class=\"wp-block-paragraph\"><strong>Tracisz w\u0142osy na pot\u0119g\u0119?<\/strong> Najlepszy szampon, wcierka czy suplement diety nie zawsze wystarcz\u0105. Je\u015bli nadmierne wypadanie w\u0142os\u00f3w utrzymuje si\u0119 przez wiele tygodni, warto ustali\u0107 jego przyczyn\u0119 i dobra\u0107 odpowiedni\u0105 terapi\u0119. Jedn\u0105 z metod stosowanych w terapii problemu jest <strong><a href=\"https:\/\/wellclinic.pl\/nb\/tilbud\/behandling-av-alopecia\/\">laser na wypadanie w\u0142os\u00f3w<\/a><\/strong>, kt\u00f3ry mo\u017ce wspiera\u0107 aktywno\u015b\u0107 mieszk\u00f3w w\u0142osowych i poprawia\u0107 ich kondycj\u0119.<\/p>\n\n\n\n<p class=\"wp-block-paragraph\">Ka\u017cdego dnia cz\u0142owiek traci pewn\u0105 liczb\u0119 w\u0142os\u00f3w w ramach naturalnego cyklu ich \u017cycia. Niepok\u00f3j powinno wzbudzi\u0107 jednak wyra\u017ane nasilenie wypadania, przerzedzenie fryzury, poszerzaj\u0105cy si\u0119 przedzia\u0142ek czy pojawiaj\u0105ce si\u0119 zakola. W takiej sytuacji warto rozpocz\u0105\u0107 od konsultacji i dok\u0142adnej oceny sk\u00f3ry g\u0142owy.<\/p>\n\n\n\n<h2 class=\"wp-block-heading\">Dlaczego w\u0142osy wypadaj\u0105?<\/h2>\n\n\n\n<p class=\"wp-block-paragraph\">Wypadanie w\u0142os\u00f3w mo\u017ce mie\u0107 wiele przyczyn. Co wa\u017cne, problem cz\u0119sto pojawia si\u0119 dopiero po kilku tygodniach lub miesi\u0105cach od zadzia\u0142ania czynnika, kt\u00f3ry zaburzy\u0142 cykl wzrostu w\u0142osa. Wynika to z charakterystyki poszczeg\u00f3lnych <a href=\"https:\/\/wellclinic.pl\/nb\/leksikon\/harvekst-stadier-3\/\"><strong>faz wzrostu w\u0142osa<\/strong><\/a>.<\/p>\n\n\n\n<p class=\"wp-block-paragraph\">Do najcz\u0119stszych przyczyn nadmiernego wypadania w\u0142os\u00f3w nale\u017c\u0105:<\/p>\n\n\n\n<ul class=\"wp-block-list\">\n<li>zaburzenia hormonalne, w tym choroby tarczycy;<\/li>\n\n\n\n<li>choroby autoimmunologiczne;<\/li>\n\n\n\n<li>przewlek\u0142y stres i przem\u0119czenie organizmu;<\/li>\n\n\n\n<li>infekcje i choroby og\u00f3lnoustrojowe;<\/li>\n\n\n\n<li>niedobory \u017celaza, ferrytyny, witaminy D oraz innych sk\u0142adnik\u00f3w od\u017cywczych;<\/li>\n\n\n\n<li>gwa\u0142towna utrata masy cia\u0142a i restrykcyjne diety;<\/li>\n\n\n\n<li>niekt\u00f3re leki;<\/li>\n\n\n\n<li>choroby sk\u00f3ry g\u0142owy;<\/li>\n\n\n\n<li>niew\u0142a\u015bciwa piel\u0119gnacja i mechaniczne uszkadzanie w\u0142os\u00f3w;<\/li>\n\n\n\n<li>predyspozycje genetyczne.<\/li>\n<\/ul>\n\n\n\n<p class=\"wp-block-paragraph\">Warto pami\u0119ta\u0107, \u017ce przyczyn\u0105 przerzedzenia w\u0142os\u00f3w mog\u0105 by\u0107 r\u00f3wnie\u017c zaburzenia hormonalne zwi\u0105zane m.in. z <a href=\"https:\/\/wellclinic.pl\/nb\/leksikon\/hashimotos-sykdom\/\"><strong>chorob\u0105 Hashimoto<\/strong><\/a> czy innymi chorobami tarczycy. Dlatego diagnostyka powinna uwzgl\u0119dnia\u0107 nie tylko wygl\u0105d w\u0142os\u00f3w, ale r\u00f3wnie\u017c og\u00f3lny stan organizmu.<\/p>\n\n\n\n<div class=\"wp-block-buttons is-content-justification-center is-layout-flex wp-container-core-buttons-is-layout-3e41869c wp-block-buttons-is-layout-flex\">\n<div class=\"wp-block-button well-btn\"><a class=\"wp-block-button__link has-text-align-center wp-element-button\" href=\"\/nb\/tilbud\/behandling-av-alopecia\/\">Finn ut mer om dette<\/a><\/div>\n<\/div>\n\n\n\n<h2 class=\"wp-block-heading\">Telogenetisk alopecia<\/h2>\n\n\n\n<p class=\"wp-block-paragraph\">Jednym z cz\u0119stszych powod\u00f3w nag\u0142ego, nasilonego wypadania w\u0142os\u00f3w jest <a href=\"https:\/\/wellclinic.pl\/nb\/leksikon\/telogenetisk-alopecia-3\/\"><strong>telogenetisk alopecia<\/strong><\/a>. Charakterystyczne dla niego jest zwi\u0119kszenie liczby wypadaj\u0105cych w\u0142os\u00f3w, kt\u00f3re mo\u017ce pojawi\u0107 si\u0119 po okresie silnego stresu, infekcji, operacji, porodzie czy gwa\u0142townej utracie masy cia\u0142a.<\/p>\n\n\n\n<p class=\"wp-block-paragraph\">I tilfelle av<strong> telogen h\u00e5rtap<\/strong> w\u0142osy przedwcze\u015bnie przechodz\u0105 z fazy wzrostu do fazy spoczynku, a nast\u0119pnie wypadaj\u0105. Dlatego zwi\u0119kszone wypadanie mo\u017ce pojawi\u0107 si\u0119 dopiero po pewnym czasie od wyst\u0105pienia czynnika wywo\u0142uj\u0105cego.<\/p>\n\n\n\n<p class=\"wp-block-paragraph\">Istotne znaczenie ma ustalenie przyczyny problemu. W zale\u017cno\u015bci od sytuacji lekarz mo\u017ce zaleci\u0107 m.in. badania hormonalne oraz ocen\u0119 poziomu \u017celaza i ferrytyny. Pomocne mog\u0105 by\u0107 r\u00f3wnie\u017c odpowiednio dobrane <a href=\"https:\/\/wellclinic.pl\/nb\/leksikon\/harforskning-3\/\"><strong>h\u00e5rpr\u00f8ver<\/strong><\/a>.<\/p>\n\n\n\n<h2 class=\"wp-block-heading\">Androgenetisk alopecia<\/h2>\n\n\n\n<p class=\"wp-block-paragraph\">Je\u017celi w\u0142osy stopniowo staj\u0105 si\u0119 coraz cie\u0144sze, a ich g\u0119sto\u015b\u0107 zmniejsza si\u0119 przede wszystkim w okre\u015blonych obszarach g\u0142owy, przyczyn\u0105 mo\u017ce by\u0107 <a href=\"https:\/\/wellclinic.pl\/nb\/leksikon\/androgenetisk-alopecia\/\"><strong>androgenetisk alopecia<\/strong><\/a>.<\/p>\n\n\n\n<p class=\"wp-block-paragraph\">To jedna z najcz\u0119stszych postaci \u0142ysienia, zwi\u0105zana z predyspozycjami genetycznymi oraz wra\u017cliwo\u015bci\u0105 mieszk\u00f3w w\u0142osowych na androgeny. U m\u0119\u017cczyzn charakterystyczne s\u0105 m.in. zakola i przerzedzenie w okolicy szczytu g\u0142owy. U kobiet cz\u0119sto obserwuje si\u0119 stopniowe poszerzanie przedzia\u0142ka i zmniejszenie g\u0119sto\u015bci w\u0142os\u00f3w na czubku g\u0142owy.<\/p>\n\n\n\n<p class=\"wp-block-paragraph\">W tym przypadku problem nie dotyczy wy\u0142\u0105cznie samych w\u0142os\u00f3w. Z czasem dochodzi do miniaturyzacji mieszk\u00f3w, dlatego sama zmiana kosmetyk\u00f3w mo\u017ce nie przynie\u015b\u0107 oczekiwanej poprawy.<\/p>\n\n\n\n<p class=\"wp-block-paragraph\">Inne, rzadsze rodzaje \u0142ysienia to m.in. <a href=\"https:\/\/wellclinic.pl\/nb\/leksikon\/alopecia-areata\/\"><strong>alopecia areata<\/strong><\/a> og <a href=\"https:\/\/wellclinic.pl\/nb\/leksikon\/arrdannende-alopecia-3\/\"><strong>\u0142ysienie bliznowaciej\u0105ce<\/strong><\/a>. Ich leczenie wymaga odpowiedniej diagnostyki i post\u0119powania dopasowanego do przyczyny.<\/p>\n\n\n\n<figure class=\"wp-block-image size-large\"><img fetchpriority=\"high\" decoding=\"async\" width=\"1024\" height=\"675\" src=\"https:\/\/wellclinic.pl\/wp-content\/uploads\/2026\/09\/laaser_na_wypadanie_wlosow_2026b-1024x675.webp\" alt=\"laser na wypadanie w\u0142os\u00f3w\" class=\"wp-image-55029\" srcset=\"https:\/\/wellclinic.pl\/wp-content\/uploads\/2026\/09\/laaser_na_wypadanie_wlosow_2026b-1024x675.webp 1024w, https:\/\/wellclinic.pl\/wp-content\/uploads\/2026\/09\/laaser_na_wypadanie_wlosow_2026b-300x198.webp 300w, https:\/\/wellclinic.pl\/wp-content\/uploads\/2026\/09\/laaser_na_wypadanie_wlosow_2026b-768x506.webp 768w, https:\/\/wellclinic.pl\/wp-content\/uploads\/2026\/09\/laaser_na_wypadanie_wlosow_2026b-1536x1012.webp 1536w, https:\/\/wellclinic.pl\/wp-content\/uploads\/2026\/09\/laaser_na_wypadanie_wlosow_2026b-18x12.webp 18w, https:\/\/wellclinic.pl\/wp-content\/uploads\/2026\/09\/laaser_na_wypadanie_wlosow_2026b.webp 2048w\" sizes=\"(max-width: 1024px) 100vw, 1024px\" \/><\/figure>\n\n\n\n<h2 class=\"wp-block-heading\">Laser na wypadanie w\u0142os\u00f3w \u2013 jak dzia\u0142a?<\/h2>\n\n\n\n<p class=\"wp-block-paragraph\"><strong>Laser na wypadanie w\u0142os\u00f3w<\/strong> jest wykorzystywany jako element terapii wspieraj\u0105cej kondycj\u0119 sk\u00f3ry g\u0142owy i mieszk\u00f3w w\u0142osowych. Energia \u015bwiat\u0142a oddzia\u0142uje na tkanki, wspieraj\u0105c procesy zwi\u0105zane z mikrokr\u0105\u017ceniem i aktywno\u015bci\u0105 mieszk\u00f3w w\u0142osowych.<\/p>\n\n\n\n<p class=\"wp-block-paragraph\"><strong>Laserbehandling av h\u00e5rtap<\/strong> mo\u017ce by\u0107 stosowane jako samodzielna forma terapii lub element leczenia \u0142\u0105czonego. Ostateczny zakres zabieg\u00f3w powinien zosta\u0107 dobrany po ocenie rodzaju i nasilenia problemu.<\/p>\n\n\n\n<p class=\"wp-block-paragraph\">Laseroterapia nie zast\u0119puje diagnostyki przyczyn wypadania w\u0142os\u00f3w. Je\u017celi za problemem stoj\u0105 zaburzenia hormonalne, niedobory sk\u0142adnik\u00f3w od\u017cywczych, choroba sk\u00f3ry g\u0142owy lub inne schorzenie, konieczne jest r\u00f3wnie\u017c odpowiednie post\u0119powanie ukierunkowane na przyczyn\u0119.<\/p>\n\n\n\n<div class=\"wp-block-buttons is-content-justification-center is-layout-flex wp-container-core-buttons-is-layout-3e41869c wp-block-buttons-is-layout-flex\">\n<div class=\"wp-block-button well-btn\"><a class=\"wp-block-button__link has-text-align-center wp-element-button\" href=\"\/nb\/tilbud\/behandling-av-alopecia\/\">Finn ut mer om dette<\/a><\/div>\n<\/div>\n\n\n\n<h2 class=\"wp-block-heading\">Trychoskopia \u2013 pierwszy krok do w\u0142a\u015bciwej terapii<\/h2>\n\n\n\n<p class=\"wp-block-paragraph\">Zanim zostanie dobrany <strong>laser na wypadanie w\u0142os\u00f3w<\/strong>, warto dok\u0142adnie oceni\u0107 stan sk\u00f3ry g\u0142owy i mieszk\u00f3w w\u0142osowych. Pomocna jest w tym trychoskopia, czyli nieinwazyjne badanie umo\u017cliwiaj\u0105ce obserwacj\u0119 sk\u00f3ry g\u0142owy i w\u0142os\u00f3w w powi\u0119kszeniu.<\/p>\n\n\n\n<p class=\"wp-block-paragraph\">Podczas konsultacji specjalista zbiera r\u00f3wnie\u017c informacje dotycz\u0105ce m.in. stosowanych lek\u00f3w, suplement\u00f3w, diety, przebytych chor\u00f3b oraz momentu rozpocz\u0119cia nasilonego wypadania w\u0142os\u00f3w. W zale\u017cno\u015bci od sytuacji mo\u017ce zaleci\u0107 dodatkow\u0105 diagnostyk\u0119.<\/p>\n\n\n\n<p class=\"wp-block-paragraph\">W badaniu mo\u017cna oceni\u0107 m.in. stan uj\u015b\u0107 mieszk\u00f3w w\u0142osowych, grubo\u015b\u0107 i struktur\u0119 w\u0142os\u00f3w, stopie\u0144 ich miniaturyzacji, obecno\u015b\u0107 w\u0142os\u00f3w odrastaj\u0105cych oraz kondycj\u0119 sk\u00f3ry g\u0142owy. Pozwala to lepiej okre\u015bli\u0107 charakter problemu i zaplanowa\u0107 dalsze post\u0119powanie.<\/p>\n\n\n\n<p class=\"wp-block-paragraph\">W razie potrzeby konsultacja mo\u017ce obejmowa\u0107 r\u00f3wnie\u017c ocen\u0119 przez <a href=\"https:\/\/wellclinic.pl\/nb\/leksikon\/trikolog\/\"><strong>trychologa<\/strong><\/a> oraz skierowanie na dodatkowe badania.<\/p>\n\n\n\n<h2 class=\"wp-block-heading\">Laserowe leczenie \u0142ysienia w terapii \u0142\u0105czonej<\/h2>\n\n\n\n<p class=\"wp-block-paragraph\">W przypadku nasilonego wypadania w\u0142os\u00f3w korzystne mo\u017ce by\u0107 po\u0142\u0105czenie r\u00f3\u017cnych metod. W Wellclinic stosuje si\u0119 terapi\u0119 \u0142\u0105czon\u0105, w kt\u00f3rej <strong>laser na wypadanie w\u0142os\u00f3w<\/strong> mo\u017ce by\u0107 wykonywany naprzemiennie z zabiegami wspieraj\u0105cymi kondycj\u0119 sk\u00f3ry g\u0142owy.<\/p>\n\n\n\n<p class=\"wp-block-paragraph\">Jedn\u0105 z metod uzupe\u0142niaj\u0105cych jest <a href=\"https:\/\/wellclinic.pl\/nb\/leksikon\/mesoterapi-av-leire-i-hodebunnen\/\"><strong>mesoterapi med n\u00e5ler i hodebunnen<\/strong><\/a>. Zabieg polega na podaniu odpowiednio dobranych sk\u0142adnik\u00f3w bezpo\u015brednio w obszar wymagaj\u0105cy terapii.<\/p>\n\n\n\n<p class=\"wp-block-paragraph\">W zale\u017cno\u015bci od wskaza\u0144 w terapii mog\u0105 by\u0107 wykorzystywane m.in. <a href=\"https:\/\/wellclinic.pl\/nb\/leksikon\/polynukleotider\/\"><strong>polynukleotider<\/strong><\/a>, witaminy, aminokwasy czy inne sk\u0142adniki dobierane indywidualnie do potrzeb sk\u00f3ry g\u0142owy. W okre\u015blonych przypadkach stosuje si\u0119 r\u00f3wnie\u017c preparaty zawieraj\u0105ce <a href=\"https:\/\/wellclinic.pl\/nb\/leksikon\/eksosomer-asce\/\"><strong>egzosomy ASCE<\/strong><\/a>.<\/p>\n\n\n\n<p class=\"wp-block-paragraph\">Celem terapii jest stworzenie odpowiednich warunk\u00f3w do poprawy kondycji sk\u00f3ry g\u0142owy, wzmocnienia w\u0142os\u00f3w i ograniczenia ich nadmiernego wypadania. Liczba oraz cz\u0119stotliwo\u015b\u0107 zabieg\u00f3w zale\u017c\u0105 od rozpoznania, kondycji w\u0142os\u00f3w i indywidualnej reakcji organizmu.<\/p>\n\n\n\n<h2 class=\"wp-block-heading\">Czy dieta i suplementy maj\u0105 znaczenie?<\/h2>\n\n\n\n<p class=\"wp-block-paragraph\">Kondycja w\u0142os\u00f3w jest cz\u0119\u015bciowo zwi\u0105zana ze sposobem od\u017cywiania i dost\u0119pno\u015bci\u0105 sk\u0142adnik\u00f3w niezb\u0119dnych do prawid\u0142owego funkcjonowania organizmu. Szczeg\u00f3lne znaczenie mog\u0105 mie\u0107 m.in. \u017celazo, cynk, witamina D oraz bia\u0142ko.<\/p>\n\n\n\n<p class=\"wp-block-paragraph\">Nie oznacza to jednak, \u017ce ka\u017cdy przypadek wypadania w\u0142os\u00f3w wymaga suplementacji. Przyjmowanie wysokich dawek niekt\u00f3rych witamin i minera\u0142\u00f3w bez stwierdzonego niedoboru mo\u017ce by\u0107 nie tylko nieskuteczne, ale r\u00f3wnie\u017c niekorzystne.<\/p>\n\n\n\n<p class=\"wp-block-paragraph\">Dlatego zamiast przypadkowo si\u0119ga\u0107 po kolejne preparaty \u201ena w\u0142osy\u201d, lepiej rozpocz\u0105\u0107 od ustalenia przyczyny problemu. Dopiero na tej podstawie mo\u017cna zdecydowa\u0107, czy potrzebna jest suplementacja, zmiana sposobu od\u017cywiania, leczenie dermatologiczne czy zabiegi wspieraj\u0105ce kondycj\u0119 sk\u00f3ry g\u0142owy.<\/p>\n\n\n\n<div class=\"wp-block-buttons is-content-justification-center is-layout-flex wp-container-core-buttons-is-layout-3e41869c wp-block-buttons-is-layout-flex\">\n<div class=\"wp-block-button well-btn\"><a class=\"wp-block-button__link has-text-align-center wp-element-button\" href=\"\/nb\/tilbud\/behandling-av-alopecia\/\">Finn ut mer om dette<\/a><\/div>\n<\/div>\n\n\n\n<h2 class=\"wp-block-heading\">Laser na wypadanie w\u0142os\u00f3w \u2013 kiedy warto rozpocz\u0105\u0107 terapi\u0119?<\/h2>\n\n\n\n<p class=\"wp-block-paragraph\">Je\u017celi zauwa\u017casz, \u017ce w\u0142os\u00f3w wypada zdecydowanie wi\u0119cej ni\u017c wcze\u015bniej, fryzura traci g\u0119sto\u015b\u0107, pojawia si\u0119 poszerzony przedzia\u0142ek albo widoczne zakola, nie warto czeka\u0107, a\u017c problem stanie si\u0119 bardziej zaawansowany.<\/p>\n\n\n\n<p class=\"wp-block-paragraph\"><strong>Laser na wypadanie w\u0142os\u00f3w<\/strong> mo\u017ce by\u0107 elementem indywidualnie dobranej terapii, kt\u00f3rej celem jest ograniczenie nadmiernego wypadania oraz poprawa kondycji w\u0142os\u00f3w. Najwa\u017cniejsze jest jednak wcze\u015bniejsze okre\u015blenie przyczyny problemu.<\/p>\n\n\n\n<p class=\"wp-block-paragraph\">W Wellclinic terapia rozpoczyna si\u0119 od konsultacji i oceny stanu sk\u00f3ry g\u0142owy. Na tej podstawie mo\u017cna dobra\u0107 odpowiednie metody zabiegowe i ustali\u0107 plan post\u0119powania dopasowany do potrzeb pacjenta.<\/p>\n\n\n\n<h2 class=\"wp-block-heading\">Wsparcie dla w\u0142os\u00f3w dopasowane do ich potrzeb<\/h2>\n\n\n\n<p class=\"wp-block-paragraph\"><strong>Overdrevent h\u00e5rtap <\/strong>warto potraktowa\u0107 jako sygna\u0142, a nie problem, kt\u00f3ry trzeba maskowa\u0107 kolejnym kosmetykiem. Odpowiednia diagnostyka pozwala okre\u015bli\u0107 przyczyn\u0119 os\u0142abienia w\u0142os\u00f3w i dobra\u0107 terapi\u0119 ukierunkowan\u0105 na popraw\u0119 kondycji sk\u00f3ry g\u0142owy oraz mieszk\u00f3w w\u0142osowych.<\/p>\n\n\n\n<p class=\"wp-block-paragraph\">I l\u00f8pet av <strong>konsultacji w Wellclinic<\/strong> specjalista oceni stan sk\u00f3ry g\u0142owy i w\u0142os\u00f3w, a nast\u0119pnie dobierze odpowiednie etapy terapii, w tym <strong>laser na wypadanie w\u0142os\u00f3w<\/strong>, je\u015bli b\u0119dzie on w\u0142a\u015bciwym rozwi\u0105zaniem. <strong><a href=\"https:\/\/wellclinic.pl\/nb\/kontakt\/\">Avtal konsultasjon<\/a><\/strong> i sprawd\u017a, jak mo\u017cemy zadba\u0107 o kondycj\u0119 Twoich w\u0142os\u00f3w. Zabiegi wykonujemy w naszych klinikach w <strong>Warszawa, Gda\u0144sk og Krak\u00f3w<\/strong>.<\/p>","protected":false},"excerpt":{"rendered":"<p>Tracisz w\u0142osy na pot\u0119g\u0119? Najlepszy szampon, wcierka czy suplement diety nie zawsze wystarcz\u0105. Je\u015bli nadmierne wypadanie w\u0142os\u00f3w utrzymuje si\u0119 przez wiele tygodni, warto ustali\u0107 jego przyczyn\u0119 i dobra\u0107 odpowiedni\u0105 terapi\u0119. Jedn\u0105 z metod stosowanych w terapii problemu jest laser na wypadanie w\u0142os\u00f3w, kt\u00f3ry mo\u017ce wspiera\u0107 aktywno\u015b\u0107 mieszk\u00f3w w\u0142osowych i poprawia\u0107 ich kondycj\u0119. Ka\u017cdego dnia cz\u0142owiek [&hellip;]<\/p>\n","protected":false},"author":26,"featured_media":55027,"comment_status":"closed","ping_status":"closed","sticky":false,"template":"","format":"standard","meta":{"_acf_changed":false,"footnotes":""},"categories":[38,101],"tags":[],"class_list":["post-55021","post","type-post","status-publish","format-standard","has-post-thumbnail","hentry","category-zabieg-dla-mezczyzn","category-zabieg-laserowy"],"acf":[],"yoast_head":"<!-- This site is optimized with the Yoast SEO plugin v28.4 - https:\/\/yoast.com\/product\/yoast-seo-wordpress\/ -->\n<title>Laser na wypadanie w\u0142os\u00f3w \u2013 skuteczna terapia \u0142ysienia<\/title>\n<meta name=\"description\" content=\"Laser na wypadanie w\u0142os\u00f3w \u2013 sprawd\u017a, jak wygl\u0105da diagnostyka i laserowe leczenie \u0142ysienia. Poznaj przyczyny wypadania w\u0142os\u00f3w.\" \/>\n<meta name=\"robots\" content=\"index, follow, max-snippet:-1, max-image-preview:large, max-video-preview:-1\" \/>\n<link rel=\"canonical\" href=\"https:\/\/wellclinic.pl\/nb\/laser-na-wypadanie-wlosow\/\" \/>\n<meta property=\"og:locale\" content=\"nb_NO\" \/>\n<meta property=\"og:type\" content=\"article\" \/>\n<meta property=\"og:title\" content=\"Laser na wypadanie w\u0142os\u00f3w \u2013 skuteczna terapia \u0142ysienia\" \/>\n<meta property=\"og:description\" content=\"Laser na wypadanie w\u0142os\u00f3w \u2013 sprawd\u017a, jak wygl\u0105da diagnostyka i laserowe leczenie \u0142ysienia. Poznaj przyczyny wypadania w\u0142os\u00f3w.\" \/>\n<meta property=\"og:url\" content=\"https:\/\/wellclinic.pl\/nb\/laser-na-wypadanie-wlosow\/\" \/>\n<meta property=\"og:site_name\" content=\"Wellclinic\" \/>\n<meta property=\"article:published_time\" content=\"2026-09-01T10:51:54+00:00\" \/>\n<meta property=\"article:modified_time\" content=\"2026-09-01T11:10:50+00:00\" \/>\n<meta property=\"og:image\" content=\"https:\/\/wellclinic.pl\/wp-content\/uploads\/2026\/09\/laser_na_wypadanie_wlosow_2026a.webp\" \/>\n\t<meta property=\"og:image:width\" content=\"2048\" \/>\n\t<meta property=\"og:image:height\" content=\"1638\" \/>\n\t<meta property=\"og:image:type\" content=\"image\/webp\" \/>\n<meta name=\"author\" content=\"Katarzyna Paw\u0142owska\" \/>\n<meta name=\"twitter:card\" content=\"summary_large_image\" \/>\n<meta name=\"twitter:label1\" content=\"Skrevet av\" \/>\n\t<meta name=\"twitter:data1\" content=\"Katarzyna Paw\u0142owska\" \/>\n\t<meta name=\"twitter:label2\" content=\"Ansl. lesetid\" \/>\n\t<meta name=\"twitter:data2\" content=\"7 minutter\" \/>\n<script type=\"application\/ld+json\" class=\"yoast-schema-graph\">{\"@context\":\"https:\\\/\\\/schema.org\",\"@graph\":[{\"@type\":\"Article\",\"@id\":\"https:\\\/\\\/wellclinic.pl\\\/laser-na-wypadanie-wlosow\\\/#article\",\"isPartOf\":{\"@id\":\"https:\\\/\\\/wellclinic.pl\\\/laser-na-wypadanie-wlosow\\\/\"},\"author\":{\"name\":\"Katarzyna Paw\u0142owska\",\"@id\":\"https:\\\/\\\/wellclinic.pl\\\/#\\\/schema\\\/person\\\/d6ba279cafc77bac21a8cf59a8aa67d6\"},\"headline\":\"Laser na wypadanie w\u0142os\u00f3w \u2013 kiedy warto zastosowa\u0107 laserowe leczenie \u0142ysienia?\",\"datePublished\":\"2026-09-01T10:51:54+00:00\",\"dateModified\":\"2026-09-01T11:10:50+00:00\",\"mainEntityOfPage\":{\"@id\":\"https:\\\/\\\/wellclinic.pl\\\/laser-na-wypadanie-wlosow\\\/\"},\"wordCount\":1378,\"image\":{\"@id\":\"https:\\\/\\\/wellclinic.pl\\\/laser-na-wypadanie-wlosow\\\/#primaryimage\"},\"thumbnailUrl\":\"https:\\\/\\\/wellclinic.pl\\\/wp-content\\\/uploads\\\/2026\\\/09\\\/laser_na_wypadanie_wlosow_2026a.webp\",\"articleSection\":[\"Zabieg dla m\u0119\u017cczyzn\",\"Zabieg laserowy\"],\"inLanguage\":\"nb-NO\"},{\"@type\":\"WebPage\",\"@id\":\"https:\\\/\\\/wellclinic.pl\\\/laser-na-wypadanie-wlosow\\\/\",\"url\":\"https:\\\/\\\/wellclinic.pl\\\/laser-na-wypadanie-wlosow\\\/\",\"name\":\"Laser na wypadanie w\u0142os\u00f3w \u2013 skuteczna terapia \u0142ysienia\",\"isPartOf\":{\"@id\":\"https:\\\/\\\/wellclinic.pl\\\/#website\"},\"primaryImageOfPage\":{\"@id\":\"https:\\\/\\\/wellclinic.pl\\\/laser-na-wypadanie-wlosow\\\/#primaryimage\"},\"image\":{\"@id\":\"https:\\\/\\\/wellclinic.pl\\\/laser-na-wypadanie-wlosow\\\/#primaryimage\"},\"thumbnailUrl\":\"https:\\\/\\\/wellclinic.pl\\\/wp-content\\\/uploads\\\/2026\\\/09\\\/laser_na_wypadanie_wlosow_2026a.webp\",\"datePublished\":\"2026-09-01T10:51:54+00:00\",\"dateModified\":\"2026-09-01T11:10:50+00:00\",\"author\":{\"@id\":\"https:\\\/\\\/wellclinic.pl\\\/#\\\/schema\\\/person\\\/d6ba279cafc77bac21a8cf59a8aa67d6\"},\"description\":\"Laser na wypadanie w\u0142os\u00f3w \u2013 sprawd\u017a, jak wygl\u0105da diagnostyka i laserowe leczenie \u0142ysienia. Poznaj przyczyny wypadania w\u0142os\u00f3w.\",\"breadcrumb\":{\"@id\":\"https:\\\/\\\/wellclinic.pl\\\/laser-na-wypadanie-wlosow\\\/#breadcrumb\"},\"inLanguage\":\"nb-NO\",\"potentialAction\":[{\"@type\":\"ReadAction\",\"target\":[\"https:\\\/\\\/wellclinic.pl\\\/laser-na-wypadanie-wlosow\\\/\"]}]},{\"@type\":\"ImageObject\",\"inLanguage\":\"nb-NO\",\"@id\":\"https:\\\/\\\/wellclinic.pl\\\/laser-na-wypadanie-wlosow\\\/#primaryimage\",\"url\":\"https:\\\/\\\/wellclinic.pl\\\/wp-content\\\/uploads\\\/2026\\\/09\\\/laser_na_wypadanie_wlosow_2026a.webp\",\"contentUrl\":\"https:\\\/\\\/wellclinic.pl\\\/wp-content\\\/uploads\\\/2026\\\/09\\\/laser_na_wypadanie_wlosow_2026a.webp\",\"width\":2048,\"height\":1638,\"caption\":\"laser na wypadanie w\u0142os\u00f3w\"},{\"@type\":\"BreadcrumbList\",\"@id\":\"https:\\\/\\\/wellclinic.pl\\\/laser-na-wypadanie-wlosow\\\/#breadcrumb\",\"itemListElement\":[{\"@type\":\"ListItem\",\"position\":1,\"name\":\"Strona g\u0142\u00f3wna\",\"item\":\"https:\\\/\\\/wellclinic.pl\\\/\"},{\"@type\":\"ListItem\",\"position\":2,\"name\":\"Laser na wypadanie w\u0142os\u00f3w \u2013 kiedy warto zastosowa\u0107 laserowe leczenie \u0142ysienia?\"}]},{\"@type\":\"WebSite\",\"@id\":\"https:\\\/\\\/wellclinic.pl\\\/#website\",\"url\":\"https:\\\/\\\/wellclinic.pl\\\/\",\"name\":\"Wellclinic Klinika Medycyny Estetycznej - Warszawa | Gda\u0144sk | Krak\u00f3w\",\"description\":\"Klinika Medycyny Estetycznej - Warszawa i Gda\u0144sk\",\"potentialAction\":[{\"@type\":\"SearchAction\",\"target\":{\"@type\":\"EntryPoint\",\"urlTemplate\":\"https:\\\/\\\/wellclinic.pl\\\/?s={search_term_string}\"},\"query-input\":{\"@type\":\"PropertyValueSpecification\",\"valueRequired\":true,\"valueName\":\"search_term_string\"}}],\"inLanguage\":\"nb-NO\"},{\"@type\":\"Person\",\"@id\":\"https:\\\/\\\/wellclinic.pl\\\/#\\\/schema\\\/person\\\/d6ba279cafc77bac21a8cf59a8aa67d6\",\"name\":\"Katarzyna Paw\u0142owska\",\"url\":\"https:\\\/\\\/wellclinic.pl\\\/nb\\\/author\\\/kasia\\\/\"}]}<\/script>\n<!-- \/ Yoast SEO plugin. -->","yoast_head_json":{"title":"Laser na wypadanie w\u0142os\u00f3w \u2013 skuteczna terapia \u0142ysienia","description":"Laser na wypadanie w\u0142os\u00f3w \u2013 sprawd\u017a, jak wygl\u0105da diagnostyka i laserowe leczenie \u0142ysienia. Poznaj przyczyny wypadania w\u0142os\u00f3w.","robots":{"index":"index","follow":"follow","max-snippet":"max-snippet:-1","max-image-preview":"max-image-preview:large","max-video-preview":"max-video-preview:-1"},"canonical":"https:\/\/wellclinic.pl\/nb\/laser-na-wypadanie-wlosow\/","og_locale":"nb_NO","og_type":"article","og_title":"Laser na wypadanie w\u0142os\u00f3w \u2013 skuteczna terapia \u0142ysienia","og_description":"Laser na wypadanie w\u0142os\u00f3w \u2013 sprawd\u017a, jak wygl\u0105da diagnostyka i laserowe leczenie \u0142ysienia. Poznaj przyczyny wypadania w\u0142os\u00f3w.","og_url":"https:\/\/wellclinic.pl\/nb\/laser-na-wypadanie-wlosow\/","og_site_name":"Wellclinic","article_published_time":"2026-09-01T10:51:54+00:00","article_modified_time":"2026-09-01T11:10:50+00:00","og_image":[{"width":2048,"height":1638,"url":"https:\/\/wellclinic.pl\/wp-content\/uploads\/2026\/09\/laser_na_wypadanie_wlosow_2026a.webp","type":"image\/webp"}],"author":"Katarzyna Paw\u0142owska","twitter_card":"summary_large_image","twitter_misc":{"Skrevet av":"Katarzyna Paw\u0142owska","Ansl. lesetid":"7 minutter"},"schema":{"@context":"https:\/\/schema.org","@graph":[{"@type":"Article","@id":"https:\/\/wellclinic.pl\/laser-na-wypadanie-wlosow\/#article","isPartOf":{"@id":"https:\/\/wellclinic.pl\/laser-na-wypadanie-wlosow\/"},"author":{"name":"Katarzyna Paw\u0142owska","@id":"https:\/\/wellclinic.pl\/#\/schema\/person\/d6ba279cafc77bac21a8cf59a8aa67d6"},"headline":"Laser na wypadanie w\u0142os\u00f3w \u2013 kiedy warto zastosowa\u0107 laserowe leczenie \u0142ysienia?","datePublished":"2026-09-01T10:51:54+00:00","dateModified":"2026-09-01T11:10:50+00:00","mainEntityOfPage":{"@id":"https:\/\/wellclinic.pl\/laser-na-wypadanie-wlosow\/"},"wordCount":1378,"image":{"@id":"https:\/\/wellclinic.pl\/laser-na-wypadanie-wlosow\/#primaryimage"},"thumbnailUrl":"https:\/\/wellclinic.pl\/wp-content\/uploads\/2026\/09\/laser_na_wypadanie_wlosow_2026a.webp","articleSection":["Zabieg dla m\u0119\u017cczyzn","Zabieg laserowy"],"inLanguage":"nb-NO"},{"@type":"WebPage","@id":"https:\/\/wellclinic.pl\/laser-na-wypadanie-wlosow\/","url":"https:\/\/wellclinic.pl\/laser-na-wypadanie-wlosow\/","name":"Laser na wypadanie w\u0142os\u00f3w \u2013 skuteczna terapia \u0142ysienia","isPartOf":{"@id":"https:\/\/wellclinic.pl\/#website"},"primaryImageOfPage":{"@id":"https:\/\/wellclinic.pl\/laser-na-wypadanie-wlosow\/#primaryimage"},"image":{"@id":"https:\/\/wellclinic.pl\/laser-na-wypadanie-wlosow\/#primaryimage"},"thumbnailUrl":"https:\/\/wellclinic.pl\/wp-content\/uploads\/2026\/09\/laser_na_wypadanie_wlosow_2026a.webp","datePublished":"2026-09-01T10:51:54+00:00","dateModified":"2026-09-01T11:10:50+00:00","author":{"@id":"https:\/\/wellclinic.pl\/#\/schema\/person\/d6ba279cafc77bac21a8cf59a8aa67d6"},"description":"Laser na wypadanie w\u0142os\u00f3w \u2013 sprawd\u017a, jak wygl\u0105da diagnostyka i laserowe leczenie \u0142ysienia. Poznaj przyczyny wypadania w\u0142os\u00f3w.","breadcrumb":{"@id":"https:\/\/wellclinic.pl\/laser-na-wypadanie-wlosow\/#breadcrumb"},"inLanguage":"nb-NO","potentialAction":[{"@type":"ReadAction","target":["https:\/\/wellclinic.pl\/laser-na-wypadanie-wlosow\/"]}]},{"@type":"ImageObject","inLanguage":"nb-NO","@id":"https:\/\/wellclinic.pl\/laser-na-wypadanie-wlosow\/#primaryimage","url":"https:\/\/wellclinic.pl\/wp-content\/uploads\/2026\/09\/laser_na_wypadanie_wlosow_2026a.webp","contentUrl":"https:\/\/wellclinic.pl\/wp-content\/uploads\/2026\/09\/laser_na_wypadanie_wlosow_2026a.webp","width":2048,"height":1638,"caption":"laser na wypadanie w\u0142os\u00f3w"},{"@type":"BreadcrumbList","@id":"https:\/\/wellclinic.pl\/laser-na-wypadanie-wlosow\/#breadcrumb","itemListElement":[{"@type":"ListItem","position":1,"name":"Strona g\u0142\u00f3wna","item":"https:\/\/wellclinic.pl\/"},{"@type":"ListItem","position":2,"name":"Laser na wypadanie w\u0142os\u00f3w \u2013 kiedy warto zastosowa\u0107 laserowe leczenie \u0142ysienia?"}]},{"@type":"WebSite","@id":"https:\/\/wellclinic.pl\/#website","url":"https:\/\/wellclinic.pl\/","name":"Wellclinic Klinikk for estetisk medisin - Warszawa | Gdansk | Krakow","description":"Klinikk for estetisk medisin - Warszawa og Gdansk","potentialAction":[{"@type":"SearchAction","target":{"@type":"EntryPoint","urlTemplate":"https:\/\/wellclinic.pl\/?s={search_term_string}"},"query-input":{"@type":"PropertyValueSpecification","valueRequired":true,"valueName":"search_term_string"}}],"inLanguage":"nb-NO"},{"@type":"Person","@id":"https:\/\/wellclinic.pl\/#\/schema\/person\/d6ba279cafc77bac21a8cf59a8aa67d6","name":"Katarzyna Paw\u0142owska","url":"https:\/\/wellclinic.pl\/nb\/author\/kasia\/"}]}},"_links":{"self":[{"href":"https:\/\/wellclinic.pl\/nb\/wp-json\/wp\/v2\/posts\/55021","targetHints":{"allow":["GET"]}}],"collection":[{"href":"https:\/\/wellclinic.pl\/nb\/wp-json\/wp\/v2\/posts"}],"about":[{"href":"https:\/\/wellclinic.pl\/nb\/wp-json\/wp\/v2\/types\/post"}],"author":[{"embeddable":true,"href":"https:\/\/wellclinic.pl\/nb\/wp-json\/wp\/v2\/users\/26"}],"replies":[{"embeddable":true,"href":"https:\/\/wellclinic.pl\/nb\/wp-json\/wp\/v2\/comments?post=55021"}],"version-history":[{"count":4,"href":"https:\/\/wellclinic.pl\/nb\/wp-json\/wp\/v2\/posts\/55021\/revisions"}],"predecessor-version":[{"id":55030,"href":"https:\/\/wellclinic.pl\/nb\/wp-json\/wp\/v2\/posts\/55021\/revisions\/55030"}],"wp:featuredmedia":[{"embeddable":true,"href":"https:\/\/wellclinic.pl\/nb\/wp-json\/wp\/v2\/media\/55027"}],"wp:attachment":[{"href":"https:\/\/wellclinic.pl\/nb\/wp-json\/wp\/v2\/media?parent=55021"}],"wp:term":[{"taxonomy":"category","embeddable":true,"href":"https:\/\/wellclinic.pl\/nb\/wp-json\/wp\/v2\/categories?post=55021"},{"taxonomy":"post_tag","embeddable":true,"href":"https:\/\/wellclinic.pl\/nb\/wp-json\/wp\/v2\/tags?post=55021"}],"curies":[{"name":"wp","href":"https:\/\/api.w.org\/{rel}","templated":true}]}}