{"id":5662,"date":"2026-08-17T12:22:00","date_gmt":"2026-08-17T10:22:00","guid":{"rendered":"https:\/\/wellclinic.pl\/?p=5662"},"modified":"2026-09-04T12:17:07","modified_gmt":"2026-09-04T10:17:07","slug":"laserbehandling-for-aktiv-kviser-i-wellclinic","status":"publish","type":"post","link":"https:\/\/wellclinic.pl\/nb\/zabieg-laserowy-na-aktywny-tradzik-w-wellclinic\/","title":{"rendered":"Zabieg laserowy na aktywny tr\u0105dzik \u2013 jak dzia\u0142a i jakie daje efekty?"},"content":{"rendered":"<p class=\"wp-block-paragraph\"><strong>Aktywny tr\u0105dzik to nie tylko problem, kt\u00f3ry mo\u017cna przeczeka\u0107 \u2013 stan zapalny mo\u017ce prowadzi\u0107 do przebarwie\u0144 i blizn, kt\u00f3re pozostan\u0105 na sk\u00f3rze znacznie d\u0142u\u017cej ni\u017c same zmiany.<\/strong> Derfor er <strong><a href=\"https:\/\/wellclinic.pl\/nb\/behandling-av-aktiv-akne\/\">zabieg laserowy na aktywny tr\u0105dzik<\/a><\/strong> mo\u017ce by\u0107 jednym z element\u00f3w post\u0119powania, gdy dotychczasowe sposoby nie przynosz\u0105 oczekiwanych rezultat\u00f3w.<\/p>\n\n\n\n<p class=\"wp-block-paragraph\">To, co dzi\u015b wygl\u0105da jak pojedyncze krostki, grudki czy zaczerwienienie, nie zawsze zniknie bez \u015bladu. <strong>Utrzymuj\u0105cy si\u0119 stan zapalny mo\u017ce wp\u0142ywa\u0107 na struktur\u0119 sk\u00f3ry i zwi\u0119ksza\u0107 ryzyko powstawania zmian pozapalnych.<\/strong> Im d\u0142u\u017cej problem pozostaje aktywny, tym wa\u017cniejsze staje si\u0119 odpowiednie rozpoznanie jego przyczyny i dobranie w\u0142a\u015bciwego sposobu post\u0119powania.<\/p>\n\n\n\n<p class=\"wp-block-paragraph\">Tr\u0105dzik jest przewlek\u0142\u0105 chorob\u0105 sk\u00f3ry, na kt\u00f3rej przebieg wp\u0142ywaj\u0105 m.in. nadmierna aktywno\u015b\u0107 gruczo\u0142\u00f3w \u0142ojowych, nieprawid\u0142owe rogowacenie uj\u015b\u0107 mieszk\u00f3w w\u0142osowych oraz procesy zapalne. Widoczne na powierzchni sk\u00f3ry zask\u00f3rniki, grudki, krosty i zaczerwienienie s\u0105 wi\u0119c efektem proces\u00f3w zachodz\u0105cych g\u0142\u0119biej.<\/p>\n\n\n\n<p class=\"wp-block-paragraph\">Nie ka\u017cda metoda b\u0119dzie odpowiednia dla ka\u017cdego rodzaju i nasilenia zmian. W wybranych przypadkach elementem terapii mo\u017ce by\u0107 r\u00f3wnie\u017c <strong>laserowe leczenie aktywnego tr\u0105dziku<\/strong>, kt\u00f3rego celem jest oddzia\u0142ywanie na mechanizmy zwi\u0105zane z powstawaniem zmian, a nie wy\u0142\u0105cznie poprawa ich wygl\u0105du.<\/p>\n\n\n\n<h2 class=\"wp-block-heading\">Jak mo\u017cna leczy\u0107 aktywny tr\u0105dzik?<\/h2>\n\n\n\n<p class=\"wp-block-paragraph\"><a href=\"https:\/\/wellclinic.pl\/nb\/behandling-av-akne-og-aknearr\/\"><strong>Behandling av akne<\/strong><\/a> dobiera si\u0119 przede wszystkim do rodzaju zmian, ich nasilenia oraz indywidualnej sytuacji pacjenta. Innego post\u0119powania mo\u017ce wymaga\u0107 sk\u00f3ra z pojedynczymi zmianami, a innego nasilony <strong>tr\u0105dzik zapalny<\/strong>. Pod uwag\u0119 bierze si\u0119 r\u00f3wnie\u017c czas trwania problemu, wcze\u015bniejsze leczenie, reakcj\u0119 sk\u00f3ry oraz obecno\u015b\u0107 zmian pozapalnych lub blizn.<\/p>\n\n\n\n<p class=\"wp-block-paragraph\">W zale\u017cno\u015bci od przypadku stosuje si\u0119 leczenie miejscowe, farmakoterapi\u0119 og\u00f3ln\u0105, odpowiedni\u0105 piel\u0119gnacj\u0119 oraz wybrane procedury gabinetowe. Poszczeg\u00f3lne elementy terapii mog\u0105 si\u0119 uzupe\u0142nia\u0107. Nie istnieje jedna metoda, kt\u00f3ra b\u0119dzie odpowiednia dla ka\u017cdej osoby zmagaj\u0105cej si\u0119 z tr\u0105dzikiem.<\/p>\n\n\n\n<p class=\"wp-block-paragraph\">Jedn\u0105 z metod stosowanych w terapii jest <a href=\"https:\/\/wellclinic.pl\/nb\/behandling-av-aktiv-akne-sentiq-skin-therapy\/\"><strong>laserterapi<\/strong><\/a>. Jej celem nie jest jedynie chwilowa poprawa wygl\u0105du sk\u00f3ry, ale oddzia\u0142ywanie na mechanizmy zwi\u0105zane z powstawaniem zmian tr\u0105dzikowych. Dzi\u0119ki temu mo\u017ce stanowi\u0107 element post\u0119powania ukierunkowanego na ograniczenie aktywno\u015bci choroby.<\/p>\n\n\n\n<p class=\"wp-block-paragraph\">W Wellclinic wykorzystujemy w tym celu <a href=\"https:\/\/wellclinic.pl\/nb\/behandling-av-aktiv-akne\/\"><strong>Fotona-laser<\/strong><\/a>. Odpowiednio dobrane parametry zabiegu pozwalaj\u0105 oddzia\u0142ywa\u0107 na tkanki zwi\u0105zane z aktywno\u015bci\u0105 gruczo\u0142\u00f3w \u0142ojowych oraz procesem zapalnym. Spos\u00f3b przeprowadzenia terapii jest ka\u017cdorazowo dostosowywany do stanu sk\u00f3ry, poniewa\u017c <strong>aktywny tr\u0105dzik<\/strong> mo\u017ce mie\u0107 r\u00f3\u017cny przebieg i nasilenie.<\/p>\n\n\n\n<p class=\"wp-block-paragraph\">Nie oznacza to jednak, \u017ce laser zast\u0119puje leczenie dermatologiczne w ka\u017cdym przypadku. O tym, czy dana metoda b\u0119dzie odpowiednia, decyduje ocena sk\u00f3ry i indywidualnych potrzeb pacjenta. W niekt\u00f3rych sytuacjach <strong>laserterapi<\/strong> mo\u017ce by\u0107 samodzielnym elementem post\u0119powania, w innych cz\u0119\u015bci\u0105 szerszego planu terapeutycznego.<\/p>\n\n\n\n<div class=\"wp-block-buttons is-content-justification-center is-layout-flex wp-container-core-buttons-is-layout-3e41869c wp-block-buttons-is-layout-flex\">\n<div class=\"wp-block-button well-btn\"><a class=\"wp-block-button__link has-text-align-center wp-element-button\" href=\"\/nb\/behandling-av-aktiv-akne\/\">Finn ut mer om dette<\/a><\/div>\n<\/div>\n\n\n\n<h2 class=\"wp-block-heading\">Laserowe leczenie aktywnego tr\u0105dziku \u2013 jak dzia\u0142a?<\/h2>\n\n\n\n<p class=\"wp-block-paragraph\"><a href=\"https:\/\/wellclinic.pl\/nb\/behandling-av-aktiv-akne-sentiq-skin-therapy\/\"><strong>Laseroterapia tr\u0105dziku<\/strong><\/a> mo\u017ce by\u0107 stosowana jako element post\u0119powania przy aktywnych zmianach tr\u0105dzikowych. Energia lasera dociera do odpowiednio dobranych warstw sk\u00f3ry, gdzie wywo\u0142uje kontrolowany efekt termiczny. Odpowiednie parametry pozwalaj\u0105 skierowa\u0107 dzia\u0142anie na struktury, kt\u00f3re maj\u0105 znaczenie w przebiegu tr\u0105dziku, bez konieczno\u015bci mechanicznego usuwania zmian.<\/p>\n\n\n\n<p class=\"wp-block-paragraph\">Jednym z cel\u00f3w terapii jest ograniczenie aktywno\u015bci gruczo\u0142\u00f3w \u0142ojowych i zmniejszenie produkcji sebum. Nadmiar sebum mo\u017ce sprzyja\u0107 powstawaniu zmian tr\u0105dzikowych, dlatego regulacja jego wydzielania jest jednym z istotnych element\u00f3w terapii. Samo ograniczenie sebum nie rozwi\u0105zuje oczywi\u015bcie wszystkich przyczyn tr\u0105dziku, ale mo\u017ce zmniejsza\u0107 jeden z czynnik\u00f3w sprzyjaj\u0105cych jego utrzymywaniu si\u0119.<\/p>\n\n\n\n<p class=\"wp-block-paragraph\"><strong>Laserterapi<\/strong> mo\u017ce r\u00f3wnie\u017c wp\u0142ywa\u0107 na procesy zapalne zachodz\u0105ce w obr\u0119bie zmian. W efekcie sk\u00f3ra mo\u017ce stopniowo odzyskiwa\u0107 bardziej jednolity wygl\u0105d, a aktywno\u015b\u0107 tr\u0105dziku ulega\u0107 ograniczeniu. Efekt terapii nie zawsze jest natychmiastowy \u2013 sk\u00f3ra potrzebuje czasu na reakcj\u0119 i przebudow\u0119 po kontrolowanym dzia\u0142aniu energii.<\/p>\n\n\n\n<p class=\"wp-block-paragraph\">To dzia\u0142anie r\u00f3\u017cni si\u0119 od zwyk\u0142ego zabiegu oczyszczaj\u0105cego. Nie chodzi wy\u0142\u0105cznie o usuni\u0119cie tego, co wida\u0107 na powierzchni sk\u00f3ry. <strong>Laserterapi<\/strong> jest ukierunkowana na procesy zachodz\u0105ce w g\u0142\u0119bszych warstwach, dlatego mo\u017ce by\u0107 rozwa\u017cana wtedy, gdy problemem s\u0105 nawracaj\u0105ce lub aktywne zmiany zapalne.<\/p>\n\n\n\n<h2 class=\"wp-block-heading\">Resultater av Fotona laserbehandling<\/h2>\n\n\n\n<p class=\"wp-block-paragraph\">Effekter <a href=\"https:\/\/wellclinic.pl\/nb\/behandling-av-aktiv-akne\/\"><strong>laserbehandling av akne<\/strong><\/a> zale\u017c\u0105 m.in. od rodzaju zmian, ich nasilenia oraz indywidualnej reakcji sk\u00f3ry. Znaczenie ma r\u00f3wnie\u017c liczba zabieg\u00f3w oraz spos\u00f3b prowadzenia ca\u0142ej terapii. U jednej osoby poprawa mo\u017ce by\u0107 widoczna stosunkowo szybko, podczas gdy w przypadku bardziej nasilonych zmian potrzebne jest d\u0142u\u017csze post\u0119powanie.<\/p>\n\n\n\n<p class=\"wp-block-paragraph\">Celem terapii jest przede wszystkim ograniczenie aktywno\u015bci zmian zapalnych i poprawa og\u00f3lnej kondycji sk\u00f3ry. Wraz z wyciszaniem zmian sk\u00f3ra mo\u017ce wygl\u0105da\u0107 bardziej jednolicie, a jej struktura i koloryt mog\u0105 ulega\u0107 stopniowej poprawie.<\/p>\n\n\n\n<p class=\"wp-block-paragraph\">W trakcie terapii mo\u017cna uzyska\u0107 m.in.:<\/p>\n\n\n\n<ul class=\"wp-block-list\">\n<li>zmniejszenie nasilenia zmian zapalnych,<\/li>\n\n\n\n<li>ograniczenie nadmiernej produkcji sebum,<\/li>\n\n\n\n<li>popraw\u0119 wygl\u0105du sk\u00f3ry,<\/li>\n\n\n\n<li>wyr\u00f3wnanie kolorytu,<\/li>\n\n\n\n<li>zmniejszenie widoczno\u015bci zaczerwienienia,<\/li>\n\n\n\n<li>popraw\u0119 struktury sk\u00f3ry.<\/li>\n<\/ul>\n\n\n\n<p class=\"wp-block-paragraph\"><strong>Laserterapi<\/strong> mo\u017ce by\u0107 r\u00f3wnie\u017c elementem post\u0119powania u os\u00f3b, u kt\u00f3rych tr\u0105dzik pozostawia \u015blady w postaci utrzymuj\u0105cego si\u0119 rumienia lub nier\u00f3wnego kolorytu sk\u00f3ry. W takiej sytuacji lekarz bierze pod uwag\u0119 nie tylko aktywno\u015b\u0107 zmian, ale r\u00f3wnie\u017c to, jak sk\u00f3ra wygl\u0105da pomi\u0119dzy kolejnymi epizodami zaostrzenia.<\/p>\n\n\n\n<p class=\"wp-block-paragraph\">Wa\u017cne jest jednak rozr\u00f3\u017cnienie aktywnego tr\u0105dziku od <a href=\"https:\/\/wellclinic.pl\/nb\/behandling-av-aknearr\/\"><strong>akne arr<\/strong><\/a>. To dwa r\u00f3\u017cne problemy, kt\u00f3re mog\u0105 wymaga\u0107 zastosowania innych metod. Aktywne zmiany wymagaj\u0105 przede wszystkim ograniczenia procesu zapalnego i czynnik\u00f3w sprzyjaj\u0105cych ich powstawaniu. W przypadku blizn celem terapii jest natomiast przebudowa struktury sk\u00f3ry i poprawa jej powierzchni.<\/p>\n\n\n\n<div class=\"wp-block-buttons is-content-justification-center is-layout-flex wp-container-core-buttons-is-layout-3e41869c wp-block-buttons-is-layout-flex\">\n<div class=\"wp-block-button well-btn\"><a class=\"wp-block-button__link has-text-align-center wp-element-button\" href=\"\/nb\/behandling-av-aktiv-akne\/\">Finn ut mer om dette<\/a><\/div>\n<\/div>\n\n\n\n<h2 class=\"wp-block-heading\">Jak wygl\u0105da zabieg laserowy na aktywny tr\u0105dzik?<\/h2>\n\n\n\n<p class=\"wp-block-paragraph\">Ka\u017cdy <strong>zabieg laserowy na aktywny tr\u0105dzik<\/strong> w Wellclinic poprzedza konsultacja i wywiad medyczny. Lekarz ocenia stan sk\u00f3ry, charakter zmian oraz ewentualne przeciwwskazania do wykonania procedury. Analizuje r\u00f3wnie\u017c dotychczasowe leczenie, poniewa\u017c informacje o stosowanych preparatach i wcze\u015bniejszych terapiach mog\u0105 mie\u0107 znaczenie przy planowaniu zabiegu.<\/p>\n\n\n\n<p class=\"wp-block-paragraph\">Przed rozpocz\u0119ciem zabiegu sk\u00f3ra jest dok\u0142adnie oczyszczana. Nast\u0119pnie lekarz dobiera parametry lasera odpowiednio do kondycji sk\u00f3ry i obszaru poddawanego terapii. Nie ma jednego ustawienia odpowiedniego dla ka\u017cdego pacjenta \u2013 intensywno\u015b\u0107 i spos\u00f3b dzia\u0142ania dobiera si\u0119 do aktualnego stanu sk\u00f3ry.<\/p>\n\n\n\n<p class=\"wp-block-paragraph\">Podczas zabiegu energia lasera jest dostarczana do okre\u015blonych struktur sk\u00f3ry. Wykorzystanie odpowiednich parametr\u00f3w pozwala uzyska\u0107 kontrolowane dzia\u0142anie termiczne bez konieczno\u015bci mechanicznego usuwania zmian. Procedura jest wykonywana w spos\u00f3b ukierunkowany, tak aby oddzia\u0142ywa\u0107 na obszary istotne z punktu widzenia przebiegu tr\u0105dziku.<\/p>\n\n\n\n<p class=\"wp-block-paragraph\">Dla zwi\u0119kszenia komfortu sk\u00f3ry podczas procedury stosowane jest ch\u0142odzenie. Po zabiegu lekarz przekazuje r\u00f3wnie\u017c zalecenia dotycz\u0105ce <a href=\"https:\/\/wellclinic.pl\/nb\/tilbud\/ansiktsbehandlinger\/\"><strong>hudpleie<\/strong><\/a> oraz post\u0119powania w kolejnych dniach. Jest to istotna cz\u0119\u015b\u0107 terapii, poniewa\u017c sk\u00f3ra po zabiegu mo\u017ce by\u0107 przej\u015bciowo bardziej wra\u017cliwa.<\/p>\n\n\n\n<figure class=\"wp-block-image size-large\"><img fetchpriority=\"high\" decoding=\"async\" width=\"1024\" height=\"793\" src=\"https:\/\/wellclinic.pl\/wp-content\/uploads\/2022\/03\/leczenie_tradziku_4-1024x793.webp\" alt=\"zabieg laserowy na aktywny tr\u0105dzik\" class=\"wp-image-55271\" srcset=\"https:\/\/wellclinic.pl\/wp-content\/uploads\/2022\/03\/leczenie_tradziku_4-1024x793.webp 1024w, https:\/\/wellclinic.pl\/wp-content\/uploads\/2022\/03\/leczenie_tradziku_4-300x232.webp 300w, https:\/\/wellclinic.pl\/wp-content\/uploads\/2022\/03\/leczenie_tradziku_4-768x595.webp 768w, https:\/\/wellclinic.pl\/wp-content\/uploads\/2022\/03\/leczenie_tradziku_4-1536x1190.webp 1536w, https:\/\/wellclinic.pl\/wp-content\/uploads\/2022\/03\/leczenie_tradziku_4-15x12.webp 15w, https:\/\/wellclinic.pl\/wp-content\/uploads\/2022\/03\/leczenie_tradziku_4.webp 2000w\" sizes=\"(max-width: 1024px) 100vw, 1024px\" \/><\/figure>\n\n\n\n<h2 class=\"wp-block-heading\">Czy zabieg laserowy na tr\u0105dzik boli?<\/h2>\n\n\n\n<p class=\"wp-block-paragraph\">F\u00f8lelser under <strong>laserbehandling mot akne<\/strong> zale\u017c\u0105 od indywidualnej wra\u017cliwo\u015bci sk\u00f3ry oraz zastosowanych parametr\u00f3w. Pacjent mo\u017ce odczuwa\u0107 ciep\u0142o lub delikatne szczypanie. Intensywno\u015b\u0107 odczu\u0107 mo\u017ce by\u0107 r\u00f3\u017cna w zale\u017cno\u015bci od obszaru poddawanego zabiegowi oraz aktywno\u015bci zmian.<\/p>\n\n\n\n<p class=\"wp-block-paragraph\">Po zabiegu sk\u00f3ra mo\u017ce by\u0107 przej\u015bciowo zaczerwieniona i lekko obrz\u0119kni\u0119ta. Jest to naturalna reakcja tkanek na dzia\u0142anie energii. Zazwyczaj objawy te ust\u0119puj\u0105 w kr\u00f3tkim czasie, jednak reakcja sk\u00f3ry jest indywidualna i zale\u017cy m.in. od jej kondycji oraz zastosowanych parametr\u00f3w.<\/p>\n\n\n\n<p class=\"wp-block-paragraph\"><strong>Laserowe leczenie aktywnego tr\u0105dziku<\/strong> nie wi\u0105\u017ce si\u0119 z typow\u0105, d\u0142ugotrwa\u0142\u0105 rekonwalescencj\u0105. Nie oznacza to jednak, \u017ce sk\u00f3ra bezpo\u015brednio po zabiegu zawsze wygl\u0105da tak samo jak przed nim. Przez pewien czas mo\u017ce by\u0107 bardziej wra\u017cliwa, dlatego nale\u017cy przestrzega\u0107 zalece\u0144 przekazanych przez lekarza.<\/p>\n\n\n\n<p class=\"wp-block-paragraph\">O szczeg\u00f3\u0142owych zaleceniach dotycz\u0105cych piel\u0119gnacji po zabiegu pacjent jest informowany podczas konsultacji. Pozwala to odpowiednio przygotowa\u0107 sk\u00f3r\u0119 na okres bezpo\u015brednio po procedurze i ograniczy\u0107 ryzyko jej dodatkowego podra\u017cnienia.<\/p>\n\n\n\n<div class=\"wp-block-buttons is-content-justification-center is-layout-flex wp-container-core-buttons-is-layout-3e41869c wp-block-buttons-is-layout-flex\">\n<div class=\"wp-block-button well-btn\"><a class=\"wp-block-button__link has-text-align-center wp-element-button\" href=\"\/nb\/behandling-av-aktiv-akne\/\">Finn ut mer om dette<\/a><\/div>\n<\/div>\n\n\n\n<h2 class=\"wp-block-heading\">Ile zabieg\u00f3w laserowych na tr\u0105dzik trzeba wykona\u0107?<\/h2>\n\n\n\n<p class=\"wp-block-paragraph\">Nie ma jednej liczby zabieg\u00f3w odpowiedniej dla ka\u017cdego pacjenta. Plan terapii zale\u017cy od rodzaju i nasilenia zmian, kondycji sk\u00f3ry oraz jej reakcji na wcze\u015bniejsze procedury. Znaczenie ma r\u00f3wnie\u017c to, czy <strong>laserbehandling av akne<\/strong> jest stosowana jako pojedynczy element post\u0119powania, czy stanowi cz\u0119\u015b\u0107 szerszego planu leczenia.<\/p>\n\n\n\n<p class=\"wp-block-paragraph\">W niekt\u00f3rych przypadkach poprawa jest widoczna ju\u017c po pierwszych zabiegach, jednak pe\u0142ny plan terapii ustala lekarz po ocenie sk\u00f3ry. Kolejne procedury mog\u0105 by\u0107 wykonywane w odpowiednich odst\u0119pach, aby umo\u017cliwi\u0107 sk\u00f3rze reakcj\u0119 na wcze\u015bniejsze dzia\u0142anie i oceni\u0107 uzyskany efekt.<\/p>\n\n\n\n<p class=\"wp-block-paragraph\">Det er verdt \u00e5 huske at <strong>aknebehandling<\/strong> jest procesem. Sam zabieg laserowy nie zawsze rozwi\u0105zuje problem ca\u0142kowicie, szczeg\u00f3lnie je\u015bli wyst\u0119puj\u0105 czynniki sprzyjaj\u0105ce nawrotom zmian. Dlatego ocena efekt\u00f3w powinna obejmowa\u0107 nie tylko wygl\u0105d sk\u00f3ry po pojedynczym zabiegu, ale r\u00f3wnie\u017c to, jak zmienia si\u0119 aktywno\u015b\u0107 tr\u0105dziku w d\u0142u\u017cszej perspektywie.<\/p>\n\n\n\n<h2 class=\"wp-block-heading\">Dla kogo laserowe leczenie tr\u0105dziku mo\u017ce by\u0107 odpowiednie?<\/h2>\n\n\n\n<p class=\"wp-block-paragraph\"><strong>Laseroterapia tr\u0105dziku<\/strong> mo\u017ce by\u0107 rozwa\u017cana u os\u00f3b z aktywnymi zmianami tr\u0105dzikowymi, szczeg\u00f3lnie gdy problem dotyczy m.in. nasilonego stanu zapalnego i nadmiernej aktywno\u015bci gruczo\u0142\u00f3w \u0142ojowych. Mo\u017ce by\u0107 r\u00f3wnie\u017c brana pod uwag\u0119 wtedy, gdy dotychczasowe post\u0119powanie nie przynios\u0142o oczekiwanej poprawy lub potrzebne jest uzupe\u0142nienie prowadzonej terapii.<\/p>\n\n\n\n<p class=\"wp-block-paragraph\">Nie jest to jednak metoda odpowiednia dla ka\u017cdego. W przypadku tr\u0105dziku istotne jest rozpoznanie jego rodzaju oraz ocena czynnik\u00f3w, kt\u00f3re mog\u0105 odpowiada\u0107 za utrzymywanie si\u0119 zmian. Sam fakt wyst\u0119powania niedoskona\u0142o\u015bci nie jest wystarczaj\u0105cym powodem do wykonania zabiegu.<\/p>\n\n\n\n<p class=\"wp-block-paragraph\">Podczas konsultacji lekarz ocenia m.in. rodzaj tr\u0105dziku, aktualny stan sk\u00f3ry, stosowane leczenie oraz ewentualne przeciwwskazania. Dopiero na tej podstawie mo\u017cna zdecydowa\u0107, czy <strong>laserterapi<\/strong> b\u0119dzie w\u0142a\u015bciwym elementem post\u0119powania.<\/p>\n\n\n\n<p class=\"wp-block-paragraph\">Takie podej\u015bcie pozwala unikn\u0105\u0107 sytuacji, w kt\u00f3rej procedura jest dobierana wy\u0142\u0105cznie do widocznego objawu. Przy tr\u0105dziku liczy si\u0119 nie tylko to, co znajduje si\u0119 na powierzchni sk\u00f3ry, ale r\u00f3wnie\u017c mechanizm odpowiadaj\u0105cy za powstawanie i utrzymywanie si\u0119 zmian.<\/p>\n\n\n\n<div class=\"wp-block-buttons is-content-justification-center is-layout-flex wp-container-core-buttons-is-layout-3e41869c wp-block-buttons-is-layout-flex\">\n<div class=\"wp-block-button well-btn\"><a class=\"wp-block-button__link has-text-align-center wp-element-button\" href=\"\/nb\/behandling-av-aktiv-akne\/\">Finn ut mer om dette<\/a><\/div>\n<\/div>\n\n\n\n<h2 class=\"wp-block-heading\">Tr\u0105dzik mo\u017ce znikn\u0105\u0107. \u015alady po nim nie zawsze.<\/h2>\n\n\n\n<p class=\"wp-block-paragraph\">Mo\u017cesz przeczeka\u0107 kolejn\u0105 zmian\u0119. Mo\u017cesz j\u0105 przykry\u0107 makija\u017cem, wysuszy\u0107 kosmetykiem albo liczy\u0107 na to, \u017ce za kilka dni problem zniknie. <strong>Tyle \u017ce znikni\u0119cie pojedynczej krostki nie oznacza zako\u0144czenia procesu, kt\u00f3ry doprowadzi\u0142 do jej powstania.<\/strong> Przy utrzymuj\u0105cym si\u0119 stanie zapalnym na sk\u00f3rze mog\u0105 pozosta\u0107 przebarwienia, nier\u00f3wno\u015bci, a w niekt\u00f3rych przypadkach r\u00f3wnie\u017c blizny.<\/p>\n\n\n\n<p class=\"wp-block-paragraph\">To moment, w kt\u00f3rym warto przesta\u0107 koncentrowa\u0107 si\u0119 wy\u0142\u0105cznie na tym, <strong>jak ukry\u0107 kolejn\u0105 zmian\u0119<\/strong>, i zastanowi\u0107 si\u0119, dlaczego tr\u0105dzik wci\u0105\u017c powraca. Sama piel\u0119gnacja nie zawsze wystarcza, szczeg\u00f3lnie gdy problem jest nasilony lub utrzymuje si\u0119 mimo dotychczasowych dzia\u0142a\u0144.<\/p>\n\n\n\n<p class=\"wp-block-paragraph\"><strong>Zabieg laserowy na aktywny tr\u0105dzik<\/strong> mo\u017ce by\u0107 jednym z element\u00f3w odpowiednio dobranej terapii. Jego celem nie jest jedynie chwilowe wyg\u0142adzenie wygl\u0105du sk\u00f3ry, ale oddzia\u0142ywanie na procesy zwi\u0105zane z powstawaniem zmian. O tym, czy takie rozwi\u0105zanie b\u0119dzie w\u0142a\u015bciwe, decyduje jednak indywidualna ocena sk\u00f3ry oraz charakter i nasilenie tr\u0105dziku.<\/p>\n\n\n\n<p class=\"wp-block-paragraph\">Nie musisz zgadywa\u0107, kt\u00f3ra metoda b\u0119dzie odpowiednia. <strong><a href=\"https:\/\/wellclinic.pl\/nb\/kontakt\/\">Podczas konsultacji w Wellclinic <\/a><\/strong>specjalista oceni stan sk\u00f3ry, przeanalizuje charakter zmian i dobierze dalsze post\u0119powanie do Twojej sytuacji. Dzi\u0119ki temu zamiast kolejny raz maskowa\u0107 problem, mo\u017cesz zacz\u0105\u0107 dzia\u0142a\u0107 w oparciu o jego rzeczywiste potrzeby.<\/p>\n\n\n\n<p class=\"wp-block-paragraph\"><\/p>\n\n\n\n<p class=\"wp-block-paragraph\"><\/p>","protected":false},"excerpt":{"rendered":"<p>Aktywny tr\u0105dzik to nie tylko problem, kt\u00f3ry mo\u017cna przeczeka\u0107 \u2013 stan zapalny mo\u017ce prowadzi\u0107 do przebarwie\u0144 i blizn, kt\u00f3re pozostan\u0105 na sk\u00f3rze znacznie d\u0142u\u017cej ni\u017c same zmiany. Dlatego zabieg laserowy na aktywny tr\u0105dzik mo\u017ce by\u0107 jednym z element\u00f3w post\u0119powania, gdy dotychczasowe sposoby nie przynosz\u0105 oczekiwanych rezultat\u00f3w. To, co dzi\u015b wygl\u0105da jak pojedyncze krostki, grudki czy [&hellip;]<\/p>\n","protected":false},"author":15,"featured_media":5664,"comment_status":"closed","ping_status":"closed","sticky":false,"template":"","format":"standard","meta":{"_acf_changed":false,"footnotes":""},"categories":[59,36,38,101,79,75],"tags":[32,122,123,121,124],"class_list":["post-5662","post","type-post","status-publish","format-standard","has-post-thumbnail","hentry","category-blog","category-zabieg-dla-kobiet","category-zabieg-dla-mezczyzn","category-zabieg-laserowy","category-zabieg-na-twarz","category-zabieg-nieinwazyjny","tag-laser-fotona","tag-laserowe-leczenie-tradziku","tag-laserowe-usuwanie-tradziku","tag-leczenie-tradziku","tag-tradzik"],"acf":[],"yoast_head":"<!-- This site is optimized with the Yoast SEO plugin v28.4 - https:\/\/yoast.com\/product\/yoast-seo-wordpress\/ -->\n<title>Zabieg laserowy na aktywny tr\u0105dzik \u2013 jak dzia\u0142a i jakie daje efekty? - Wellclinic | Warszawa i Gda\u0144sk<\/title>\n<meta name=\"description\" content=\"W Wellclinic proponujemy zabieg laserowy na aktywny tr\u0105dzik, kt\u00f3ry nie tylko redukuje niedoskona\u0142o\u015bci, ale r\u00f3wnie\u017c leczy je od \u015brodka.\" \/>\n<meta name=\"robots\" content=\"index, follow, max-snippet:-1, max-image-preview:large, max-video-preview:-1\" \/>\n<link rel=\"canonical\" href=\"https:\/\/wellclinic.pl\/nb\/laserbehandling-for-aktiv-kviser-i-wellclinic\/\" \/>\n<meta property=\"og:locale\" content=\"nb_NO\" \/>\n<meta property=\"og:type\" content=\"article\" \/>\n<meta property=\"og:title\" content=\"Zabieg laserowy na aktywny tr\u0105dzik \u2013 jak dzia\u0142a i jakie daje efekty? - Wellclinic | Warszawa i Gda\u0144sk\" \/>\n<meta property=\"og:description\" content=\"W Wellclinic proponujemy zabieg laserowy na aktywny tr\u0105dzik, kt\u00f3ry nie tylko redukuje niedoskona\u0142o\u015bci, ale r\u00f3wnie\u017c leczy je od \u015brodka.\" \/>\n<meta property=\"og:url\" content=\"https:\/\/wellclinic.pl\/nb\/laserbehandling-for-aktiv-kviser-i-wellclinic\/\" \/>\n<meta property=\"og:site_name\" content=\"Wellclinic\" \/>\n<meta property=\"article:published_time\" content=\"2026-08-17T10:22:00+00:00\" \/>\n<meta property=\"article:modified_time\" content=\"2026-09-04T10:17:07+00:00\" \/>\n<meta property=\"og:image\" content=\"https:\/\/wellclinic.pl\/wp-content\/uploads\/2022\/03\/Zabieg-laserowy-na-aktywny-tradzik-w-Wellclinic.png\" \/>\n\t<meta property=\"og:image:width\" content=\"1050\" \/>\n\t<meta property=\"og:image:height\" content=\"450\" \/>\n\t<meta property=\"og:image:type\" content=\"image\/png\" \/>\n<meta name=\"author\" content=\"Stanis\u0142aw Oleksiejuk\" \/>\n<meta name=\"twitter:card\" content=\"summary_large_image\" \/>\n<meta name=\"twitter:label1\" content=\"Skrevet av\" \/>\n\t<meta name=\"twitter:data1\" content=\"Stanis\u0142aw Oleksiejuk\" \/>\n\t<meta name=\"twitter:label2\" content=\"Ansl. lesetid\" \/>\n\t<meta name=\"twitter:data2\" content=\"10 minutter\" \/>\n<script type=\"application\/ld+json\" class=\"yoast-schema-graph\">{\"@context\":\"https:\\\/\\\/schema.org\",\"@graph\":[{\"@type\":\"Article\",\"@id\":\"https:\\\/\\\/wellclinic.pl\\\/zabieg-laserowy-na-aktywny-tradzik-w-wellclinic\\\/#article\",\"isPartOf\":{\"@id\":\"https:\\\/\\\/wellclinic.pl\\\/zabieg-laserowy-na-aktywny-tradzik-w-wellclinic\\\/\"},\"author\":{\"name\":\"Stanis\u0142aw Oleksiejuk\",\"@id\":\"https:\\\/\\\/wellclinic.pl\\\/#\\\/schema\\\/person\\\/e404a9bfa016bae344b84b557c1742b1\"},\"headline\":\"Zabieg laserowy na aktywny tr\u0105dzik \u2013 jak dzia\u0142a i jakie daje efekty?\",\"datePublished\":\"2026-08-17T10:22:00+00:00\",\"dateModified\":\"2026-09-04T10:17:07+00:00\",\"mainEntityOfPage\":{\"@id\":\"https:\\\/\\\/wellclinic.pl\\\/zabieg-laserowy-na-aktywny-tradzik-w-wellclinic\\\/\"},\"wordCount\":1948,\"image\":{\"@id\":\"https:\\\/\\\/wellclinic.pl\\\/zabieg-laserowy-na-aktywny-tradzik-w-wellclinic\\\/#primaryimage\"},\"thumbnailUrl\":\"https:\\\/\\\/wellclinic.pl\\\/wp-content\\\/uploads\\\/2022\\\/03\\\/Zabieg-laserowy-na-aktywny-tradzik-w-Wellclinic.png\",\"keywords\":[\"Laser Fotona\",\"laserowe leczenie tr\u0105dziku\",\"laserowe usuwanie tr\u0105dziku\",\"leczenie tr\u0105dziku\",\"tr\u0105dzik\"],\"articleSection\":[\"Blog\",\"Zabieg dla kobiet\",\"Zabieg dla m\u0119\u017cczyzn\",\"Zabieg laserowy\",\"Zabieg na twarz\",\"Zabieg nieinwazyjny\"],\"inLanguage\":\"nb-NO\"},{\"@type\":\"WebPage\",\"@id\":\"https:\\\/\\\/wellclinic.pl\\\/zabieg-laserowy-na-aktywny-tradzik-w-wellclinic\\\/\",\"url\":\"https:\\\/\\\/wellclinic.pl\\\/zabieg-laserowy-na-aktywny-tradzik-w-wellclinic\\\/\",\"name\":\"Zabieg laserowy na aktywny tr\u0105dzik \u2013 jak dzia\u0142a i jakie daje efekty? - Wellclinic | Warszawa i Gda\u0144sk\",\"isPartOf\":{\"@id\":\"https:\\\/\\\/wellclinic.pl\\\/#website\"},\"primaryImageOfPage\":{\"@id\":\"https:\\\/\\\/wellclinic.pl\\\/zabieg-laserowy-na-aktywny-tradzik-w-wellclinic\\\/#primaryimage\"},\"image\":{\"@id\":\"https:\\\/\\\/wellclinic.pl\\\/zabieg-laserowy-na-aktywny-tradzik-w-wellclinic\\\/#primaryimage\"},\"thumbnailUrl\":\"https:\\\/\\\/wellclinic.pl\\\/wp-content\\\/uploads\\\/2022\\\/03\\\/Zabieg-laserowy-na-aktywny-tradzik-w-Wellclinic.png\",\"datePublished\":\"2026-08-17T10:22:00+00:00\",\"dateModified\":\"2026-09-04T10:17:07+00:00\",\"author\":{\"@id\":\"https:\\\/\\\/wellclinic.pl\\\/#\\\/schema\\\/person\\\/e404a9bfa016bae344b84b557c1742b1\"},\"description\":\"W Wellclinic proponujemy zabieg laserowy na aktywny tr\u0105dzik, kt\u00f3ry nie tylko redukuje niedoskona\u0142o\u015bci, ale r\u00f3wnie\u017c leczy je od \u015brodka.\",\"breadcrumb\":{\"@id\":\"https:\\\/\\\/wellclinic.pl\\\/zabieg-laserowy-na-aktywny-tradzik-w-wellclinic\\\/#breadcrumb\"},\"inLanguage\":\"nb-NO\",\"potentialAction\":[{\"@type\":\"ReadAction\",\"target\":[\"https:\\\/\\\/wellclinic.pl\\\/zabieg-laserowy-na-aktywny-tradzik-w-wellclinic\\\/\"]}]},{\"@type\":\"ImageObject\",\"inLanguage\":\"nb-NO\",\"@id\":\"https:\\\/\\\/wellclinic.pl\\\/zabieg-laserowy-na-aktywny-tradzik-w-wellclinic\\\/#primaryimage\",\"url\":\"https:\\\/\\\/wellclinic.pl\\\/wp-content\\\/uploads\\\/2022\\\/03\\\/Zabieg-laserowy-na-aktywny-tradzik-w-Wellclinic.png\",\"contentUrl\":\"https:\\\/\\\/wellclinic.pl\\\/wp-content\\\/uploads\\\/2022\\\/03\\\/Zabieg-laserowy-na-aktywny-tradzik-w-Wellclinic.png\",\"width\":1050,\"height\":450,\"caption\":\"Zabieg laserowy na aktywny tr\u0105dzik\"},{\"@type\":\"BreadcrumbList\",\"@id\":\"https:\\\/\\\/wellclinic.pl\\\/zabieg-laserowy-na-aktywny-tradzik-w-wellclinic\\\/#breadcrumb\",\"itemListElement\":[{\"@type\":\"ListItem\",\"position\":1,\"name\":\"Strona g\u0142\u00f3wna\",\"item\":\"https:\\\/\\\/wellclinic.pl\\\/\"},{\"@type\":\"ListItem\",\"position\":2,\"name\":\"Zabieg laserowy na aktywny tr\u0105dzik \u2013 jak dzia\u0142a i jakie daje efekty?\"}]},{\"@type\":\"WebSite\",\"@id\":\"https:\\\/\\\/wellclinic.pl\\\/#website\",\"url\":\"https:\\\/\\\/wellclinic.pl\\\/\",\"name\":\"Wellclinic Klinika Medycyny Estetycznej - Warszawa | Gda\u0144sk | Krak\u00f3w\",\"description\":\"Klinika Medycyny Estetycznej - Warszawa i Gda\u0144sk\",\"potentialAction\":[{\"@type\":\"SearchAction\",\"target\":{\"@type\":\"EntryPoint\",\"urlTemplate\":\"https:\\\/\\\/wellclinic.pl\\\/?s={search_term_string}\"},\"query-input\":{\"@type\":\"PropertyValueSpecification\",\"valueRequired\":true,\"valueName\":\"search_term_string\"}}],\"inLanguage\":\"nb-NO\"},{\"@type\":\"Person\",\"@id\":\"https:\\\/\\\/wellclinic.pl\\\/#\\\/schema\\\/person\\\/e404a9bfa016bae344b84b557c1742b1\",\"name\":\"Stanis\u0142aw Oleksiejuk\",\"url\":\"https:\\\/\\\/wellclinic.pl\\\/nb\\\/author\\\/stanislaw\\\/\"}]}<\/script>\n<!-- \/ Yoast SEO plugin. -->","yoast_head_json":{"title":"Zabieg laserowy na aktywny tr\u0105dzik \u2013 jak dzia\u0142a i jakie daje efekty? - Wellclinic | Warszawa i Gda\u0144sk","description":"P\u00e5 Wellclinic tilbyr vi en laserbehandling for aktiv kviser som ikke bare reduserer ujevnheter, men som ogs\u00e5 behandler dem fra innsiden og ut.","robots":{"index":"index","follow":"follow","max-snippet":"max-snippet:-1","max-image-preview":"max-image-preview:large","max-video-preview":"max-video-preview:-1"},"canonical":"https:\/\/wellclinic.pl\/nb\/laserbehandling-for-aktiv-kviser-i-wellclinic\/","og_locale":"nb_NO","og_type":"article","og_title":"Zabieg laserowy na aktywny tr\u0105dzik \u2013 jak dzia\u0142a i jakie daje efekty? - Wellclinic | Warszawa i Gda\u0144sk","og_description":"W Wellclinic proponujemy zabieg laserowy na aktywny tr\u0105dzik, kt\u00f3ry nie tylko redukuje niedoskona\u0142o\u015bci, ale r\u00f3wnie\u017c leczy je od \u015brodka.","og_url":"https:\/\/wellclinic.pl\/nb\/laserbehandling-for-aktiv-kviser-i-wellclinic\/","og_site_name":"Wellclinic","article_published_time":"2026-08-17T10:22:00+00:00","article_modified_time":"2026-09-04T10:17:07+00:00","og_image":[{"width":1050,"height":450,"url":"https:\/\/wellclinic.pl\/wp-content\/uploads\/2022\/03\/Zabieg-laserowy-na-aktywny-tradzik-w-Wellclinic.png","type":"image\/png"}],"author":"Stanis\u0142aw Oleksiejuk","twitter_card":"summary_large_image","twitter_misc":{"Skrevet av":"Stanis\u0142aw Oleksiejuk","Ansl. lesetid":"10 minutter"},"schema":{"@context":"https:\/\/schema.org","@graph":[{"@type":"Article","@id":"https:\/\/wellclinic.pl\/zabieg-laserowy-na-aktywny-tradzik-w-wellclinic\/#article","isPartOf":{"@id":"https:\/\/wellclinic.pl\/zabieg-laserowy-na-aktywny-tradzik-w-wellclinic\/"},"author":{"name":"Stanis\u0142aw Oleksiejuk","@id":"https:\/\/wellclinic.pl\/#\/schema\/person\/e404a9bfa016bae344b84b557c1742b1"},"headline":"Zabieg laserowy na aktywny tr\u0105dzik \u2013 jak dzia\u0142a i jakie daje efekty?","datePublished":"2026-08-17T10:22:00+00:00","dateModified":"2026-09-04T10:17:07+00:00","mainEntityOfPage":{"@id":"https:\/\/wellclinic.pl\/zabieg-laserowy-na-aktywny-tradzik-w-wellclinic\/"},"wordCount":1948,"image":{"@id":"https:\/\/wellclinic.pl\/zabieg-laserowy-na-aktywny-tradzik-w-wellclinic\/#primaryimage"},"thumbnailUrl":"https:\/\/wellclinic.pl\/wp-content\/uploads\/2022\/03\/Zabieg-laserowy-na-aktywny-tradzik-w-Wellclinic.png","keywords":["Laser Fotona","laserowe leczenie tr\u0105dziku","laserowe usuwanie tr\u0105dziku","leczenie tr\u0105dziku","tr\u0105dzik"],"articleSection":["Blog","Zabieg dla kobiet","Zabieg dla m\u0119\u017cczyzn","Zabieg laserowy","Zabieg na twarz","Zabieg nieinwazyjny"],"inLanguage":"nb-NO"},{"@type":"WebPage","@id":"https:\/\/wellclinic.pl\/zabieg-laserowy-na-aktywny-tradzik-w-wellclinic\/","url":"https:\/\/wellclinic.pl\/zabieg-laserowy-na-aktywny-tradzik-w-wellclinic\/","name":"Zabieg laserowy na aktywny tr\u0105dzik \u2013 jak dzia\u0142a i jakie daje efekty? - Wellclinic | Warszawa i Gda\u0144sk","isPartOf":{"@id":"https:\/\/wellclinic.pl\/#website"},"primaryImageOfPage":{"@id":"https:\/\/wellclinic.pl\/zabieg-laserowy-na-aktywny-tradzik-w-wellclinic\/#primaryimage"},"image":{"@id":"https:\/\/wellclinic.pl\/zabieg-laserowy-na-aktywny-tradzik-w-wellclinic\/#primaryimage"},"thumbnailUrl":"https:\/\/wellclinic.pl\/wp-content\/uploads\/2022\/03\/Zabieg-laserowy-na-aktywny-tradzik-w-Wellclinic.png","datePublished":"2026-08-17T10:22:00+00:00","dateModified":"2026-09-04T10:17:07+00:00","author":{"@id":"https:\/\/wellclinic.pl\/#\/schema\/person\/e404a9bfa016bae344b84b557c1742b1"},"description":"P\u00e5 Wellclinic tilbyr vi en laserbehandling for aktiv kviser som ikke bare reduserer ujevnheter, men som ogs\u00e5 behandler dem fra innsiden og ut.","breadcrumb":{"@id":"https:\/\/wellclinic.pl\/zabieg-laserowy-na-aktywny-tradzik-w-wellclinic\/#breadcrumb"},"inLanguage":"nb-NO","potentialAction":[{"@type":"ReadAction","target":["https:\/\/wellclinic.pl\/zabieg-laserowy-na-aktywny-tradzik-w-wellclinic\/"]}]},{"@type":"ImageObject","inLanguage":"nb-NO","@id":"https:\/\/wellclinic.pl\/zabieg-laserowy-na-aktywny-tradzik-w-wellclinic\/#primaryimage","url":"https:\/\/wellclinic.pl\/wp-content\/uploads\/2022\/03\/Zabieg-laserowy-na-aktywny-tradzik-w-Wellclinic.png","contentUrl":"https:\/\/wellclinic.pl\/wp-content\/uploads\/2022\/03\/Zabieg-laserowy-na-aktywny-tradzik-w-Wellclinic.png","width":1050,"height":450,"caption":"Zabieg laserowy na aktywny tr\u0105dzik"},{"@type":"BreadcrumbList","@id":"https:\/\/wellclinic.pl\/zabieg-laserowy-na-aktywny-tradzik-w-wellclinic\/#breadcrumb","itemListElement":[{"@type":"ListItem","position":1,"name":"Strona g\u0142\u00f3wna","item":"https:\/\/wellclinic.pl\/"},{"@type":"ListItem","position":2,"name":"Zabieg laserowy na aktywny tr\u0105dzik \u2013 jak dzia\u0142a i jakie daje efekty?"}]},{"@type":"WebSite","@id":"https:\/\/wellclinic.pl\/#website","url":"https:\/\/wellclinic.pl\/","name":"Wellclinic Klinikk for estetisk medisin - Warszawa | Gdansk | Krakow","description":"Klinikk for estetisk medisin - Warszawa og Gdansk","potentialAction":[{"@type":"SearchAction","target":{"@type":"EntryPoint","urlTemplate":"https:\/\/wellclinic.pl\/?s={search_term_string}"},"query-input":{"@type":"PropertyValueSpecification","valueRequired":true,"valueName":"search_term_string"}}],"inLanguage":"nb-NO"},{"@type":"Person","@id":"https:\/\/wellclinic.pl\/#\/schema\/person\/e404a9bfa016bae344b84b557c1742b1","name":"Stanislaw Oleksiejuk","url":"https:\/\/wellclinic.pl\/nb\/author\/stanislaw\/"}]}},"_links":{"self":[{"href":"https:\/\/wellclinic.pl\/nb\/wp-json\/wp\/v2\/posts\/5662","targetHints":{"allow":["GET"]}}],"collection":[{"href":"https:\/\/wellclinic.pl\/nb\/wp-json\/wp\/v2\/posts"}],"about":[{"href":"https:\/\/wellclinic.pl\/nb\/wp-json\/wp\/v2\/types\/post"}],"author":[{"embeddable":true,"href":"https:\/\/wellclinic.pl\/nb\/wp-json\/wp\/v2\/users\/15"}],"replies":[{"embeddable":true,"href":"https:\/\/wellclinic.pl\/nb\/wp-json\/wp\/v2\/comments?post=5662"}],"version-history":[{"count":5,"href":"https:\/\/wellclinic.pl\/nb\/wp-json\/wp\/v2\/posts\/5662\/revisions"}],"predecessor-version":[{"id":55280,"href":"https:\/\/wellclinic.pl\/nb\/wp-json\/wp\/v2\/posts\/5662\/revisions\/55280"}],"wp:featuredmedia":[{"embeddable":true,"href":"https:\/\/wellclinic.pl\/nb\/wp-json\/wp\/v2\/media\/5664"}],"wp:attachment":[{"href":"https:\/\/wellclinic.pl\/nb\/wp-json\/wp\/v2\/media?parent=5662"}],"wp:term":[{"taxonomy":"category","embeddable":true,"href":"https:\/\/wellclinic.pl\/nb\/wp-json\/wp\/v2\/categories?post=5662"},{"taxonomy":"post_tag","embeddable":true,"href":"https:\/\/wellclinic.pl\/nb\/wp-json\/wp\/v2\/tags?post=5662"}],"curies":[{"name":"wp","href":"https:\/\/api.w.org\/{rel}","templated":true}]}}