{"id":11489,"date":"2026-08-03T09:05:00","date_gmt":"2026-08-03T07:05:00","guid":{"rendered":"https:\/\/wellclinic.pl\/?p=11489"},"modified":"2026-09-02T15:43:28","modified_gmt":"2026-09-02T13:43:28","slug":"%d0%b6%d0%b8%d1%80-%d0%bd%d0%b0-%d1%81%d0%bf%d0%b8%d0%bd%d0%b5-%d0%ba%d0%b0%d0%ba-%d0%be%d1%82-%d0%bd%d0%b5%d0%b3%d0%be-%d0%b8%d0%b7%d0%b1%d0%b0%d0%b2%d0%b8%d1%82%d1%8c%d1%81%d1%8f","status":"publish","type":"post","link":"https:\/\/wellclinic.pl\/ru\/tluszcz-na-plecach-jak-zlikwidowac\/","title":{"rendered":"Fa\u0142dy na plecach \u2013 jak si\u0119 ich pozby\u0107? Skuteczne \u0107wiczenia i metody"},"content":{"rendered":"<p class=\"wp-block-paragraph\"><strong>S\u0105 takie momenty, kiedy plecy zaczynaj\u0105 zdradza\u0107 wi\u0119cej, ni\u017c chcieliby\u015bmy pokaza\u0107. <\/strong>Wystarczy dopasowana koszula, T-shirt, sukienka, str\u00f3j sportowy czy k\u0105pielowy, aby fa\u0142dy w okolicy \u0142opatek, pod pachami lub wzd\u0142u\u017c linii biustonosza sta\u0142y si\u0119 wyra\u017anie widoczne. Materia\u0142 uk\u0142ada si\u0119 inaczej, sylwetka traci g\u0142adk\u0105 lini\u0119, a to, co wcze\u015bniej mo\u017cna by\u0142o \u0142atwo ukry\u0107, zaczyna zwraca\u0107 uwag\u0119.<\/p>\n\n\n\n<p class=\"wp-block-paragraph\"><strong><a href=\"https:\/\/wellclinic.pl\/ru\/%d0%bf%d0%bb%d0%be%d1%82%d0%bd%d0%be%d0%b5-%d1%81%d0%ba%d1%83%d0%bb%d1%8c%d0%bf%d1%82%d1%83%d1%80%d0%b8%d1%80%d0%be%d0%b2%d0%b0%d0%bd%d0%b8%d0%b5%d1%82%d0%bc\/\">Fa\u0142dy na plecach <\/a><\/strong>nie zawsze oznaczaj\u0105 nadmiern\u0105 mas\u0119 cia\u0142a. Ich powstawanie mo\u017ce mie\u0107 zwi\u0105zek z miejscowym nagromadzeniem tkanki t\u0142uszczowej, mniejsz\u0105 j\u0119drno\u015bci\u0105 sk\u00f3ry, budow\u0105 cia\u0142a czy sposobem, w jaki organizm rozk\u0142ada tkank\u0119 t\u0142uszczow\u0105. Dlatego samo spojrzenie na wag\u0119 nie zawsze wyja\u015bnia, sk\u0105d bierze si\u0119 problem.<\/p>\n\n\n\n<p class=\"wp-block-paragraph\"><strong>Jak pozby\u0107 si\u0119 fa\u0142d na plecach? <\/strong>W pierwszej kolejno\u015bci warto ustali\u0107 ich przyczyn\u0119. Odpowiednio dobrana dieta i aktywno\u015b\u0107 fizyczna mog\u0105 pom\u00f3c w redukcji og\u00f3lnej ilo\u015bci tkanki t\u0142uszczowej, natomiast w przypadku miejscowych, opornych depozyt\u00f3w warto rozwa\u017cy\u0107 r\u00f3wnie\u017c mo\u017cliwo\u015bci profesjonalnego modelowania sylwetki.<\/p>\n\n\n\n<h2 class=\"wp-block-heading\">Fa\u0142dy na plecach \u2013 sk\u0105d si\u0119 bior\u0105?<\/h2>\n\n\n\n<p class=\"wp-block-paragraph\"><strong>Przyczyny powstawania fa\u0142d na plecach<\/strong> mog\u0105 by\u0107 r\u00f3\u017cne. Najcz\u0119\u015bciej maj\u0105 zwi\u0105zek z nadmiernym odk\u0142adaniem si\u0119 tkanki t\u0142uszczowej. Je\u017celi organizm przez d\u0142u\u017cszy czas otrzymuje wi\u0119cej energii, ni\u017c potrzebuje, jej nadwy\u017cka jest magazynowana w postaci tkanki t\u0142uszczowej. To, gdzie pojawi\u0105 si\u0119 jej wi\u0119ksze ilo\u015bci, zale\u017cy mi\u0119dzy innymi od predyspozycji genetycznych, p\u0142ci, wieku i stylu \u017cycia.<\/p>\n\n\n\n<p class=\"wp-block-paragraph\">\u041d\u0430 \u0441\u0430\u0439\u0442\u0435 <strong>wygl\u0105d plec\u00f3w <\/strong>wp\u0142ywa tak\u017ce codzienna aktywno\u015b\u0107. Siedz\u0105cy tryb pracy, wielogodzinne sp\u0119dzanie czasu przed komputerem oraz niewielka ilo\u015b\u0107 ruchu sprawiaj\u0105, \u017ce mi\u0119\u015bnie plec\u00f3w s\u0105 s\u0142abiej zaanga\u017cowane. Nie oznacza to jednak, \u017ce sama siedz\u0105ca praca bezpo\u015brednio powoduje powstawanie t\u0142uszczu na plecach. Kluczowe znaczenie ma przede wszystkim bilans energetyczny i ca\u0142okszta\u0142t stylu \u017cycia.<\/p>\n\n\n\n<p class=\"wp-block-paragraph\">\u041d\u0430 \u0441\u0430\u0439\u0442\u0435 <strong>wygl\u0105d sylwetki <\/strong>mo\u017ce wp\u0142ywa\u0107 r\u00f3wnie\u017c jako\u015b\u0107 sk\u00f3ry. Przy wi\u0119kszej utracie masy cia\u0142a sk\u00f3ra mo\u017ce sta\u0107 si\u0119 mniej napi\u0119ta, przez co nier\u00f3wno\u015bci i fa\u0142dki mog\u0105 by\u0107 bardziej widoczne. Dlatego w przypadku problemu z nadmiarem tkanki t\u0142uszczowej warto zwr\u00f3ci\u0107 uwag\u0119 nie tylko na sam\u0105 redukcj\u0119, ale tak\u017ce na kondycj\u0119 sk\u00f3ry.<\/p>\n\n\n\n<p class=\"wp-block-paragraph\">Je\u017celi zwi\u0119kszenie masy cia\u0142a lub <strong>zmiana wygl\u0105du sylwetki <\/strong>nast\u0105pi\u0142y nagle albo towarzysz\u0105 im inne niepokoj\u0105ce objawy, warto skonsultowa\u0107 si\u0119 z lekarzem. W niekt\u00f3rych sytuacjach na mas\u0119 cia\u0142a mog\u0105 wp\u0142ywa\u0107 r\u00f3wnie\u017c czynniki zdrowotne, w tym zaburzenia hormonalne.<\/p>\n\n\n\n<figure class=\"wp-block-image size-full\"><img fetchpriority=\"high\" decoding=\"async\" width=\"900\" height=\"664\" src=\"https:\/\/wellclinic.pl\/wp-content\/uploads\/2026\/08\/tluszcz_na_plecach.png\" alt=\"\u0436\u0438\u0440 \u043d\u0430 \u0441\u043f\u0438\u043d\u0435\" class=\"wp-image-54822\" srcset=\"https:\/\/wellclinic.pl\/wp-content\/uploads\/2026\/08\/tluszcz_na_plecach.png 900w, https:\/\/wellclinic.pl\/wp-content\/uploads\/2026\/08\/tluszcz_na_plecach-300x221.png 300w, https:\/\/wellclinic.pl\/wp-content\/uploads\/2026\/08\/tluszcz_na_plecach-768x567.png 768w, https:\/\/wellclinic.pl\/wp-content\/uploads\/2026\/08\/tluszcz_na_plecach-16x12.png 16w\" sizes=\"(max-width: 900px) 100vw, 900px\" \/><\/figure>\n\n\n\n<h2 class=\"wp-block-heading\">Czy mo\u017cna pozby\u0107 si\u0119 t\u0142uszczu tylko z plec\u00f3w?<\/h2>\n\n\n\n<p class=\"wp-block-paragraph\">To jedno z najcz\u0119stszych pyta\u0144 os\u00f3b, kt\u00f3re zauwa\u017caj\u0105 <strong>fa\u0142dy na plecach<\/strong>. Niestety nie mo\u017cna zdecydowa\u0107, z kt\u00f3rej cz\u0119\u015bci cia\u0142a organizm zacznie spala\u0107 tkank\u0119 t\u0142uszczow\u0105. Podczas redukcji masa cia\u0142a zmniejsza si\u0119 stopniowo, a tempo zmian w poszczeg\u00f3lnych obszarach jest kwesti\u0105 indywidualn\u0105.<\/p>\n\n\n\n<p class=\"wp-block-paragraph\">\u0106wiczenia ukierunkowane na mi\u0119\u015bnie plec\u00f3w mog\u0105 jednak poprawi\u0107 ich si\u0142\u0119, napi\u0119cie i wygl\u0105d. W po\u0142\u0105czeniu z <strong>\u0443\u043c\u0435\u043d\u044c\u0448\u0435\u043d\u0438\u0435 \u043a\u043e\u043b\u0438\u0447\u0435\u0441\u0442\u0432\u0430 \u0436\u0438\u0440\u0430 \u0432 \u043e\u0440\u0433\u0430\u043d\u0438\u0437\u043c\u0435 <\/strong>pozwalaj\u0105 stopniowo uzyska\u0107 bardziej proporcjonaln\u0105 sylwetk\u0119. Dlatego zamiast szuka\u0107 jednego \u0107wiczenia na fa\u0142dy na plecach, warto stworzy\u0107 plan obejmuj\u0105cy zar\u00f3wno aktywno\u015b\u0107 zwi\u0119kszaj\u0105c\u0105 wydatek energetyczny, jak i trening wzmacniaj\u0105cy.<\/p>\n\n\n\n<h2 class=\"wp-block-heading\">\u0106wiczenia na fa\u0142dy na plecach<\/h2>\n\n\n\n<p class=\"wp-block-paragraph\">Je\u017celi chcesz zmniejszy\u0107 widoczno\u015b\u0107<strong> fa\u0142d na plecach, <\/strong>regularna aktywno\u015b\u0107 fizyczna powinna sta\u0107 si\u0119 elementem codziennego stylu \u017cycia. Nie musi oznacza\u0107 wielogodzinnych trening\u00f3w na si\u0142owni. Znaczenie ma przede wszystkim systematyczno\u015b\u0107 i dopasowanie \u0107wicze\u0144 do w\u0142asnych mo\u017cliwo\u015bci.<\/p>\n\n\n\n<p class=\"wp-block-paragraph\">W treningu warto uwzgl\u0119dni\u0107 \u0107wiczenia anga\u017cuj\u0105ce mi\u0119\u015bnie grzbietu, bark\u00f3w i ramion. Dobrym wyborem mo\u017ce by\u0107 mi\u0119dzy innymi wios\u0142owanie z hantlami lub gumami oporowymi, przyci\u0105ganie gumy do klatki piersiowej, podci\u0105ganie lub jego \u0142atwiejsze warianty oraz pompki. Pomocne s\u0105 r\u00f3wnie\u017c \u0107wiczenia wzmacniaj\u0105ce mi\u0119\u015bnie g\u0142\u0119bokie i stabilizuj\u0105ce sylwetk\u0119.<\/p>\n\n\n\n<p class=\"wp-block-paragraph\">Nie nale\u017cy zapomina\u0107 o <strong>aktywno\u015bci cardio<\/strong>. Szybki marsz, jazda na rowerze, p\u0142ywanie czy jogging zwi\u0119kszaj\u0105 wydatek energetyczny i mog\u0105 by\u0107 elementem planu redukcji masy cia\u0142a. Osoby pocz\u0105tkuj\u0105ce mog\u0105 rozpocz\u0105\u0107 nawet od kr\u00f3tkich, regularnych sesji i stopniowo zwi\u0119ksza\u0107 ich d\u0142ugo\u015b\u0107 oraz intensywno\u015b\u0107.<\/p>\n\n\n\n<p class=\"wp-block-paragraph\">Dobrym uzupe\u0142nieniem treningu mo\u017ce by\u0107 r\u00f3wnie\u017c <a href=\"https:\/\/wellclinic.pl\/ru\/%d1%8d%d0%bd%d1%86%d0%b8%d0%ba%d0%bb%d0%be%d0%bf%d0%b5%d0%b4%d0%b8%d1%8f\/%d0%bf%d0%b5%d1%80%d1%81%d0%be%d0%bd%d0%b0%d0%bb%d1%8c%d0%bd%d1%8b%d0%b9-%d1%82%d1%80%d0%b5%d0%bd%d0%b8%d0%bd%d0%b3\/\"><strong>\u043f\u0435\u0440\u0441\u043e\u043d\u0430\u043b\u044c\u043d\u044b\u0439 \u0442\u0440\u0435\u043d\u0438\u043d\u0433<\/strong><\/a>. Wsp\u00f3\u0142praca ze specjalist\u0105 pozwala dopasowa\u0107 \u0107wiczenia do poziomu sprawno\u015bci, mo\u017cliwo\u015bci oraz celu treningowego.<\/p>\n\n\n\n<h2 class=\"wp-block-heading\">Fa\u0142dy pod pachami i w okolicy biustonosza<\/h2>\n\n\n\n<p class=\"wp-block-paragraph\"><strong>Fa\u0142dy<\/strong> widoczne pod pachami lub w okolicy biustonosza s\u0105 cz\u0119stym powodem niezadowolenia z wygl\u0105du sylwetki. Mog\u0105 by\u0107 szczeg\u00f3lnie zauwa\u017calne podczas noszenia dopasowanych ubra\u0144, top\u00f3w czy bluzek z odkrytymi plecami.<\/p>\n\n\n\n<p class=\"wp-block-paragraph\">Ich pojawienie si\u0119 nie zawsze oznacza znaczn\u0105 nadwag\u0119. <strong>Niewielkie fa\u0142dki <\/strong>mog\u0105 wyst\u0119powa\u0107 r\u00f3wnie\u017c u os\u00f3b o prawid\u0142owej masie cia\u0142a. Znaczenie ma mi\u0119dzy innymi indywidualny spos\u00f3b rozmieszczenia tkanki t\u0142uszczowej, budowa klatki piersiowej, napi\u0119cie sk\u00f3ry oraz proporcje sylwetki.<\/p>\n\n\n\n<p class=\"wp-block-paragraph\">Je\u017celi <strong>fa\u0142dy na plecach <\/strong>s\u0105 zwi\u0105zane z nadmiarem tkanki t\u0142uszczowej, podstaw\u0105 post\u0119powania pozostaje redukcja ca\u0142kowitej masy t\u0142uszczowej. \u0106wiczenia wzmacniaj\u0105ce plecy i ramiona mog\u0105 dodatkowo poprawi\u0107 wygl\u0105d tej cz\u0119\u015bci cia\u0142a.<\/p>\n\n\n\n<h2 class=\"wp-block-heading\">Dieta a fa\u0142dy na plecach<\/h2>\n\n\n\n<p class=\"wp-block-paragraph\">Sam trening nie zawsze wystarczy do zmniejszenia ilo\u015bci tkanki t\u0142uszczowej. Istotne znaczenie ma r\u00f3wnie\u017c spos\u00f3b od\u017cywiania. Aby organizm zacz\u0105\u0142 wykorzystywa\u0107 zgromadzone zapasy energii, potrzebny jest odpowiednio zaplanowany deficyt kaloryczny.<\/p>\n\n\n\n<p class=\"wp-block-paragraph\">Nie oznacza to konieczno\u015bci stosowania restrykcyjnych diet. Znacznie wa\u017cniejsze jest wprowadzenie zmian, kt\u00f3re mo\u017cna utrzyma\u0107 przez d\u0142u\u017cszy czas. W codziennym jad\u0142ospisie warto zadba\u0107 o odpowiedni\u0105 ilo\u015b\u0107 bia\u0142ka, warzyw, produkt\u00f3w pe\u0142noziarnistych i zdrowych \u017ar\u00f3de\u0142 t\u0142uszczu. Pomocne jest r\u00f3wnie\u017c ograniczenie wysoko przetworzonych produkt\u00f3w oraz nadmiaru s\u0142odzonych napoj\u00f3w i alkoholu.<\/p>\n\n\n\n<p class=\"wp-block-paragraph\">Je\u017celi potrzebujesz indywidualnego podej\u015bcia, pomocny mo\u017ce by\u0107 <a href=\"https:\/\/wellclinic.pl\/ru\/%d1%8d%d0%bd%d1%86%d0%b8%d0%ba%d0%bb%d0%be%d0%bf%d0%b5%d0%b4%d0%b8%d1%8f\/%d0%b8%d0%bd%d0%b4%d0%b8%d0%b2%d0%b8%d0%b4%d1%83%d0%b0%d0%bb%d1%8c%d0%bd%d1%8b%d0%b9-%d0%bf%d0%bb%d0%b0%d0%bd-%d0%bf%d0%b8%d1%82%d0%b0%d0%bd%d0%b8%d1%8f\/\"><strong>\u0438\u043d\u0434\u0438\u0432\u0438\u0434\u0443\u0430\u043b\u044c\u043d\u044b\u0439 \u043f\u043b\u0430\u043d \u043f\u0438\u0442\u0430\u043d\u0438\u044f<\/strong><\/a>, dopasowany do potrzeb organizmu i celu, jaki chcesz osi\u0105gn\u0105\u0107.<\/p>\n\n\n\n<h2 class=\"wp-block-heading\">Co zrobi\u0107, gdy fa\u0142dy na plecach pozostaj\u0105 mimo odchudzania?<\/h2>\n\n\n\n<p class=\"wp-block-paragraph\">U cz\u0119\u015bci os\u00f3b nawet po zmniejszeniu masy cia\u0142a pozostaj\u0105 niewielkie, <strong>miejscowe nagromadzenia tkanki t\u0142uszczowej<\/strong>. Mo\u017ce to dotyczy\u0107 r\u00f3wnie\u017c plec\u00f3w, bok\u00f3w czy okolicy pod pachami. Nie oznacza to, \u017ce redukcja nie przynios\u0142a efekt\u00f3w. Poszczeg\u00f3lne obszary cia\u0142a mog\u0105 po prostu reagowa\u0107 na odchudzanie w r\u00f3\u017cnym tempie.<\/p>\n\n\n\n<p class=\"wp-block-paragraph\">W takiej sytuacji mo\u017cna rozwa\u017cy\u0107 profesjonalne <a href=\"https:\/\/wellclinic.pl\/ru\/%d1%8d%d0%bd%d1%86%d0%b8%d0%ba%d0%bb%d0%be%d0%bf%d0%b5%d0%b4%d0%b8%d1%8f\/%d1%83%d0%bc%d0%b5%d0%bd%d1%8c%d1%88%d0%b5%d0%bd%d0%b8%d0%b5-%d0%ba%d0%be%d0%bb%d0%b8%d1%87%d0%b5%d1%81%d1%82%d0%b2%d0%b0-%d0%b6%d0%b8%d1%80%d0%b0\/\"><strong>metody redukcji tkanki t\u0142uszczowej<\/strong><\/a> i modelowania sylwetki. Ich dob\u00f3r powinien zawsze uwzgl\u0119dnia\u0107 indywidualn\u0105 budow\u0119 cia\u0142a, ilo\u015b\u0107 tkanki t\u0142uszczowej, kondycj\u0119 sk\u00f3ry oraz oczekiwania dotycz\u0105ce efektu.<\/p>\n\n\n\n<h2 class=\"wp-block-heading\">Liposukcja laserowa na fa\u0142dy na plecach<\/h2>\n\n\n\n<p class=\"wp-block-paragraph\">Jedn\u0105 z metod stosowanych w przypadku miejscowo nagromadzonej tkanki t\u0142uszczowej jest <a href=\"https:\/\/wellclinic.pl\/ru\/%d0%bf%d0%bb%d0%be%d1%82%d0%bd%d0%be%d0%b5-%d1%81%d0%ba%d1%83%d0%bb%d1%8c%d0%bf%d1%82%d1%83%d1%80%d0%b8%d1%80%d0%be%d0%b2%d0%b0%d0%bd%d0%b8%d0%b5%d1%82%d0%bc\/\"><strong>\u043b\u0430\u0437\u0435\u0440\u043d\u0430\u044f \u043b\u0438\u043f\u043e\u0441\u0430\u043a\u0446\u0438\u044f<\/strong><\/a>. Technologia wykorzystuje dzia\u0142anie lasera, kt\u00f3ry oddzia\u0142uje na tkank\u0119 t\u0142uszczow\u0105 oraz sk\u00f3r\u0119. W zale\u017cno\u015bci od obszaru i indywidualnych wskaza\u0144 zabieg mo\u017ce by\u0107 elementem post\u0119powania ukierunkowanego na modelowanie sylwetki.<\/p>\n\n\n\n<p class=\"wp-block-paragraph\">W przypadku fa\u0142d na plecach istotna mo\u017ce by\u0107 nie tylko ilo\u015b\u0107 tkanki t\u0142uszczowej, ale r\u00f3wnie\u017c wygl\u0105d sk\u00f3ry. Je\u017celi sk\u00f3ra jest mniej j\u0119drna lub wiotka, specjalista podczas konsultacji powinien uwzgl\u0119dni\u0107 ten aspekt przy wyborze odpowiedniej procedury.<\/p>\n\n\n\n<p class=\"wp-block-paragraph\">W Wellclinic wykorzystywana jest technologia Tight Sculpting, kt\u00f3ra \u0142\u0105czy dzia\u0142anie dw\u00f3ch rodzaj\u00f3w lasera. Pierwszy etap koncentruje si\u0119 na oddzia\u0142ywaniu na tkank\u0119 t\u0142uszczow\u0105, natomiast drugi ma na celu popraw\u0119 napi\u0119cia i wygl\u0105du sk\u00f3ry.<\/p>\n\n\n\n<p class=\"wp-block-paragraph\">Warto podkre\u015bli\u0107, \u017ce zabieg nie jest zamiennikiem zdrowej diety ani aktywno\u015bci fizycznej. Profesjonalne metody modelowania sylwetki mog\u0105 by\u0107 natomiast rozwa\u017cane jako uzupe\u0142nienie dzia\u0142a\u0144 zwi\u0105zanych z redukcj\u0105 miejscowych nagromadze\u0144 tkanki t\u0142uszczowej.<\/p>\n\n\n\n<div class=\"wp-block-buttons is-content-justification-center is-layout-flex wp-container-core-buttons-is-layout-3e41869c wp-block-buttons-is-layout-flex\">\n<div class=\"wp-block-button well-btn\"><a class=\"wp-block-button__link has-text-align-center wp-element-button\" href=\"\/ru\/%d0%bf%d0%bb%d0%be%d1%82%d0%bd%d0%be%d0%b5-%d1%81%d0%ba%d1%83%d0%bb%d1%8c%d0%bf%d1%82%d1%83%d1%80%d0%b8%d1%80%d0%be%d0%b2%d0%b0%d0%bd%d0%b8%d0%b5%d1%82%d0%bc\/\">\u0423\u0437\u043d\u0430\u0442\u044c \u0431\u043e\u043b\u044c\u0448\u0435<\/a><\/div>\n<\/div>\n\n\n\n<h2 class=\"wp-block-heading\">Modelowanie sylwetki i wzmacnianie mi\u0119\u015bni plec\u00f3w<\/h2>\n\n\n\n<p class=\"wp-block-paragraph\">Nie zawsze problemem jest wy\u0142\u0105cznie nadmiar tkanki t\u0142uszczowej. U niekt\u00f3rych os\u00f3b znaczenie ma r\u00f3wnie\u017c niewielka masa mi\u0119\u015bniowa i brak wyra\u017anego zarysowania plec\u00f3w. W takim przypadku warto po\u0142\u0105czy\u0107 redukcj\u0119 tkanki t\u0142uszczowej z treningiem ukierunkowanym na rozw\u00f3j mi\u0119\u015bni.<\/p>\n\n\n\n<p class=\"wp-block-paragraph\">Jedn\u0105 z mo\u017cliwo\u015bci jest <a href=\"https:\/\/wellclinic.pl\/ru\/%d1%8d%d0%bd%d1%86%d0%b8%d0%ba%d0%bb%d0%be%d0%bf%d0%b5%d0%b4%d0%b8%d1%8f\/body-sculpt-hi-emt\/\"><strong>\u0421\u043a\u0443\u043b\u044c\u043f\u0442\u0443\u0440\u0430 \u0442\u0435\u043b\u0430<\/strong><\/a>, czyli rozwi\u0105zanie wykorzystywane w ramach modelowania sylwetki i pracy nad mi\u0119\u015bniami. Zabiegi tego rodzaju mog\u0105 stanowi\u0107 uzupe\u0142nienie aktywno\u015bci fizycznej, jednak ich zastosowanie powinno by\u0107 ka\u017cdorazowo ocenione indywidualnie.<\/p>\n\n\n\n<p class=\"wp-block-paragraph\">W przypadku os\u00f3b, kt\u00f3re chc\u0105 przede wszystkim zmniejszy\u0107 miejscowe nagromadzenie t\u0142uszczu, priorytetem b\u0119dzie inny spos\u00f3b post\u0119powania ni\u017c u osoby, kt\u00f3rej g\u0142\u00f3wnym celem jest poprawa napi\u0119cia mi\u0119\u015bni i wygl\u0105du sylwetki. Dlatego przed wyborem konkretnego rozwi\u0105zania warto skonsultowa\u0107 swoje oczekiwania ze specjalist\u0105.<\/p>\n\n\n\n<h2 class=\"wp-block-heading\">Jak skutecznie zmniejszy\u0107 fa\u0142dy na plecach?<\/h2>\n\n\n\n<p class=\"wp-block-paragraph\">Nie ma jednego \u0107wiczenia ani jednej diety, kt\u00f3ra pozwoli szybko usun\u0105<strong>\u0107 fa\u0142dy na plecach.<\/strong> Najlepszym podej\u015bciem jest po\u0142\u0105czenie kilku element\u00f3w: racjonalnego sposobu od\u017cywiania, regularnej aktywno\u015bci fizycznej, treningu wzmacniaj\u0105cego oraz odpowiedniej ilo\u015bci codziennego ruchu.<\/p>\n\n\n\n<p class=\"wp-block-paragraph\">Warto r\u00f3wnie\u017c uzbroi\u0107 si\u0119 w cierpliwo\u015b\u0107. Redukcja tkanki t\u0142uszczowej jest procesem, a tempo zmian zale\u017cy od wielu czynnik\u00f3w. Zdrowe podej\u015bcie zak\u0142ada stopniowe zmniejszanie masy cia\u0142a zamiast kr\u00f3tkotrwa\u0142ych, bardzo restrykcyjnych diet.<\/p>\n\n\n\n<p class=\"wp-block-paragraph\">Je\u017celi mimo prawid\u0142owego stylu \u017cycia pozostaj\u0105 <strong>miejscowe fa\u0142dy,<\/strong> mo\u017cna podczas konsultacji om\u00f3wi\u0107 mo\u017cliwo\u015bci zabiegowego modelowania sylwetki. Specjalista oceni rozmieszczenie tkanki t\u0142uszczowej, stan sk\u00f3ry oraz proporcje cia\u0142a i na tej podstawie zaproponuje mo\u017cliwe rozwi\u0105zania.<\/p>\n\n\n\n<div class=\"wp-block-buttons is-content-justification-center is-layout-flex wp-container-core-buttons-is-layout-3e41869c wp-block-buttons-is-layout-flex\">\n<div class=\"wp-block-button well-btn\"><a class=\"wp-block-button__link has-text-align-center wp-element-button\" href=\"\/ru\/%d0%bf%d0%bb%d0%be%d1%82%d0%bd%d0%be%d0%b5-%d1%81%d0%ba%d1%83%d0%bb%d1%8c%d0%bf%d1%82%d1%83%d1%80%d0%b8%d1%80%d0%be%d0%b2%d0%b0%d0%bd%d0%b8%d0%b5%d1%82%d0%bc\/\">\u0423\u0437\u043d\u0430\u0442\u044c \u0431\u043e\u043b\u044c\u0448\u0435<\/a><\/div>\n<\/div>\n\n\n\n<h2 class=\"wp-block-heading\">Nie pozw\u00f3l, \u017ceby fa\u0142dy na plecach decydowa\u0142y o wygl\u0105dzie sylwetki<\/h2>\n\n\n\n<p class=\"wp-block-paragraph\"><strong>Fa\u0142dy na plecach potrafi\u0105 skutecznie zepsu\u0107 efekt, na kt\u00f3ry pracujesz miesi\u0105cami.<\/strong> Nawet przy prawid\u0142owej masie cia\u0142a, zdrowej diecie i regularnej aktywno\u015bci fizycznej miejscowo nagromadzona tkanka t\u0142uszczowa mo\u017ce nadal zaburza\u0107 proporcje sylwetki. W takiej sytuacji dalsze odchudzanie nie zawsze jest rozwi\u0105zaniem.<\/p>\n\n\n\n<p class=\"wp-block-paragraph\">Podstaw\u0105 redukcji tkanki t\u0142uszczowej pozostaj\u0105 <strong>odpowiednio dopasowane od\u017cywianie, aktywno\u015b\u0107 cardio i \u0107wiczenia wzmacniaj\u0105ce mi\u0119\u015bnie plec\u00f3w<\/strong>. Trzeba jednak pami\u0119ta\u0107, \u017ce \u0107wiczenia nie pozwalaj\u0105 spala\u0107 t\u0142uszczu wy\u0142\u0105cznie z wybranego obszaru. Je\u015bli mimo redukcji masy cia\u0142a fa\u0142dy nadal pozostaj\u0105 widoczne, warto sprawdzi\u0107, jakie mo\u017cliwo\u015bci daje profesjonalne modelowanie sylwetki, w tym <strong>\u043b\u0430\u0437\u0435\u0440\u043d\u0430\u044f \u043b\u0438\u043f\u043e\u0441\u0430\u043a\u0446\u0438\u044f<\/strong>.<\/p>\n\n\n\n<p class=\"wp-block-paragraph\">Najwa\u017cniejsze jest prawid\u0142owe rozpoznanie problemu. Specjalista oceni ilo\u015b\u0107 i rozmieszczenie tkanki t\u0142uszczowej, kondycj\u0119 sk\u00f3ry oraz oczekiwany efekt, a nast\u0119pnie dobierze odpowiedni\u0105 metod\u0119 post\u0119powania.<\/p>\n\n\n\n<p class=\"wp-block-paragraph\"><strong>Nie musisz bez ko\u0144ca pr\u00f3bowa\u0107 zmienia\u0107 ca\u0142ej sylwetki, je\u015bli problem dotyczy jednego konkretnego obszaru.<\/strong> <strong><a href=\"https:\/\/wellclinic.pl\/ru\/%d1%81%d0%b2%d1%8f%d0%b7%d0%b0%d1%82%d1%8c%d1%81%d1%8f-%d1%81\/\">Um\u00f3w konsultacj\u0119 w Wellclinic<\/a><\/strong> i sprawd\u017a, jakie rozwi\u0105zanie mo\u017ce by\u0107 odpowiednie w Twoim przypadku. Zabiegi wykonujemy w klinikach Wellclinic w <strong>\u0412\u0430\u0440\u0448\u0430\u0432\u0430, \u0413\u0434\u0430\u043d\u044c\u0441\u043a \u0438 \u041a\u0440\u0430\u043a\u043e\u0432<\/strong>.<\/p>\n\n\n\n<p class=\"wp-block-paragraph\"><\/p>","protected":false},"excerpt":{"rendered":"<p>S\u0105 takie momenty, kiedy plecy zaczynaj\u0105 zdradza\u0107 wi\u0119cej, ni\u017c chcieliby\u015bmy pokaza\u0107. Wystarczy dopasowana koszula, T-shirt, sukienka, str\u00f3j sportowy czy k\u0105pielowy, aby fa\u0142dy w okolicy \u0142opatek, pod pachami lub wzd\u0142u\u017c linii biustonosza sta\u0142y si\u0119 wyra\u017anie widoczne. Materia\u0142 uk\u0142ada si\u0119 inaczej, sylwetka traci g\u0142adk\u0105 lini\u0119, a to, co wcze\u015bniej mo\u017cna by\u0142o \u0142atwo ukry\u0107, zaczyna zwraca\u0107 uwag\u0119. Fa\u0142dy [&hellip;]<\/p>\n","protected":false},"author":26,"featured_media":11491,"comment_status":"closed","ping_status":"closed","sticky":false,"template":"","format":"standard","meta":{"_acf_changed":false,"footnotes":""},"categories":[1,36,38,101,71],"tags":[32,111,131],"class_list":["post-11489","post","type-post","status-publish","format-standard","has-post-thumbnail","hentry","category-bez-kategorii","category-zabieg-dla-kobiet","category-zabieg-dla-mezczyzn","category-zabieg-laserowy","category-zabieg-na-cialo","tag-laser-fotona","tag-lipoliza-laserowa","tag-odchudzanie"],"acf":[],"yoast_head":"<!-- This site is optimized with the Yoast SEO plugin v28.4 - https:\/\/yoast.com\/product\/yoast-seo-wordpress\/ -->\n<title>Fa\u0142dy na plecach \u2013 jak si\u0119 ich pozby\u0107? \u0106wiczenia i metody<\/title>\n<meta name=\"description\" content=\"Fa\u0142dy na plecach mog\u0105 by\u0107 efektem nadmiaru tkanki t\u0142uszczowej i wiotko\u015bci sk\u00f3ry. Sprawd\u017a, jakie \u0107wiczenia i metody pomagaj\u0105 je zmniejszy\u0107.\" \/>\n<meta name=\"robots\" content=\"index, follow, max-snippet:-1, max-image-preview:large, max-video-preview:-1\" \/>\n<link rel=\"canonical\" href=\"https:\/\/wellclinic.pl\/ru\/\u0436\u0438\u0440-\u043d\u0430-\u0441\u043f\u0438\u043d\u0435-\u043a\u0430\u043a-\u043e\u0442-\u043d\u0435\u0433\u043e-\u0438\u0437\u0431\u0430\u0432\u0438\u0442\u044c\u0441\u044f\/\" \/>\n<meta property=\"og:locale\" content=\"ru_RU\" \/>\n<meta property=\"og:type\" content=\"article\" \/>\n<meta property=\"og:title\" content=\"Fa\u0142dy na plecach \u2013 jak si\u0119 ich pozby\u0107? \u0106wiczenia i metody\" \/>\n<meta property=\"og:description\" content=\"Fa\u0142dy na plecach mog\u0105 by\u0107 efektem nadmiaru tkanki t\u0142uszczowej i wiotko\u015bci sk\u00f3ry. Sprawd\u017a, jakie \u0107wiczenia i metody pomagaj\u0105 je zmniejszy\u0107.\" \/>\n<meta property=\"og:url\" content=\"https:\/\/wellclinic.pl\/ru\/\u0436\u0438\u0440-\u043d\u0430-\u0441\u043f\u0438\u043d\u0435-\u043a\u0430\u043a-\u043e\u0442-\u043d\u0435\u0433\u043e-\u0438\u0437\u0431\u0430\u0432\u0438\u0442\u044c\u0441\u044f\/\" \/>\n<meta property=\"og:site_name\" content=\"Wellclinic\" \/>\n<meta property=\"article:published_time\" content=\"2026-08-03T07:05:00+00:00\" \/>\n<meta property=\"article:modified_time\" content=\"2026-09-02T13:43:28+00:00\" \/>\n<meta property=\"og:image\" content=\"https:\/\/wellclinic.pl\/wp-content\/uploads\/2022\/06\/tluszcznaplecach.png\" \/>\n\t<meta property=\"og:image:width\" content=\"940\" \/>\n\t<meta property=\"og:image:height\" content=\"788\" \/>\n\t<meta property=\"og:image:type\" content=\"image\/png\" \/>\n<meta name=\"author\" content=\"Katarzyna Paw\u0142owska\" \/>\n<meta name=\"twitter:card\" content=\"summary_large_image\" \/>\n<meta name=\"twitter:label1\" content=\"\u041d\u0430\u043f\u0438\u0441\u0430\u043d\u043e \u0430\u0432\u0442\u043e\u0440\u043e\u043c\" \/>\n\t<meta name=\"twitter:data1\" content=\"Katarzyna Paw\u0142owska\" \/>\n\t<meta name=\"twitter:label2\" content=\"\u041f\u0440\u0438\u043c\u0435\u0440\u043d\u043e\u0435 \u0432\u0440\u0435\u043c\u044f \u0434\u043b\u044f \u0447\u0442\u0435\u043d\u0438\u044f\" \/>\n\t<meta name=\"twitter:data2\" content=\"9 \u043c\u0438\u043d\u0443\u0442\" \/>\n<script type=\"application\/ld+json\" class=\"yoast-schema-graph\">{\"@context\":\"https:\\\/\\\/schema.org\",\"@graph\":[{\"@type\":\"Article\",\"@id\":\"https:\\\/\\\/wellclinic.pl\\\/tluszcz-na-plecach-jak-zlikwidowac\\\/#article\",\"isPartOf\":{\"@id\":\"https:\\\/\\\/wellclinic.pl\\\/tluszcz-na-plecach-jak-zlikwidowac\\\/\"},\"author\":{\"name\":\"Katarzyna Paw\u0142owska\",\"@id\":\"https:\\\/\\\/wellclinic.pl\\\/#\\\/schema\\\/person\\\/d6ba279cafc77bac21a8cf59a8aa67d6\"},\"headline\":\"Fa\u0142dy na plecach \u2013 jak si\u0119 ich pozby\u0107? Skuteczne \u0107wiczenia i metody\",\"datePublished\":\"2026-08-03T07:05:00+00:00\",\"dateModified\":\"2026-09-02T13:43:28+00:00\",\"mainEntityOfPage\":{\"@id\":\"https:\\\/\\\/wellclinic.pl\\\/tluszcz-na-plecach-jak-zlikwidowac\\\/\"},\"wordCount\":1784,\"image\":{\"@id\":\"https:\\\/\\\/wellclinic.pl\\\/tluszcz-na-plecach-jak-zlikwidowac\\\/#primaryimage\"},\"thumbnailUrl\":\"https:\\\/\\\/wellclinic.pl\\\/wp-content\\\/uploads\\\/2022\\\/06\\\/tluszcznaplecach.png\",\"keywords\":[\"Laser Fotona\",\"lipoliza laserowa\",\"odchudzanie\"],\"articleSection\":[\"Bez kategorii\",\"Zabieg dla kobiet\",\"Zabieg dla m\u0119\u017cczyzn\",\"Zabieg laserowy\",\"Zabieg na cia\u0142o\"],\"inLanguage\":\"ru-RU\"},{\"@type\":\"WebPage\",\"@id\":\"https:\\\/\\\/wellclinic.pl\\\/tluszcz-na-plecach-jak-zlikwidowac\\\/\",\"url\":\"https:\\\/\\\/wellclinic.pl\\\/tluszcz-na-plecach-jak-zlikwidowac\\\/\",\"name\":\"Fa\u0142dy na plecach \u2013 jak si\u0119 ich pozby\u0107? \u0106wiczenia i metody\",\"isPartOf\":{\"@id\":\"https:\\\/\\\/wellclinic.pl\\\/#website\"},\"primaryImageOfPage\":{\"@id\":\"https:\\\/\\\/wellclinic.pl\\\/tluszcz-na-plecach-jak-zlikwidowac\\\/#primaryimage\"},\"image\":{\"@id\":\"https:\\\/\\\/wellclinic.pl\\\/tluszcz-na-plecach-jak-zlikwidowac\\\/#primaryimage\"},\"thumbnailUrl\":\"https:\\\/\\\/wellclinic.pl\\\/wp-content\\\/uploads\\\/2022\\\/06\\\/tluszcznaplecach.png\",\"datePublished\":\"2026-08-03T07:05:00+00:00\",\"dateModified\":\"2026-09-02T13:43:28+00:00\",\"author\":{\"@id\":\"https:\\\/\\\/wellclinic.pl\\\/#\\\/schema\\\/person\\\/d6ba279cafc77bac21a8cf59a8aa67d6\"},\"description\":\"Fa\u0142dy na plecach mog\u0105 by\u0107 efektem nadmiaru tkanki t\u0142uszczowej i wiotko\u015bci sk\u00f3ry. Sprawd\u017a, jakie \u0107wiczenia i metody pomagaj\u0105 je zmniejszy\u0107.\",\"breadcrumb\":{\"@id\":\"https:\\\/\\\/wellclinic.pl\\\/tluszcz-na-plecach-jak-zlikwidowac\\\/#breadcrumb\"},\"inLanguage\":\"ru-RU\",\"potentialAction\":[{\"@type\":\"ReadAction\",\"target\":[\"https:\\\/\\\/wellclinic.pl\\\/tluszcz-na-plecach-jak-zlikwidowac\\\/\"]}]},{\"@type\":\"ImageObject\",\"inLanguage\":\"ru-RU\",\"@id\":\"https:\\\/\\\/wellclinic.pl\\\/tluszcz-na-plecach-jak-zlikwidowac\\\/#primaryimage\",\"url\":\"https:\\\/\\\/wellclinic.pl\\\/wp-content\\\/uploads\\\/2022\\\/06\\\/tluszcznaplecach.png\",\"contentUrl\":\"https:\\\/\\\/wellclinic.pl\\\/wp-content\\\/uploads\\\/2022\\\/06\\\/tluszcznaplecach.png\",\"width\":940,\"height\":788,\"caption\":\"Przyczyny t\u0142uszczu na plecach\"},{\"@type\":\"BreadcrumbList\",\"@id\":\"https:\\\/\\\/wellclinic.pl\\\/tluszcz-na-plecach-jak-zlikwidowac\\\/#breadcrumb\",\"itemListElement\":[{\"@type\":\"ListItem\",\"position\":1,\"name\":\"Strona g\u0142\u00f3wna\",\"item\":\"https:\\\/\\\/wellclinic.pl\\\/\"},{\"@type\":\"ListItem\",\"position\":2,\"name\":\"Fa\u0142dy na plecach \u2013 jak si\u0119 ich pozby\u0107? Skuteczne \u0107wiczenia i metody\"}]},{\"@type\":\"WebSite\",\"@id\":\"https:\\\/\\\/wellclinic.pl\\\/#website\",\"url\":\"https:\\\/\\\/wellclinic.pl\\\/\",\"name\":\"Wellclinic Klinika Medycyny Estetycznej - Warszawa | Gda\u0144sk | Krak\u00f3w\",\"description\":\"Klinika Medycyny Estetycznej - Warszawa i Gda\u0144sk\",\"potentialAction\":[{\"@type\":\"SearchAction\",\"target\":{\"@type\":\"EntryPoint\",\"urlTemplate\":\"https:\\\/\\\/wellclinic.pl\\\/?s={search_term_string}\"},\"query-input\":{\"@type\":\"PropertyValueSpecification\",\"valueRequired\":true,\"valueName\":\"search_term_string\"}}],\"inLanguage\":\"ru-RU\"},{\"@type\":\"Person\",\"@id\":\"https:\\\/\\\/wellclinic.pl\\\/#\\\/schema\\\/person\\\/d6ba279cafc77bac21a8cf59a8aa67d6\",\"name\":\"Katarzyna Paw\u0142owska\",\"url\":\"https:\\\/\\\/wellclinic.pl\\\/ru\\\/author\\\/kasia\\\/\"}]}<\/script>\n<!-- \/ Yoast SEO plugin. -->","yoast_head_json":{"title":"Fa\u0142dy na plecach \u2013 jak si\u0119 ich pozby\u0107? \u0106wiczenia i metody","description":"Fa\u0142dy na plecach mog\u0105 by\u0107 efektem nadmiaru tkanki t\u0142uszczowej i wiotko\u015bci sk\u00f3ry. Sprawd\u017a, jakie \u0107wiczenia i metody pomagaj\u0105 je zmniejszy\u0107.","robots":{"index":"index","follow":"follow","max-snippet":"max-snippet:-1","max-image-preview":"max-image-preview:large","max-video-preview":"max-video-preview:-1"},"canonical":"https:\/\/wellclinic.pl\/ru\/\u0436\u0438\u0440-\u043d\u0430-\u0441\u043f\u0438\u043d\u0435-\u043a\u0430\u043a-\u043e\u0442-\u043d\u0435\u0433\u043e-\u0438\u0437\u0431\u0430\u0432\u0438\u0442\u044c\u0441\u044f\/","og_locale":"ru_RU","og_type":"article","og_title":"Fa\u0142dy na plecach \u2013 jak si\u0119 ich pozby\u0107? \u0106wiczenia i metody","og_description":"Fa\u0142dy na plecach mog\u0105 by\u0107 efektem nadmiaru tkanki t\u0142uszczowej i wiotko\u015bci sk\u00f3ry. Sprawd\u017a, jakie \u0107wiczenia i metody pomagaj\u0105 je zmniejszy\u0107.","og_url":"https:\/\/wellclinic.pl\/ru\/\u0436\u0438\u0440-\u043d\u0430-\u0441\u043f\u0438\u043d\u0435-\u043a\u0430\u043a-\u043e\u0442-\u043d\u0435\u0433\u043e-\u0438\u0437\u0431\u0430\u0432\u0438\u0442\u044c\u0441\u044f\/","og_site_name":"Wellclinic","article_published_time":"2026-08-03T07:05:00+00:00","article_modified_time":"2026-09-02T13:43:28+00:00","og_image":[{"width":940,"height":788,"url":"https:\/\/wellclinic.pl\/wp-content\/uploads\/2022\/06\/tluszcznaplecach.png","type":"image\/png"}],"author":"Katarzyna Paw\u0142owska","twitter_card":"summary_large_image","twitter_misc":{"\u041d\u0430\u043f\u0438\u0441\u0430\u043d\u043e \u0430\u0432\u0442\u043e\u0440\u043e\u043c":"Katarzyna Paw\u0142owska","\u041f\u0440\u0438\u043c\u0435\u0440\u043d\u043e\u0435 \u0432\u0440\u0435\u043c\u044f \u0434\u043b\u044f \u0447\u0442\u0435\u043d\u0438\u044f":"9 \u043c\u0438\u043d\u0443\u0442"},"schema":{"@context":"https:\/\/schema.org","@graph":[{"@type":"Article","@id":"https:\/\/wellclinic.pl\/tluszcz-na-plecach-jak-zlikwidowac\/#article","isPartOf":{"@id":"https:\/\/wellclinic.pl\/tluszcz-na-plecach-jak-zlikwidowac\/"},"author":{"name":"Katarzyna Paw\u0142owska","@id":"https:\/\/wellclinic.pl\/#\/schema\/person\/d6ba279cafc77bac21a8cf59a8aa67d6"},"headline":"Fa\u0142dy na plecach \u2013 jak si\u0119 ich pozby\u0107? Skuteczne \u0107wiczenia i metody","datePublished":"2026-08-03T07:05:00+00:00","dateModified":"2026-09-02T13:43:28+00:00","mainEntityOfPage":{"@id":"https:\/\/wellclinic.pl\/tluszcz-na-plecach-jak-zlikwidowac\/"},"wordCount":1784,"image":{"@id":"https:\/\/wellclinic.pl\/tluszcz-na-plecach-jak-zlikwidowac\/#primaryimage"},"thumbnailUrl":"https:\/\/wellclinic.pl\/wp-content\/uploads\/2022\/06\/tluszcznaplecach.png","keywords":["Laser Fotona","lipoliza laserowa","odchudzanie"],"articleSection":["Bez kategorii","Zabieg dla kobiet","Zabieg dla m\u0119\u017cczyzn","Zabieg laserowy","Zabieg na cia\u0142o"],"inLanguage":"ru-RU"},{"@type":"WebPage","@id":"https:\/\/wellclinic.pl\/tluszcz-na-plecach-jak-zlikwidowac\/","url":"https:\/\/wellclinic.pl\/tluszcz-na-plecach-jak-zlikwidowac\/","name":"Fa\u0142dy na plecach \u2013 jak si\u0119 ich pozby\u0107? \u0106wiczenia i metody","isPartOf":{"@id":"https:\/\/wellclinic.pl\/#website"},"primaryImageOfPage":{"@id":"https:\/\/wellclinic.pl\/tluszcz-na-plecach-jak-zlikwidowac\/#primaryimage"},"image":{"@id":"https:\/\/wellclinic.pl\/tluszcz-na-plecach-jak-zlikwidowac\/#primaryimage"},"thumbnailUrl":"https:\/\/wellclinic.pl\/wp-content\/uploads\/2022\/06\/tluszcznaplecach.png","datePublished":"2026-08-03T07:05:00+00:00","dateModified":"2026-09-02T13:43:28+00:00","author":{"@id":"https:\/\/wellclinic.pl\/#\/schema\/person\/d6ba279cafc77bac21a8cf59a8aa67d6"},"description":"Fa\u0142dy na plecach mog\u0105 by\u0107 efektem nadmiaru tkanki t\u0142uszczowej i wiotko\u015bci sk\u00f3ry. Sprawd\u017a, jakie \u0107wiczenia i metody pomagaj\u0105 je zmniejszy\u0107.","breadcrumb":{"@id":"https:\/\/wellclinic.pl\/tluszcz-na-plecach-jak-zlikwidowac\/#breadcrumb"},"inLanguage":"ru-RU","potentialAction":[{"@type":"ReadAction","target":["https:\/\/wellclinic.pl\/tluszcz-na-plecach-jak-zlikwidowac\/"]}]},{"@type":"ImageObject","inLanguage":"ru-RU","@id":"https:\/\/wellclinic.pl\/tluszcz-na-plecach-jak-zlikwidowac\/#primaryimage","url":"https:\/\/wellclinic.pl\/wp-content\/uploads\/2022\/06\/tluszcznaplecach.png","contentUrl":"https:\/\/wellclinic.pl\/wp-content\/uploads\/2022\/06\/tluszcznaplecach.png","width":940,"height":788,"caption":"Przyczyny t\u0142uszczu na plecach"},{"@type":"BreadcrumbList","@id":"https:\/\/wellclinic.pl\/tluszcz-na-plecach-jak-zlikwidowac\/#breadcrumb","itemListElement":[{"@type":"ListItem","position":1,"name":"Strona g\u0142\u00f3wna","item":"https:\/\/wellclinic.pl\/"},{"@type":"ListItem","position":2,"name":"Fa\u0142dy na plecach \u2013 jak si\u0119 ich pozby\u0107? Skuteczne \u0107wiczenia i metody"}]},{"@type":"WebSite","@id":"https:\/\/wellclinic.pl\/#website","url":"https:\/\/wellclinic.pl\/","name":"\u041a\u043b\u0438\u043d\u0438\u043a\u0430 \u044d\u0441\u0442\u0435\u0442\u0438\u0447\u0435\u0441\u043a\u043e\u0439 \u043c\u0435\u0434\u0438\u0446\u0438\u043d\u044b Wellclinic - \u0412\u0430\u0440\u0448\u0430\u0432\u0430 | \u0413\u0434\u0430\u043d\u044c\u0441\u043a | \u041a\u0440\u0430\u043a\u043e\u0432","description":"\u041a\u043b\u0438\u043d\u0438\u043a\u0430 \u044d\u0441\u0442\u0435\u0442\u0438\u0447\u0435\u0441\u043a\u043e\u0439 \u043c\u0435\u0434\u0438\u0446\u0438\u043d\u044b - \u0412\u0430\u0440\u0448\u0430\u0432\u0430 \u0438 \u0413\u0434\u0430\u043d\u044c\u0441\u043a","potentialAction":[{"@type":"SearchAction","target":{"@type":"EntryPoint","urlTemplate":"https:\/\/wellclinic.pl\/?s={search_term_string}"},"query-input":{"@type":"PropertyValueSpecification","valueRequired":true,"valueName":"search_term_string"}}],"inLanguage":"ru-RU"},{"@type":"Person","@id":"https:\/\/wellclinic.pl\/#\/schema\/person\/d6ba279cafc77bac21a8cf59a8aa67d6","name":"\u041a\u0430\u0442\u0430\u0436\u0438\u043d\u0430 \u041f\u0430\u0432\u043b\u043e\u0432\u0441\u043a\u0430","url":"https:\/\/wellclinic.pl\/ru\/author\/kasia\/"}]}},"_links":{"self":[{"href":"https:\/\/wellclinic.pl\/ru\/wp-json\/wp\/v2\/posts\/11489","targetHints":{"allow":["GET"]}}],"collection":[{"href":"https:\/\/wellclinic.pl\/ru\/wp-json\/wp\/v2\/posts"}],"about":[{"href":"https:\/\/wellclinic.pl\/ru\/wp-json\/wp\/v2\/types\/post"}],"author":[{"embeddable":true,"href":"https:\/\/wellclinic.pl\/ru\/wp-json\/wp\/v2\/users\/26"}],"replies":[{"embeddable":true,"href":"https:\/\/wellclinic.pl\/ru\/wp-json\/wp\/v2\/comments?post=11489"}],"version-history":[{"count":11,"href":"https:\/\/wellclinic.pl\/ru\/wp-json\/wp\/v2\/posts\/11489\/revisions"}],"predecessor-version":[{"id":55226,"href":"https:\/\/wellclinic.pl\/ru\/wp-json\/wp\/v2\/posts\/11489\/revisions\/55226"}],"wp:featuredmedia":[{"embeddable":true,"href":"https:\/\/wellclinic.pl\/ru\/wp-json\/wp\/v2\/media\/11491"}],"wp:attachment":[{"href":"https:\/\/wellclinic.pl\/ru\/wp-json\/wp\/v2\/media?parent=11489"}],"wp:term":[{"taxonomy":"category","embeddable":true,"href":"https:\/\/wellclinic.pl\/ru\/wp-json\/wp\/v2\/categories?post=11489"},{"taxonomy":"post_tag","embeddable":true,"href":"https:\/\/wellclinic.pl\/ru\/wp-json\/wp\/v2\/tags?post=11489"}],"curies":[{"name":"wp","href":"https:\/\/api.w.org\/{rel}","templated":true}]}}