{"id":46360,"date":"2026-08-27T14:34:00","date_gmt":"2026-08-27T12:34:00","guid":{"rendered":"https:\/\/wellclinic.pl\/?p=46360"},"modified":"2026-09-02T15:11:59","modified_gmt":"2026-09-02T13:11:59","slug":"%d1%8d%d1%84%d1%84%d0%b5%d0%ba%d1%82-%d0%bf%d0%be%d1%85%d1%83%d0%b4%d0%b5%d0%bd%d0%b8%d1%8f-%d0%be%d1%82-ozempic-%d0%b4%d0%bb%d1%8f-%d0%bb%d0%b8%d1%86%d0%b0","status":"publish","type":"post","link":"https:\/\/wellclinic.pl\/ru\/ozempic-face-efekty-odchudzania-na-twarz\/","title":{"rendered":"Skutki uboczne Ozempic \u2013 co warto wiedzie\u0107? Wp\u0142yw odchudzania na wygl\u0105d twarzy"},"content":{"rendered":"<p class=\"wp-block-paragraph\"><strong>Waga spada, ale nie wszystko, co tracisz, jest powodem do rado\u015bci.<\/strong> <strong>Skutki uboczne Ozempic<\/strong> najcz\u0119\u015bciej kojarz\u0105 si\u0119 z nudno\u015bciami, wymiotami, biegunk\u0105 czy zaparciami. Przy znacz\u0105cej redukcji masy cia\u0142a pojawia si\u0119 jednak tak\u017ce kwestia wygl\u0105du. Twarz mo\u017ce straci\u0107 cz\u0119\u015b\u0107 swojej obj\u0119to\u015bci, policzki sta\u0107 si\u0119 bardziej zapadni\u0119te, a zmarszczki i bruzdy \u2013 wyra\u017aniejsze. W efekcie mo\u017cesz zobaczy\u0107 w lustrze twarz, kt\u00f3ra wygl\u0105da na bardziej zm\u0119czon\u0105 i starsz\u0105.<\/p>\n\n\n\n<p class=\"wp-block-paragraph\"><strong>Ozempic<\/strong> \u0432\u043a\u043b\u044e\u0447\u0430\u0435\u0442 <strong>\u0441\u0435\u043c\u0430\u0433\u043b\u0443\u0442\u0438\u0434<\/strong> \u2013 substancj\u0119 nale\u017c\u0105c\u0105 do grupy <strong>agonist\u00f3w receptora GLP-1<\/strong>. Lek jest stosowany w leczeniu cukrzycy typu 2, a zmniejszenie masy cia\u0142a jest jednym z efekt\u00f3w jego dzia\u0142ania. Jak ka\u017cdy lek, mo\u017ce powodowa\u0107 dzia\u0142ania niepo\u017c\u0105dane, kt\u00f3re najcz\u0119\u015bciej dotycz\u0105 uk\u0142adu pokarmowego.<\/p>\n\n\n\n<p class=\"wp-block-paragraph\">Warto jednak spojrze\u0107 na temat szerzej. Przy szybkiej lub znacznej redukcji masy cia\u0142a zmniejsza si\u0119 r\u00f3wnie\u017c obj\u0119to\u015b\u0107 tkanki t\u0142uszczowej, kt\u00f3ra nadaje twarzy naturaln\u0105 pe\u0142no\u015b\u0107 i zapewnia podparcie dla sk\u00f3ry. Policzki, skronie czy okolica \u017cuchwy mog\u0105 przez to wygl\u0105da\u0107 inaczej, a twarz mo\u017ce straci\u0107 wcze\u015bniejsze proporcje. Z tym zjawiskiem wi\u0105\u017ce si\u0119 potoczne okre\u015blenie <strong><a href=\"https:\/\/wellclinic.pl\/ru\/ozempic-face-%d0%bf%d0%be%d1%87%d0%b5%d0%bc%d1%83-%d0%bb%d0%b8%d1%86%d0%be-%d0%b2%d1%8b%d0%b3%d0%bb%d1%8f%d0%b4%d0%b8%d1%82-%d1%81%d1%82%d0%b0%d1%80%d1%88%d0%b5\/\">\u041b\u0438\u0446\u043e \u041e\u0437\u0435\u043c\u043f\u0438\u043a\u0430<\/a><\/strong> \u2013 cho\u0107 podobny efekt mo\u017ce pojawi\u0107 si\u0119 po znacznej utracie masy cia\u0142a niezale\u017cnie od zastosowanej metody.<\/p>\n\n\n\n<h2 class=\"wp-block-heading\">Powa\u017cniejsze dzia\u0142ania niepo\u017c\u0105dane Ozempic<\/h2>\n\n\n\n<p class=\"wp-block-paragraph\">Wi\u0119kszo\u015b\u0107 dzia\u0142a\u0144 niepo\u017c\u0105danych zwi\u0105zanych z<strong> semaglutydem<\/strong> ma charakter \u0142agodny lub umiarkowany, jednak istniej\u0105 r\u00f3wnie\u017c sytuacje wymagaj\u0105ce szczeg\u00f3lnej uwagi. W <strong>dokumentacji Ozempic <\/strong>opisano m.in. ryzyko hipoglikemii w okre\u015blonych po\u0142\u0105czeniach lekowych, problemy zwi\u0105zane z p\u0119cherzykiem \u017c\u00f3\u0142ciowym oraz powik\u0142ania dotycz\u0105ce retinopatii cukrzycowej.<\/p>\n\n\n\n<p class=\"wp-block-paragraph\">W 2025 roku europejskie organy regulacyjne uzna\u0142y r\u00f3wnie\u017c niedokrwienn\u0105 neuropati\u0119 nerwu wzrokowego przedniego (NAION) za bardzo rzadkie dzia\u0142anie niepo\u017c\u0105dane lek\u00f3w zawieraj\u0105cych semaglutyd. W przypadku nag\u0142ych zmian widzenia konieczny jest pilny kontakt z lekarzem.<\/p>\n\n\n\n<p class=\"wp-block-paragraph\">Nie oznacza to, \u017ce ka\u017cdy pacjent stosuj\u0105cy semaglutyd do\u015bwiadczy takich problem\u00f3w. Informacje dotycz\u0105ce dzia\u0142a\u0144 niepo\u017c\u0105danych nale\u017cy zawsze odnosi\u0107 do konkretnego preparatu, dawki, stanu zdrowia oraz innych przyjmowanych lek\u00f3w.<\/p>\n\n\n\n<h2 class=\"wp-block-heading\">Ozempic face \u2013 dlaczego twarz mo\u017ce wygl\u0105da\u0107 inaczej po odchudzaniu?<\/h2>\n\n\n\n<p class=\"wp-block-paragraph\"><strong>\u041b\u0438\u0446\u043e \u041e\u0437\u0435\u043c\u043f\u0438\u043a\u0430<\/strong> nie jest nazw\u0105 medycznej jednostki chorobowej ani formalnym dzia\u0142aniem niepo\u017c\u0105danym leku. To okre\u015blenie u\u017cywane w odniesieniu do zmian wygl\u0105du twarzy, kt\u00f3re mog\u0105 pojawi\u0107 si\u0119 podczas znacznej utraty masy cia\u0142a. Zjawisko nie wynika wi\u0119c bezpo\u015brednio z dzia\u0142ania semaglutydu na sk\u00f3r\u0119.<\/p>\n\n\n\n<p class=\"wp-block-paragraph\">Kiedy masa cia\u0142a wyra\u017anie si\u0119 zmniejsza, redukcji ulega r\u00f3wnie\u017c ilo\u015b\u0107 podsk\u00f3rnej tkanki t\u0142uszczowej. Dotyczy to tak\u017ce twarzy. Zmniejszenie obj\u0119to\u015bci w okolicy policzk\u00f3w, skroni czy dolnej cz\u0119\u015bci twarzy mo\u017ce sprawi\u0107, \u017ce wcze\u015bniej niewidoczne zag\u0142\u0119bienia stan\u0105 si\u0119 bardziej zauwa\u017calne.<\/p>\n\n\n\n<p class=\"wp-block-paragraph\">W efekcie twarz mo\u017ce wygl\u0105da\u0107 na szczuplejsz\u0105, bardziej zm\u0119czon\u0105 lub mniej pe\u0142n\u0105. U niekt\u00f3rych os\u00f3b pojawia si\u0119 r\u00f3wnie\u017c wi\u0119ksza widoczno\u015b\u0107 zmarszczek oraz mniej wyra\u017any kontur twarzy.<\/p>\n\n\n\n<p class=\"wp-block-paragraph\">Nie mo\u017cna jednak stwierdzi\u0107, \u017ce ka\u017cda osoba stosuj\u0105ca Ozempic b\u0119dzie mia\u0142a <strong>\u043e\u043f\u0443\u0441\u0442\u0438\u0432\u0448\u0435\u0435\u0441\u044f \u043b\u0438\u0446\u043e \u043f\u043e\u0441\u043b\u0435 \u043f\u043e\u0442\u0435\u0440\u0438 \u0432\u0435\u0441\u0430<\/strong>. Zakres zmian zale\u017cy m.in. od wieku, wyj\u015bciowej masy cia\u0142a, tempa redukcji, indywidualnych predyspozycji, ilo\u015bci utraconej tkanki t\u0142uszczowej oraz kondycji sk\u00f3ry.<\/p>\n\n\n\n<h2 class=\"wp-block-heading\">Utrata obj\u0119to\u015bci twarzy po odchudzaniu<\/h2>\n\n\n\n<p class=\"wp-block-paragraph\">Twarz nie traci obj\u0119to\u015bci w taki sam spos\u00f3b u ka\u017cdego pacjenta. Szczeg\u00f3lnie widoczne mog\u0105 by\u0107 zmiany w okolicy policzk\u00f3w, skroni, doliny \u0142ez i linii \u017cuchwy. Wraz ze zmniejszeniem ilo\u015bci tkanki t\u0142uszczowej zmieniaj\u0105 si\u0119 proporcje twarzy, dlatego osoba mo\u017ce zauwa\u017cy\u0107, \u017ce jej rysy sta\u0142y si\u0119 bardziej wyostrzone.<\/p>\n\n\n\n<p class=\"wp-block-paragraph\">Znaczenie ma r\u00f3wnie\u017c kondycja sk\u00f3ry. Wraz z wiekiem naturalnie zmniejsza si\u0119 ilo\u015b\u0107 kolagenu i elastyny, kt\u00f3re odpowiadaj\u0105 m.in. za jej spr\u0119\u017cysto\u015b\u0107. Informacje na temat roli tych struktur znajdziesz w has\u0142ach dotycz\u0105cych <a href=\"https:\/\/wellclinic.pl\/ru\/%d1%8d%d0%bd%d1%86%d0%b8%d0%ba%d0%bb%d0%be%d0%bf%d0%b5%d0%b4%d0%b8%d1%8f\/%d0%ba%d0%be%d0%bb%d0%bb%d0%b0%d0%b3%d0%b5%d0%bd\/\"><strong>\u043a\u043e\u043b\u043b\u0430\u0433\u0435\u043d<\/strong><\/a> \u0438 <a href=\"https:\/\/wellclinic.pl\/ru\/%d1%8d%d0%bd%d1%86%d0%b8%d0%ba%d0%bb%d0%be%d0%bf%d0%b5%d0%b4%d0%b8%d1%8f\/%d1%8d%d0%bb%d0%b0%d1%81%d1%82%d0%b8%d0%bd\/\"><strong>\u044d\u043b\u0430\u0441\u0442\u0438\u043d\u044b<\/strong><\/a>.<\/p>\n\n\n\n<p class=\"wp-block-paragraph\">Po wi\u0119kszej redukcji masy cia\u0142a sk\u00f3ra mo\u017ce potrzebowa\u0107 czasu, aby dostosowa\u0107 si\u0119 do zmienionej obj\u0119to\u015bci tkanek. Je\u017celi jej napi\u0119cie jest mniejsze, mog\u0105 pojawi\u0107 si\u0119 oznaki wiotko\u015bci, a istniej\u0105ce <a href=\"https:\/\/wellclinic.pl\/ru\/%d1%8d%d0%bd%d1%86%d0%b8%d0%ba%d0%bb%d0%be%d0%bf%d0%b5%d0%b4%d0%b8%d1%8f\/%d0%bc%d0%be%d1%80%d1%89%d0%b8%d0%bd%d1%8b\/\"><strong>\u043c\u043e\u0440\u0449\u0438\u043d\u044b<\/strong><\/a> mog\u0105 sta\u0107 si\u0119 bardziej widoczne.<\/p>\n\n\n\n<h2 class=\"wp-block-heading\">Wiotka sk\u00f3ra po odchudzaniu a utrata tkanki t\u0142uszczowej<\/h2>\n\n\n\n<p class=\"wp-block-paragraph\">Warto rozdzieli\u0107 dwa zjawiska: <strong>utrat\u0119 obj\u0119to\u015bci twarzy<\/strong> i <strong>wiotko\u015b\u0107 sk\u00f3ry po odchudzaniu<\/strong>. Pierwsze wynika przede wszystkim ze zmniejszenia ilo\u015bci tkanki t\u0142uszczowej. Drugie jest zwi\u0105zane z tym, \u017ce sk\u00f3ra musi dostosowa\u0107 si\u0119 do zmiany obj\u0119to\u015bci znajduj\u0105cych si\u0119 pod ni\u0105 tkanek.<\/p>\n\n\n\n<p class=\"wp-block-paragraph\">Nie zawsze szybka utrata masy cia\u0142a prowadzi do wyra\u017anej wiotko\u015bci. Jej nasilenie zale\u017cy od indywidualnych cech organizmu. Znaczenie mog\u0105 mie\u0107 wiek, genetyka, jako\u015b\u0107 sk\u00f3ry, wcze\u015bniejsze wahania masy cia\u0142a oraz wielko\u015b\u0107 redukcji.<\/p>\n\n\n\n<p class=\"wp-block-paragraph\">Dlatego pytanie <strong>\u201ejak zapobiec zapadni\u0119tej twarzy po odchudzaniu?\u201d<\/strong> nie ma jednej uniwersalnej odpowiedzi. Najwa\u017cniejsze jest odpowiednie prowadzenie procesu redukcji masy cia\u0142a i kontrola stanu zdrowia przez lekarza. Warto r\u00f3wnie\u017c zadba\u0107 o prawid\u0142owe od\u017cywianie, odpowiedni\u0105 poda\u017c p\u0142yn\u00f3w, sen oraz ochron\u0119 sk\u00f3ry przed promieniowaniem UV.<\/p>\n\n\n\n<figure class=\"wp-block-image size-full\"><img fetchpriority=\"high\" decoding=\"async\" width=\"1024\" height=\"683\" src=\"https:\/\/wellclinic.pl\/wp-content\/uploads\/2025\/09\/wolumetria-1024x683-1.jpg\" alt=\"Skutki uboczne Ozempic \" class=\"wp-image-42843\" srcset=\"https:\/\/wellclinic.pl\/wp-content\/uploads\/2025\/09\/wolumetria-1024x683-1.jpg 1024w, https:\/\/wellclinic.pl\/wp-content\/uploads\/2025\/09\/wolumetria-1024x683-1-300x200.jpg 300w, https:\/\/wellclinic.pl\/wp-content\/uploads\/2025\/09\/wolumetria-1024x683-1-768x512.jpg 768w, https:\/\/wellclinic.pl\/wp-content\/uploads\/2025\/09\/wolumetria-1024x683-1-18x12.jpg 18w\" sizes=\"(max-width: 1024px) 100vw, 1024px\" \/><\/figure>\n\n\n\n<h2 class=\"wp-block-heading\">Jak poprawi\u0107 wygl\u0105d twarzy po odchudzaniu?<\/h2>\n\n\n\n<p class=\"wp-block-paragraph\">Je\u017celi po <strong>\u0441\u043d\u0438\u0436\u0435\u043d\u0438\u0435 \u0432\u0435\u0441\u0430<\/strong> pojawi\u0142a si\u0119 <strong>utrata j\u0119drno\u015bci<\/strong>, <strong>widoczna utrata obj\u0119to\u015bci <\/strong>\u0438\u043b\u0438 <strong>bardziej zaznaczone zmarszczki,<\/strong> mo\u017cliwo\u015bci post\u0119powania dobiera si\u0119 indywidualnie. Nie istnieje jeden zabieg, kt\u00f3ry b\u0119dzie odpowiedni dla ka\u017cdej osoby.<\/p>\n\n\n\n<p class=\"wp-block-paragraph\">W pierwszej kolejno\u015bci lekarz powinien oceni\u0107 proporcje twarzy, jako\u015b\u0107 sk\u00f3ry oraz zakres utraty obj\u0119to\u015bci. W zale\u017cno\u015bci od problemu mo\u017cna rozwa\u017cy\u0107 metody ukierunkowane na popraw\u0119 jako\u015bci i napi\u0119cia sk\u00f3ry albo zabiegi przywracaj\u0105ce obj\u0119to\u015b\u0107 w wybranych obszarach.<\/p>\n\n\n\n<p class=\"wp-block-paragraph\">W kontek\u015bcie poprawy jako\u015bci sk\u00f3ry stosuje si\u0119 m.in. procedury wspieraj\u0105ce procesy przebudowy kolagenu. Wi\u0119cej informacji na ten temat znajdziesz w ha\u015ble <a href=\"https:\/\/wellclinic.pl\/ru\/%d1%8d%d0%bd%d1%86%d0%b8%d0%ba%d0%bb%d0%be%d0%bf%d0%b5%d0%b4%d0%b8%d1%8f\/%d1%80%d0%b5%d0%b3%d0%b5%d0%bd%d0%b5%d1%80%d0%b0%d1%86%d0%b8%d1%8f-%d0%ba%d0%be%d0%bb%d0%bb%d0%b0%d0%b3%d0%b5%d0%bd%d0%b0\/\"><strong>\u0440\u0435\u0433\u0435\u043d\u0435\u0440\u0430\u0446\u0438\u044f \u043a\u043e\u043b\u043b\u0430\u0433\u0435\u043d\u0430<\/strong><\/a>.<\/p>\n\n\n\n<p class=\"wp-block-paragraph\">W przypadku utraty obj\u0119to\u015bci twarzy lekarz mo\u017ce r\u00f3wnie\u017c rozwa\u017cy\u0107 zabiegi wolumetryczne. <a href=\"https:\/\/wellclinic.pl\/ru\/%d1%8d%d0%bd%d1%86%d0%b8%d0%ba%d0%bb%d0%be%d0%bf%d0%b5%d0%b4%d0%b8%d1%8f\/%d0%b2%d0%be%d0%bb%d1%8e%d0%bc%d0%b5%d1%82%d1%80%d0%b8%d1%8f-%d0%bb%d0%b8%d1%86%d0%b0\/\"><strong>\u0412\u043e\u043b\u044e\u043c\u0435\u0442\u0440\u0438\u044f \u043b\u0438\u0446\u0430<\/strong><\/a> pozwala na modelowanie wybranych obszar\u00f3w i przywracanie proporcji twarzy. Nie oznacza to jednak, \u017ce taki zabieg jest konieczny po ka\u017cdym wi\u0119kszym spadku masy cia\u0142a.<\/p>\n\n\n\n<div class=\"wp-block-buttons is-content-justification-center is-layout-flex wp-container-core-buttons-is-layout-3e41869c wp-block-buttons-is-layout-flex\">\n<div class=\"wp-block-button well-btn\"><a class=\"wp-block-button__link has-text-align-center wp-element-button\" href=\"\/ru\/%d0%bf%d1%80%d0%b5%d0%b4%d0%bb%d0%be%d0%b6%d0%b5%d0%bd%d0%b8%d0%b5\/%d0%bf%d1%80%d0%be%d1%86%d0%b5%d0%b4%d1%83%d1%80%d1%8b-%d0%bf%d0%be-%d1%83%d1%85%d0%be%d0%b4%d1%83-%d0%b7%d0%b0-%d0%bb%d0%b8%d1%86%d0%be%d0%bc\/\">\u0423\u0437\u043d\u0430\u0442\u044c \u0431\u043e\u043b\u044c\u0448\u0435<\/a><\/div>\n<\/div>\n\n\n\n<h2 class=\"wp-block-heading\">Zabiegi na twarz po odchudzaniu<\/h2>\n\n\n\n<p class=\"wp-block-paragraph\">W Wellclinic zakres post\u0119powania dobierany jest do wygl\u0105du i kondycji sk\u00f3ry. W przypadku obni\u017conego napi\u0119cia mo\u017cna rozwa\u017cy\u0107 procedury ukierunkowane na popraw\u0119 jej j\u0119drno\u015bci i jako\u015bci.<\/p>\n\n\n\n<p class=\"wp-block-paragraph\">Jedn\u0105 z mo\u017cliwo\u015bci s\u0105 zabiegi wykorzystuj\u0105ce technologie laserowe. Platforma <a href=\"https:\/\/wellclinic.pl\/ru\/%d1%8d%d0%bd%d1%86%d0%b8%d0%ba%d0%bb%d0%be%d0%bf%d0%b5%d0%b4%d0%b8%d1%8f\/photona-dynamis-sp-3\/\"><strong>Fotona Dynamis SP<\/strong><\/a> wykorzystuje m.in. laser Nd:YAG i Er:YAG. W zale\u017cno\u015bci od zastosowanego protoko\u0142u procedury laserowe mog\u0105 by\u0107 wykorzystywane do pracy nad jako\u015bci\u0105 sk\u00f3ry, jej napi\u0119ciem oraz wybranymi oznakami starzenia.<\/p>\n\n\n\n<p class=\"wp-block-paragraph\">W terapii sk\u00f3ry wykorzystywana jest r\u00f3wnie\u017c <a href=\"https:\/\/wellclinic.pl\/ru\/%d1%8d%d0%bd%d1%86%d0%b8%d0%ba%d0%bb%d0%be%d0%bf%d0%b5%d0%b4%d0%b8%d1%8f\/%d0%bb%d0%b0%d0%b7%d0%b5%d1%80%d0%bd%d0%b0%d1%8f-%d1%82%d0%b5%d1%80%d0%b0%d0%bf%d0%b8%d1%8f\/\"><strong>\u043b\u0430\u0437\u0435\u0440\u043d\u0430\u044f \u0442\u0435\u0440\u0430\u043f\u0438\u044f<\/strong><\/a>, kt\u00f3rej zakres zawsze powinien by\u0107 dopasowany do wskaza\u0144 i stanu sk\u00f3ry. W przypadku wybranych procedur wykorzystuje si\u0119 tak\u017ce <a href=\"https:\/\/wellclinic.pl\/ru\/%d1%8d%d0%bd%d1%86%d0%b8%d0%ba%d0%bb%d0%be%d0%bf%d0%b5%d0%b4%d0%b8%d1%8f\/%d1%80%d0%b0%d0%b4%d0%b8%d0%be%d1%87%d0%b0%d1%81%d1%82%d0%be%d1%82%d0%b0\/\"><strong>\u0440\u0430\u0434\u0438\u043e\u0447\u0430\u0441\u0442\u043e\u0442\u0430<\/strong><\/a> oraz technologie oparte na dzia\u0142aniu fal radiowych.<\/p>\n\n\n\n<p class=\"wp-block-paragraph\">Je\u017celi g\u0142\u00f3wnym problemem s\u0105 zmarszczki, lekarz mo\u017ce uwzgl\u0119dni\u0107 r\u00f3wnie\u017c procedury ukierunkowane na ich redukcj\u0119. Informacje na temat dost\u0119pnych metod znajduj\u0105 si\u0119 m.in. w ha\u015ble <a href=\"https:\/\/wellclinic.pl\/ru\/%d1%8d%d0%bd%d1%86%d0%b8%d0%ba%d0%bb%d0%be%d0%bf%d0%b5%d0%b4%d0%b8%d1%8f\/%d1%83%d0%b4%d0%b0%d0%bb%d0%b5%d0%bd%d0%b8%d0%b5-%d0%bc%d0%be%d1%80%d1%89%d0%b8%d0%bd\/\"><strong>\u0443\u0434\u0430\u043b\u0435\u043d\u0438\u0435 \u043c\u043e\u0440\u0449\u0438\u043d<\/strong><\/a>.<\/p>\n\n\n\n<figure class=\"wp-block-image size-full\"><img decoding=\"async\" width=\"1024\" height=\"1024\" src=\"https:\/\/wellclinic.pl\/wp-content\/uploads\/2024\/08\/RF-6.png\" alt=\"\u0420\u0430\u0434\u0438\u043e\u0447\u0430\u0441\u0442\u043e\u0442\u044b \u0441 \u0438\u0441\u043a\u0443\u0441\u0441\u0442\u0432\u0435\u043d\u043d\u044b\u043c \u0438\u043d\u0442\u0435\u043b\u043b\u0435\u043a\u0442\u043e\u043c\" class=\"wp-image-24233\" srcset=\"https:\/\/wellclinic.pl\/wp-content\/uploads\/2024\/08\/RF-6.png 1024w, https:\/\/wellclinic.pl\/wp-content\/uploads\/2024\/08\/RF-6-300x300.png 300w, https:\/\/wellclinic.pl\/wp-content\/uploads\/2024\/08\/RF-6-150x150.png 150w, https:\/\/wellclinic.pl\/wp-content\/uploads\/2024\/08\/RF-6-768x768.png 768w, https:\/\/wellclinic.pl\/wp-content\/uploads\/2024\/08\/RF-6-12x12.png 12w\" sizes=\"(max-width: 1024px) 100vw, 1024px\" \/><\/figure>\n\n\n\n<h2 class=\"wp-block-heading\">Czy mo\u017cna odzyska\u0107 utracon\u0105 obj\u0119to\u015b\u0107 twarzy po Ozempic?<\/h2>\n\n\n\n<p class=\"wp-block-paragraph\">Nie istnieje metoda, kt\u00f3ra pozwala w spos\u00f3b gwarantowany i naturalny przywr\u00f3ci\u0107 dok\u0142adnie t\u0119 sam\u0105 ilo\u015b\u0107 tkanki t\u0142uszczowej, kt\u00f3ra zosta\u0142a utracona podczas redukcji masy cia\u0142a. Mo\u017cna natomiast pracowa\u0107 nad proporcjami twarzy, jako\u015bci\u0105 sk\u00f3ry i jej napi\u0119ciem.<\/p>\n\n\n\n<p class=\"wp-block-paragraph\">W przypadku wyra\u017anej utraty obj\u0119to\u015bci lekarz mo\u017ce rozwa\u017cy\u0107 zabiegi z wykorzystaniem preparat\u00f3w stosowanych w medycynie estetycznej, w tym <a href=\"https:\/\/wellclinic.pl\/ru\/%d1%8d%d0%bd%d1%86%d0%b8%d0%ba%d0%bb%d0%be%d0%bf%d0%b5%d0%b4%d0%b8%d1%8f\/%d0%b3%d0%b8%d0%b0%d0%bb%d1%83%d1%80%d0%be%d0%bd%d0%be%d0%b2%d0%b0%d1%8f-%d0%ba%d0%b8%d1%81%d0%bb%d0%be%d1%82%d0%b0\/\"><strong>\u0433\u0438\u0430\u043b\u0443\u0440\u043e\u043d\u043e\u0432\u0430\u044f \u043a\u0438\u0441\u043b\u043e\u0442\u0430<\/strong><\/a> \u0438\u043b\u0438 <a href=\"https:\/\/wellclinic.pl\/ru\/%d1%8d%d0%bd%d1%86%d0%b8%d0%ba%d0%bb%d0%be%d0%bf%d0%b5%d0%b4%d0%b8%d1%8f\/%d1%82%d0%ba%d0%b0%d0%bd%d0%b5%d0%b2%d1%8b%d0%b9-%d0%b1%d0%b8%d0%be%d1%81%d1%82%d0%b8%d0%bc%d1%83%d0%bb%d1%8f%d1%82%d0%be%d1%80\/\"><strong>\u0442\u043a\u0430\u043d\u0435\u0432\u044b\u0435 \u0431\u0438\u043e\u0441\u0442\u0438\u043c\u0443\u043b\u044f\u0442\u043e\u0440\u044b<\/strong><\/a>.<\/p>\n\n\n\n<p class=\"wp-block-paragraph\">Ich zastosowanie powinno by\u0107 poprzedzone ocen\u0105 twarzy. Nadmierne zwi\u0119kszanie obj\u0119to\u015bci nie zawsze jest w\u0142a\u015bciwym rozwi\u0105zaniem, szczeg\u00f3lnie gdy problemem jest przede wszystkim wiotko\u015b\u0107 sk\u00f3ry, a nie brak obj\u0119to\u015bci.<\/p>\n\n\n\n<h2 class=\"wp-block-heading\">Jak dba\u0107 o sk\u00f3r\u0119 podczas odchudzania?<\/h2>\n\n\n\n<p class=\"wp-block-paragraph\">Proces redukcji masy cia\u0142a powinien by\u0107 prowadzony w spos\u00f3b dostosowany do stanu zdrowia i potrzeb organizmu. W przypadku farmakologicznego leczenia oty\u0142o\u015bci lub cukrzycy konieczna jest kontrola lekarska. Ozempic jest lekiem wydawanym na recept\u0119 i w Unii Europejskiej jest zarejestrowany do leczenia cukrzycy typu 2.<\/p>\n\n\n\n<p class=\"wp-block-paragraph\">Warto r\u00f3wnie\u017c pami\u0119ta\u0107, \u017ce w przypadku leczenia oty\u0142o\u015bci stosowane s\u0105 inne preparaty zawieraj\u0105ce semaglutyd, m.in. Wegovy, kt\u00f3rego wskazania obejmuj\u0105 kontrol\u0119 masy cia\u0142a u okre\u015blonych grup pacjent\u00f3w z oty\u0142o\u015bci\u0105 lub nadwag\u0105 i chorobami wsp\u00f3\u0142istniej\u0105cymi.<\/p>\n\n\n\n<p class=\"wp-block-paragraph\">Prawid\u0142owo zaplanowana redukcja masy cia\u0142a powinna uwzgl\u0119dnia\u0107 nie tylko wynik na wadze, ale r\u00f3wnie\u017c stan od\u017cywienia, aktywno\u015b\u0107 fizyczn\u0105 i og\u00f3ln\u0105 kondycj\u0119 organizmu. Pomocne mo\u017ce by\u0107 r\u00f3wnie\u017c okre\u015blenie <a href=\"https:\/\/wellclinic.pl\/ru\/%d1%8d%d0%bd%d1%86%d0%b8%d0%ba%d0%bb%d0%be%d0%bf%d0%b5%d0%b4%d0%b8%d1%8f\/%d0%b8%d0%bd%d0%b4%d0%b5%d0%ba%d1%81-%d0%bc%d0%b0%d1%81%d1%81%d1%8b-%d1%82%d0%b5%d0%bb%d0%b0\/\"><strong>wska\u017anika BMI<\/strong><\/a> i om\u00f3wienie dalszego post\u0119powania z lekarzem.<\/p>\n\n\n\n<div class=\"wp-block-buttons is-content-justification-center is-layout-flex wp-container-core-buttons-is-layout-3e41869c wp-block-buttons-is-layout-flex\">\n<div class=\"wp-block-button well-btn\"><a class=\"wp-block-button__link has-text-align-center wp-element-button\" href=\"\/ru\/%d0%bf%d1%80%d0%b5%d0%b4%d0%bb%d0%be%d0%b6%d0%b5%d0%bd%d0%b8%d0%b5\/%d0%bf%d1%80%d0%be%d1%86%d0%b5%d0%b4%d1%83%d1%80%d1%8b-%d0%bf%d0%be-%d1%83%d1%85%d0%be%d0%b4%d1%83-%d0%b7%d0%b0-%d0%bb%d0%b8%d1%86%d0%be%d0%bc\/\">\u0423\u0437\u043d\u0430\u0442\u044c \u0431\u043e\u043b\u044c\u0448\u0435<\/a><\/div>\n<\/div>\n\n\n\n<h2 class=\"wp-block-heading\">Ozempic face a proces starzenia sk\u00f3ry<\/h2>\n\n\n\n<p class=\"wp-block-paragraph\">Zmiany widoczne po du\u017cej utracie masy cia\u0142a mog\u0105 by\u0107 bardziej zauwa\u017calne u os\u00f3b, u kt\u00f3rych wcze\u015bniej wyst\u0119powa\u0142y oznaki starzenia sk\u00f3ry. Z wiekiem sk\u00f3ra traci cz\u0119\u015b\u0107 swojej spr\u0119\u017cysto\u015bci, a procesy odpowiedzialne za produkcj\u0119 kolagenu ulegaj\u0105 spowolnieniu.<\/p>\n\n\n\n<p class=\"wp-block-paragraph\">Dlatego u cz\u0119\u015bci os\u00f3b redukcja tkanki t\u0142uszczowej mo\u017ce dodatkowo uwidoczni\u0107 istniej\u0105ce wcze\u015bniej <a href=\"https:\/\/wellclinic.pl\/ru\/%d1%8d%d0%bd%d1%86%d0%b8%d0%ba%d0%bb%d0%be%d0%bf%d0%b5%d0%b4%d0%b8%d1%8f\/%d0%b3%d1%80%d0%b0%d0%b2%d0%b8%d1%82%d0%b0%d1%86%d0%b8%d0%be%d0%bd%d0%bd%d1%8b%d0%b5-%d0%bc%d0%be%d1%80%d1%89%d0%b8%d0%bd%d1%8b\/\"><strong>\u0433\u0440\u0430\u0432\u0438\u0442\u0430\u0446\u0438\u043e\u043d\u043d\u044b\u0435 \u043c\u043e\u0440\u0449\u0438\u043d\u044b<\/strong><\/a> lub zmieni\u0107 wygl\u0105d <a href=\"https:\/\/wellclinic.pl\/ru\/%d1%8d%d0%bd%d1%86%d0%b8%d0%ba%d0%bb%d0%be%d0%bf%d0%b5%d0%b4%d0%b8%d1%8f\/%d0%ba%d0%be%d0%bd%d1%82%d1%83%d1%80%d1%8b-%d0%bb%d0%b8%d1%86%d0%b0\/\"><strong>\u043a\u043e\u043d\u0442\u0443\u0440\u0430 \u043b\u0438\u0446\u0430<\/strong><\/a>.<\/p>\n\n\n\n<p class=\"wp-block-paragraph\">Nie oznacza to jednak, \u017ce <strong>Ozempic powoduje starzenie twarzy<\/strong>. Zmiana wygl\u0105du jest przede wszystkim zwi\u0105zana z redukcj\u0105 obj\u0119to\u015bci tkanek podczas utraty masy cia\u0142a i indywidualn\u0105 reakcj\u0105 organizmu.<\/p>\n\n\n\n<h2 class=\"wp-block-heading\">Nie ignoruj zmian, kt\u00f3re pojawi\u0142y si\u0119 po odchudzaniu<\/h2>\n\n\n\n<p class=\"wp-block-paragraph\">Nie czekaj, a\u017c zmiana, kt\u00f3r\u0105 dzi\u015b zauwa\u017casz tylko w lustrze, stanie si\u0119 czym\u015b, do czego po prostu przywykniesz. Je\u015bli po znacznej redukcji masy cia\u0142a twarz straci\u0142a obj\u0119to\u015b\u0107, sk\u00f3ra sta\u0142a si\u0119 bardziej wiotka, a zmarszczki i kontur s\u0105 wyra\u017aniejsze, warto sprawdzi\u0107, co rzeczywi\u015bcie odpowiada za t\u0119 zmian\u0119.<\/p>\n\n\n\n<p class=\"wp-block-paragraph\">Podczas konsultacji specjalista oceni proporcje twarzy, stan sk\u00f3ry oraz zakres utraty obj\u0119to\u015bci. To wa\u017cne, poniewa\u017c utrata obj\u0119to\u015bci wymaga innego post\u0119powania ni\u017c wiotko\u015b\u0107 sk\u00f3ry. Dopiero po rozpoznaniu problemu mo\u017cna \u015bwiadomie dobra\u0107 odpowiedni\u0105 procedur\u0119 lub po\u0142\u0105czenie kilku metod.<\/p>\n\n\n\n<p class=\"wp-block-paragraph\">W Wellclinic plan post\u0119powania jest dopasowywany do indywidualnej anatomii twarzy, kondycji sk\u00f3ry i oczekiwanego efektu. W zale\u017cno\u015bci od potrzeb mo\u017cna rozwa\u017cy\u0107 procedury poprawiaj\u0105ce jako\u015b\u0107 i napi\u0119cie sk\u00f3ry lub zabiegi ukierunkowane na przywr\u00f3cenie utraconej obj\u0119to\u015bci.<\/p>\n\n\n\n<p class=\"wp-block-paragraph\">Nie musisz wybiera\u0107 mi\u0119dzy szczuplejsz\u0105 sylwetk\u0105 a twarz\u0105, w kt\u00f3rej dobrze si\u0119 czujesz. Je\u015bli po odchudzaniu widzisz niepokoj\u0105ce zmiany, <strong><a href=\"https:\/\/wellclinic.pl\/ru\/%d1%81%d0%b2%d1%8f%d0%b7%d0%b0%d1%82%d1%8c%d1%81%d1%8f-%d1%81\/\">\u0437\u0430\u043f\u0438\u0448\u0438\u0442\u0435\u0441\u044c \u043d\u0430 \u043a\u043e\u043d\u0441\u0443\u043b\u044c\u0442\u0430\u0446\u0438\u044e \u0432 Wellclinic<\/a><\/strong>. Lekarz oceni ich przyczyn\u0119 i przedstawi mo\u017cliwo\u015bci dopasowane do Twojej twarzy. Zabiegi medycyny estetycznej wykonujemy w klinikach Wellclinic w <strong>\u0412\u0430\u0440\u0448\u0430\u0432\u0430, \u0413\u0434\u0430\u043d\u044c\u0441\u043a \u0438 \u041a\u0440\u0430\u043a\u043e\u0432<\/strong>.<\/p>","protected":false},"excerpt":{"rendered":"<p>Waga spada, ale nie wszystko, co tracisz, jest powodem do rado\u015bci. Skutki uboczne Ozempic najcz\u0119\u015bciej kojarz\u0105 si\u0119 z nudno\u015bciami, wymiotami, biegunk\u0105 czy zaparciami. Przy znacz\u0105cej redukcji masy cia\u0142a pojawia si\u0119 jednak tak\u017ce kwestia wygl\u0105du. Twarz mo\u017ce straci\u0107 cz\u0119\u015b\u0107 swojej obj\u0119to\u015bci, policzki sta\u0107 si\u0119 bardziej zapadni\u0119te, a zmarszczki i bruzdy \u2013 wyra\u017aniejsze. W efekcie mo\u017cesz zobaczy\u0107 [&hellip;]<\/p>\n","protected":false},"author":15,"featured_media":43328,"comment_status":"closed","ping_status":"closed","sticky":false,"template":"","format":"standard","meta":{"_acf_changed":false,"footnotes":""},"categories":[59,623,36,38,101,79],"tags":[],"class_list":["post-46360","post","type-post","status-publish","format-standard","has-post-thumbnail","hentry","category-blog","category-odchudzanie","category-zabieg-dla-kobiet","category-zabieg-dla-mezczyzn","category-zabieg-laserowy","category-zabieg-na-twarz"],"acf":[],"yoast_head":"<!-- This site is optimized with the Yoast SEO plugin v28.4 - https:\/\/yoast.com\/product\/yoast-seo-wordpress\/ -->\n<title>Ozempic face \u2013 jak odchudzanie wp\u0142ywa na sk\u00f3r\u0119 twarzy? \ud83d\udc89<\/title>\n<meta name=\"description\" content=\"Skutki uboczne Ozempic mog\u0105 dotyczy\u0107 m.in. uk\u0142adu pokarmowego i samopoczucia. Sprawd\u017a, jakie objawy mog\u0105 wyst\u0105pi\u0107 podczas terapii.\" \/>\n<meta name=\"robots\" content=\"index, follow, max-snippet:-1, max-image-preview:large, max-video-preview:-1\" \/>\n<link rel=\"canonical\" href=\"https:\/\/wellclinic.pl\/ru\/\u044d\u0444\u0444\u0435\u043a\u0442-\u043f\u043e\u0445\u0443\u0434\u0435\u043d\u0438\u044f-\u043e\u0442-ozempic-\u0434\u043b\u044f-\u043b\u0438\u0446\u0430\/\" \/>\n<meta property=\"og:locale\" content=\"ru_RU\" \/>\n<meta property=\"og:type\" content=\"article\" \/>\n<meta property=\"og:title\" content=\"Ozempic face \u2013 jak odchudzanie wp\u0142ywa na sk\u00f3r\u0119 twarzy? \ud83d\udc89\" \/>\n<meta property=\"og:description\" content=\"Skutki uboczne Ozempic mog\u0105 dotyczy\u0107 m.in. uk\u0142adu pokarmowego i samopoczucia. Sprawd\u017a, jakie objawy mog\u0105 wyst\u0105pi\u0107 podczas terapii.\" \/>\n<meta property=\"og:url\" content=\"https:\/\/wellclinic.pl\/ru\/\u044d\u0444\u0444\u0435\u043a\u0442-\u043f\u043e\u0445\u0443\u0434\u0435\u043d\u0438\u044f-\u043e\u0442-ozempic-\u0434\u043b\u044f-\u043b\u0438\u0446\u0430\/\" \/>\n<meta property=\"og:site_name\" content=\"Wellclinic\" \/>\n<meta property=\"article:published_time\" content=\"2026-08-27T12:34:00+00:00\" \/>\n<meta property=\"article:modified_time\" content=\"2026-09-02T13:11:59+00:00\" \/>\n<meta property=\"og:image\" content=\"https:\/\/wellclinic.pl\/wp-content\/uploads\/2025\/09\/RS_4355s-1024x683-1.jpg\" \/>\n\t<meta property=\"og:image:width\" content=\"1024\" \/>\n\t<meta property=\"og:image:height\" content=\"683\" \/>\n\t<meta property=\"og:image:type\" content=\"image\/jpeg\" \/>\n<meta name=\"author\" content=\"Stanis\u0142aw Oleksiejuk\" \/>\n<meta name=\"twitter:card\" content=\"summary_large_image\" \/>\n<meta name=\"twitter:label1\" content=\"\u041d\u0430\u043f\u0438\u0441\u0430\u043d\u043e \u0430\u0432\u0442\u043e\u0440\u043e\u043c\" \/>\n\t<meta name=\"twitter:data1\" content=\"Stanis\u0142aw Oleksiejuk\" \/>\n\t<meta name=\"twitter:label2\" content=\"\u041f\u0440\u0438\u043c\u0435\u0440\u043d\u043e\u0435 \u0432\u0440\u0435\u043c\u044f \u0434\u043b\u044f \u0447\u0442\u0435\u043d\u0438\u044f\" \/>\n\t<meta name=\"twitter:data2\" content=\"10 \u043c\u0438\u043d\u0443\u0442\" \/>\n<script type=\"application\/ld+json\" class=\"yoast-schema-graph\">{\"@context\":\"https:\\\/\\\/schema.org\",\"@graph\":[{\"@type\":\"Article\",\"@id\":\"https:\\\/\\\/wellclinic.pl\\\/ozempic-face-efekty-odchudzania-na-twarz\\\/#article\",\"isPartOf\":{\"@id\":\"https:\\\/\\\/wellclinic.pl\\\/ozempic-face-efekty-odchudzania-na-twarz\\\/\"},\"author\":{\"name\":\"Stanis\u0142aw Oleksiejuk\",\"@id\":\"https:\\\/\\\/wellclinic.pl\\\/#\\\/schema\\\/person\\\/e404a9bfa016bae344b84b557c1742b1\"},\"headline\":\"Skutki uboczne Ozempic \u2013 co warto wiedzie\u0107? Wp\u0142yw odchudzania na wygl\u0105d twarzy\",\"datePublished\":\"2026-08-27T12:34:00+00:00\",\"dateModified\":\"2026-09-02T13:11:59+00:00\",\"mainEntityOfPage\":{\"@id\":\"https:\\\/\\\/wellclinic.pl\\\/ozempic-face-efekty-odchudzania-na-twarz\\\/\"},\"wordCount\":1804,\"image\":{\"@id\":\"https:\\\/\\\/wellclinic.pl\\\/ozempic-face-efekty-odchudzania-na-twarz\\\/#primaryimage\"},\"thumbnailUrl\":\"https:\\\/\\\/wellclinic.pl\\\/wp-content\\\/uploads\\\/2025\\\/09\\\/RS_4355s-1024x683-1.jpg\",\"articleSection\":[\"Blog\",\"Odchudzanie\",\"Zabieg dla kobiet\",\"Zabieg dla m\u0119\u017cczyzn\",\"Zabieg laserowy\",\"Zabieg na twarz\"],\"inLanguage\":\"ru-RU\"},{\"@type\":\"WebPage\",\"@id\":\"https:\\\/\\\/wellclinic.pl\\\/ozempic-face-efekty-odchudzania-na-twarz\\\/\",\"url\":\"https:\\\/\\\/wellclinic.pl\\\/ozempic-face-efekty-odchudzania-na-twarz\\\/\",\"name\":\"Ozempic face \u2013 jak odchudzanie wp\u0142ywa na sk\u00f3r\u0119 twarzy? \ud83d\udc89\",\"isPartOf\":{\"@id\":\"https:\\\/\\\/wellclinic.pl\\\/#website\"},\"primaryImageOfPage\":{\"@id\":\"https:\\\/\\\/wellclinic.pl\\\/ozempic-face-efekty-odchudzania-na-twarz\\\/#primaryimage\"},\"image\":{\"@id\":\"https:\\\/\\\/wellclinic.pl\\\/ozempic-face-efekty-odchudzania-na-twarz\\\/#primaryimage\"},\"thumbnailUrl\":\"https:\\\/\\\/wellclinic.pl\\\/wp-content\\\/uploads\\\/2025\\\/09\\\/RS_4355s-1024x683-1.jpg\",\"datePublished\":\"2026-08-27T12:34:00+00:00\",\"dateModified\":\"2026-09-02T13:11:59+00:00\",\"author\":{\"@id\":\"https:\\\/\\\/wellclinic.pl\\\/#\\\/schema\\\/person\\\/e404a9bfa016bae344b84b557c1742b1\"},\"description\":\"Skutki uboczne Ozempic mog\u0105 dotyczy\u0107 m.in. uk\u0142adu pokarmowego i samopoczucia. Sprawd\u017a, jakie objawy mog\u0105 wyst\u0105pi\u0107 podczas terapii.\",\"breadcrumb\":{\"@id\":\"https:\\\/\\\/wellclinic.pl\\\/ozempic-face-efekty-odchudzania-na-twarz\\\/#breadcrumb\"},\"inLanguage\":\"ru-RU\",\"potentialAction\":[{\"@type\":\"ReadAction\",\"target\":[\"https:\\\/\\\/wellclinic.pl\\\/ozempic-face-efekty-odchudzania-na-twarz\\\/\"]}]},{\"@type\":\"ImageObject\",\"inLanguage\":\"ru-RU\",\"@id\":\"https:\\\/\\\/wellclinic.pl\\\/ozempic-face-efekty-odchudzania-na-twarz\\\/#primaryimage\",\"url\":\"https:\\\/\\\/wellclinic.pl\\\/wp-content\\\/uploads\\\/2025\\\/09\\\/RS_4355s-1024x683-1.jpg\",\"contentUrl\":\"https:\\\/\\\/wellclinic.pl\\\/wp-content\\\/uploads\\\/2025\\\/09\\\/RS_4355s-1024x683-1.jpg\",\"width\":1024,\"height\":683,\"caption\":\"Skutki uboczne Ozempic\"},{\"@type\":\"BreadcrumbList\",\"@id\":\"https:\\\/\\\/wellclinic.pl\\\/ozempic-face-efekty-odchudzania-na-twarz\\\/#breadcrumb\",\"itemListElement\":[{\"@type\":\"ListItem\",\"position\":1,\"name\":\"Strona g\u0142\u00f3wna\",\"item\":\"https:\\\/\\\/wellclinic.pl\\\/\"},{\"@type\":\"ListItem\",\"position\":2,\"name\":\"Skutki uboczne Ozempic \u2013 co warto wiedzie\u0107? Wp\u0142yw odchudzania na wygl\u0105d twarzy\"}]},{\"@type\":\"WebSite\",\"@id\":\"https:\\\/\\\/wellclinic.pl\\\/#website\",\"url\":\"https:\\\/\\\/wellclinic.pl\\\/\",\"name\":\"Wellclinic Klinika Medycyny Estetycznej - Warszawa | Gda\u0144sk | Krak\u00f3w\",\"description\":\"Klinika Medycyny Estetycznej - Warszawa i Gda\u0144sk\",\"potentialAction\":[{\"@type\":\"SearchAction\",\"target\":{\"@type\":\"EntryPoint\",\"urlTemplate\":\"https:\\\/\\\/wellclinic.pl\\\/?s={search_term_string}\"},\"query-input\":{\"@type\":\"PropertyValueSpecification\",\"valueRequired\":true,\"valueName\":\"search_term_string\"}}],\"inLanguage\":\"ru-RU\"},{\"@type\":\"Person\",\"@id\":\"https:\\\/\\\/wellclinic.pl\\\/#\\\/schema\\\/person\\\/e404a9bfa016bae344b84b557c1742b1\",\"name\":\"Stanis\u0142aw Oleksiejuk\",\"url\":\"https:\\\/\\\/wellclinic.pl\\\/ru\\\/author\\\/stanislaw\\\/\"}]}<\/script>\n<!-- \/ Yoast SEO plugin. -->","yoast_head_json":{"title":"Ozempic face - \u043a\u0430\u043a \u043f\u043e\u0445\u0443\u0434\u0435\u043d\u0438\u0435 \u0432\u043b\u0438\u044f\u0435\u0442 \u043d\u0430 \u043a\u043e\u0436\u0443 \u043b\u0438\u0446\u0430? \ud83d\udc89","description":"Skutki uboczne Ozempic mog\u0105 dotyczy\u0107 m.in. uk\u0142adu pokarmowego i samopoczucia. Sprawd\u017a, jakie objawy mog\u0105 wyst\u0105pi\u0107 podczas terapii.","robots":{"index":"index","follow":"follow","max-snippet":"max-snippet:-1","max-image-preview":"max-image-preview:large","max-video-preview":"max-video-preview:-1"},"canonical":"https:\/\/wellclinic.pl\/ru\/\u044d\u0444\u0444\u0435\u043a\u0442-\u043f\u043e\u0445\u0443\u0434\u0435\u043d\u0438\u044f-\u043e\u0442-ozempic-\u0434\u043b\u044f-\u043b\u0438\u0446\u0430\/","og_locale":"ru_RU","og_type":"article","og_title":"Ozempic face \u2013 jak odchudzanie wp\u0142ywa na sk\u00f3r\u0119 twarzy? \ud83d\udc89","og_description":"Skutki uboczne Ozempic mog\u0105 dotyczy\u0107 m.in. uk\u0142adu pokarmowego i samopoczucia. Sprawd\u017a, jakie objawy mog\u0105 wyst\u0105pi\u0107 podczas terapii.","og_url":"https:\/\/wellclinic.pl\/ru\/\u044d\u0444\u0444\u0435\u043a\u0442-\u043f\u043e\u0445\u0443\u0434\u0435\u043d\u0438\u044f-\u043e\u0442-ozempic-\u0434\u043b\u044f-\u043b\u0438\u0446\u0430\/","og_site_name":"Wellclinic","article_published_time":"2026-08-27T12:34:00+00:00","article_modified_time":"2026-09-02T13:11:59+00:00","og_image":[{"width":1024,"height":683,"url":"https:\/\/wellclinic.pl\/wp-content\/uploads\/2025\/09\/RS_4355s-1024x683-1.jpg","type":"image\/jpeg"}],"author":"Stanis\u0142aw Oleksiejuk","twitter_card":"summary_large_image","twitter_misc":{"\u041d\u0430\u043f\u0438\u0441\u0430\u043d\u043e \u0430\u0432\u0442\u043e\u0440\u043e\u043c":"Stanis\u0142aw Oleksiejuk","\u041f\u0440\u0438\u043c\u0435\u0440\u043d\u043e\u0435 \u0432\u0440\u0435\u043c\u044f \u0434\u043b\u044f \u0447\u0442\u0435\u043d\u0438\u044f":"10 \u043c\u0438\u043d\u0443\u0442"},"schema":{"@context":"https:\/\/schema.org","@graph":[{"@type":"Article","@id":"https:\/\/wellclinic.pl\/ozempic-face-efekty-odchudzania-na-twarz\/#article","isPartOf":{"@id":"https:\/\/wellclinic.pl\/ozempic-face-efekty-odchudzania-na-twarz\/"},"author":{"name":"Stanis\u0142aw Oleksiejuk","@id":"https:\/\/wellclinic.pl\/#\/schema\/person\/e404a9bfa016bae344b84b557c1742b1"},"headline":"Skutki uboczne Ozempic \u2013 co warto wiedzie\u0107? Wp\u0142yw odchudzania na wygl\u0105d twarzy","datePublished":"2026-08-27T12:34:00+00:00","dateModified":"2026-09-02T13:11:59+00:00","mainEntityOfPage":{"@id":"https:\/\/wellclinic.pl\/ozempic-face-efekty-odchudzania-na-twarz\/"},"wordCount":1804,"image":{"@id":"https:\/\/wellclinic.pl\/ozempic-face-efekty-odchudzania-na-twarz\/#primaryimage"},"thumbnailUrl":"https:\/\/wellclinic.pl\/wp-content\/uploads\/2025\/09\/RS_4355s-1024x683-1.jpg","articleSection":["Blog","Odchudzanie","Zabieg dla kobiet","Zabieg dla m\u0119\u017cczyzn","Zabieg laserowy","Zabieg na twarz"],"inLanguage":"ru-RU"},{"@type":"WebPage","@id":"https:\/\/wellclinic.pl\/ozempic-face-efekty-odchudzania-na-twarz\/","url":"https:\/\/wellclinic.pl\/ozempic-face-efekty-odchudzania-na-twarz\/","name":"Ozempic face - \u043a\u0430\u043a \u043f\u043e\u0445\u0443\u0434\u0435\u043d\u0438\u0435 \u0432\u043b\u0438\u044f\u0435\u0442 \u043d\u0430 \u043a\u043e\u0436\u0443 \u043b\u0438\u0446\u0430? \ud83d\udc89","isPartOf":{"@id":"https:\/\/wellclinic.pl\/#website"},"primaryImageOfPage":{"@id":"https:\/\/wellclinic.pl\/ozempic-face-efekty-odchudzania-na-twarz\/#primaryimage"},"image":{"@id":"https:\/\/wellclinic.pl\/ozempic-face-efekty-odchudzania-na-twarz\/#primaryimage"},"thumbnailUrl":"https:\/\/wellclinic.pl\/wp-content\/uploads\/2025\/09\/RS_4355s-1024x683-1.jpg","datePublished":"2026-08-27T12:34:00+00:00","dateModified":"2026-09-02T13:11:59+00:00","author":{"@id":"https:\/\/wellclinic.pl\/#\/schema\/person\/e404a9bfa016bae344b84b557c1742b1"},"description":"Skutki uboczne Ozempic mog\u0105 dotyczy\u0107 m.in. uk\u0142adu pokarmowego i samopoczucia. Sprawd\u017a, jakie objawy mog\u0105 wyst\u0105pi\u0107 podczas terapii.","breadcrumb":{"@id":"https:\/\/wellclinic.pl\/ozempic-face-efekty-odchudzania-na-twarz\/#breadcrumb"},"inLanguage":"ru-RU","potentialAction":[{"@type":"ReadAction","target":["https:\/\/wellclinic.pl\/ozempic-face-efekty-odchudzania-na-twarz\/"]}]},{"@type":"ImageObject","inLanguage":"ru-RU","@id":"https:\/\/wellclinic.pl\/ozempic-face-efekty-odchudzania-na-twarz\/#primaryimage","url":"https:\/\/wellclinic.pl\/wp-content\/uploads\/2025\/09\/RS_4355s-1024x683-1.jpg","contentUrl":"https:\/\/wellclinic.pl\/wp-content\/uploads\/2025\/09\/RS_4355s-1024x683-1.jpg","width":1024,"height":683,"caption":"Skutki uboczne Ozempic"},{"@type":"BreadcrumbList","@id":"https:\/\/wellclinic.pl\/ozempic-face-efekty-odchudzania-na-twarz\/#breadcrumb","itemListElement":[{"@type":"ListItem","position":1,"name":"Strona g\u0142\u00f3wna","item":"https:\/\/wellclinic.pl\/"},{"@type":"ListItem","position":2,"name":"Skutki uboczne Ozempic \u2013 co warto wiedzie\u0107? Wp\u0142yw odchudzania na wygl\u0105d twarzy"}]},{"@type":"WebSite","@id":"https:\/\/wellclinic.pl\/#website","url":"https:\/\/wellclinic.pl\/","name":"\u041a\u043b\u0438\u043d\u0438\u043a\u0430 \u044d\u0441\u0442\u0435\u0442\u0438\u0447\u0435\u0441\u043a\u043e\u0439 \u043c\u0435\u0434\u0438\u0446\u0438\u043d\u044b Wellclinic - \u0412\u0430\u0440\u0448\u0430\u0432\u0430 | \u0413\u0434\u0430\u043d\u044c\u0441\u043a | \u041a\u0440\u0430\u043a\u043e\u0432","description":"\u041a\u043b\u0438\u043d\u0438\u043a\u0430 \u044d\u0441\u0442\u0435\u0442\u0438\u0447\u0435\u0441\u043a\u043e\u0439 \u043c\u0435\u0434\u0438\u0446\u0438\u043d\u044b - \u0412\u0430\u0440\u0448\u0430\u0432\u0430 \u0438 \u0413\u0434\u0430\u043d\u044c\u0441\u043a","potentialAction":[{"@type":"SearchAction","target":{"@type":"EntryPoint","urlTemplate":"https:\/\/wellclinic.pl\/?s={search_term_string}"},"query-input":{"@type":"PropertyValueSpecification","valueRequired":true,"valueName":"search_term_string"}}],"inLanguage":"ru-RU"},{"@type":"Person","@id":"https:\/\/wellclinic.pl\/#\/schema\/person\/e404a9bfa016bae344b84b557c1742b1","name":"\u0421\u0442\u0430\u043d\u0438\u0441\u043b\u0430\u0432 \u041e\u043b\u0435\u043a\u0441\u0435\u044e\u043a","url":"https:\/\/wellclinic.pl\/ru\/author\/stanislaw\/"}]}},"_links":{"self":[{"href":"https:\/\/wellclinic.pl\/ru\/wp-json\/wp\/v2\/posts\/46360","targetHints":{"allow":["GET"]}}],"collection":[{"href":"https:\/\/wellclinic.pl\/ru\/wp-json\/wp\/v2\/posts"}],"about":[{"href":"https:\/\/wellclinic.pl\/ru\/wp-json\/wp\/v2\/types\/post"}],"author":[{"embeddable":true,"href":"https:\/\/wellclinic.pl\/ru\/wp-json\/wp\/v2\/users\/15"}],"replies":[{"embeddable":true,"href":"https:\/\/wellclinic.pl\/ru\/wp-json\/wp\/v2\/comments?post=46360"}],"version-history":[{"count":10,"href":"https:\/\/wellclinic.pl\/ru\/wp-json\/wp\/v2\/posts\/46360\/revisions"}],"predecessor-version":[{"id":55218,"href":"https:\/\/wellclinic.pl\/ru\/wp-json\/wp\/v2\/posts\/46360\/revisions\/55218"}],"wp:featuredmedia":[{"embeddable":true,"href":"https:\/\/wellclinic.pl\/ru\/wp-json\/wp\/v2\/media\/43328"}],"wp:attachment":[{"href":"https:\/\/wellclinic.pl\/ru\/wp-json\/wp\/v2\/media?parent=46360"}],"wp:term":[{"taxonomy":"category","embeddable":true,"href":"https:\/\/wellclinic.pl\/ru\/wp-json\/wp\/v2\/categories?post=46360"},{"taxonomy":"post_tag","embeddable":true,"href":"https:\/\/wellclinic.pl\/ru\/wp-json\/wp\/v2\/tags?post=46360"}],"curies":[{"name":"wp","href":"https:\/\/api.w.org\/{rel}","templated":true}]}}