{"id":55037,"date":"2026-09-01T14:15:05","date_gmt":"2026-09-01T12:15:05","guid":{"rendered":"https:\/\/wellclinic.pl\/?p=55037"},"modified":"2026-09-01T14:55:53","modified_gmt":"2026-09-01T12:55:53","slug":"tradzik-pospolity-poznaj-przyczyny-zmian-i-mozliwosci-nowoczesnego-leczenia","status":"publish","type":"post","link":"https:\/\/wellclinic.pl\/ru\/tradzik-pospolity-poznaj-przyczyny-zmian-i-mozliwosci-nowoczesnego-leczenia\/","title":{"rendered":"Tr\u0105dzik pospolity \u2013 poznaj przyczyny zmian i mo\u017cliwo\u015bci nowoczesnego leczenia"},"content":{"rendered":"<p class=\"wp-block-paragraph\"><strong>\u0410\u043a\u043d\u0435 \u0432\u0443\u043b\u044c\u0433\u0430\u0440\u0438\u0441<\/strong> to jedna z tych przypad\u0142o\u015bci, kt\u00f3re trudno przeoczy\u0107. Pojedyncza krostka przed wa\u017cnym spotkaniem, zask\u00f3rniki, kt\u00f3re pojawiaj\u0105 si\u0119 mimo starannej piel\u0119gnacji, albo nawracaj\u0105ce stany zapalne \u2013 problem mo\u017ce wygl\u0105da\u0107 r\u00f3\u017cnie, ale cz\u0119sto ma wsp\u00f3lne \u017ar\u00f3d\u0142o. Co wa\u017cne, <strong>\u0430\u043a\u043d\u0435<\/strong> nie jest wy\u0142\u0105cznie problemem nastolatk\u00f3w. Zmiany tr\u0105dzikowe mog\u0105 pojawia\u0107 si\u0119 r\u00f3wnie\u017c u os\u00f3b doros\u0142ych, nawet je\u015bli wcze\u015bniej ich sk\u00f3ra nie sprawia\u0142a wi\u0119kszych problem\u00f3w.<\/p>\n\n\n\n<p class=\"wp-block-paragraph\">Na kondycj\u0119 sk\u00f3ry wp\u0142ywa wiele czynnik\u00f3w. Znaczenie maj\u0105 mi\u0119dzy innymi <strong>hormony, nadprodukcja sebum, zaburzenia rogowacenia uj\u015b\u0107 mieszk\u00f3w w\u0142osowych, stan zapalny oraz mikrobiom sk\u00f3ry<\/strong>. Swoj\u0105 rol\u0119 mog\u0105 odgrywa\u0107 r\u00f3wnie\u017c stres, niekt\u00f3re leki, predyspozycje genetyczne czy spos\u00f3b piel\u0119gnacji. Dlatego skuteczne post\u0119powanie nie powinno sprowadza\u0107 si\u0119 wy\u0142\u0105cznie do wysuszania zmian.<\/p>\n\n\n\n<p class=\"wp-block-paragraph\"><strong>\u0410\u043a\u043d\u0435 \u0432\u0443\u043b\u044c\u0433\u0430\u0440\u0438\u0441<\/strong> ma charakter przewlek\u0142y i mo\u017ce przebiega\u0107 z r\u00f3\u017cnym nasileniem. U cz\u0119\u015bci os\u00f3b dominuj\u0105 zask\u00f3rniki, u innych pojawiaj\u0105 si\u0119 liczne grudki i krosty, a w ci\u0119\u017cszych przypadkach r\u00f3wnie\u017c g\u0142\u0119bokie, bolesne guzki. Im silniejszy i d\u0142u\u017cej utrzymuj\u0105cy si\u0119 stan zapalny, tym wi\u0119ksze ryzyko powstania <strong>blizn potr\u0105dzikowych i przebarwie\u0144 pozapalnych<\/strong>. Z tego powodu warto reagowa\u0107 na problem mo\u017cliwie wcze\u015bnie, zamiast czeka\u0107, a\u017c zmiany same ust\u0105pi\u0105.<\/p>\n\n\n\n<h2 class=\"wp-block-heading\">Przyczyny tr\u0105dziku<\/h2>\n\n\n\n<p class=\"wp-block-paragraph\"><strong>Powstawanie tr\u0105dziku j<\/strong>est procesem wieloczynnikowym. Nie mo\u017cna wskaza\u0107 jednej przyczyny, kt\u00f3ra odpowiada za pojawienie si\u0119 zmian u ka\u017cdego pacjenta. Istotne znaczenie ma przede wszystkim zwi\u0119kszona aktywno\u015b\u0107 gruczo\u0142\u00f3w \u0142ojowych, prowadz\u0105ca do nadmiernej produkcji sebum. Jednocze\u015bnie dochodzi do nieprawid\u0142owego rogowacenia uj\u015bcia mieszka w\u0142osowego, przez co \u0142atwiej dochodzi do jego zablokowania.<\/p>\n\n\n\n<p class=\"wp-block-paragraph\">W rozwoju choroby uczestnicz\u0105 r\u00f3wnie\u017c bakterie <em>Cutibacterium acnes<\/em>, kt\u00f3re naturalnie wyst\u0119puj\u0105 na sk\u00f3rze. W warunkach sprzyjaj\u0105cych ich nadmiernemu namna\u017caniu oraz przy zaburzeniu bariery mieszkowo-\u0142ojowej mog\u0105 nasila\u0107 odpowied\u017a zapaln\u0105. W efekcie pojawiaj\u0105 si\u0119 charakterystyczne dla tr\u0105dziku zmiany \u2013 od zask\u00f3rnik\u00f3w po grudki, krosty i g\u0142\u0119bokie guzki.<\/p>\n\n\n\n<p class=\"wp-block-paragraph\">Znaczenie mog\u0105 mie\u0107 tak\u017ce <strong>czynniki hormonalne<\/strong>. <strong>Androgeny<\/strong> pobudzaj\u0105 gruczo\u0142y \u0142ojowe do wi\u0119kszej aktywno\u015bci, dlatego tr\u0105dzik cz\u0119sto nasila si\u0119 w <strong>okresie dojrzewania<\/strong>. U cz\u0119\u015bci kobiet zmiany mog\u0105 pojawia\u0107 si\u0119 lub zwi\u0119ksza\u0107 r\u00f3wnie\u017c w <strong>okre\u015blonych momentach cyklu menstruacyjnego<\/strong>. W przypadku nag\u0142ego pojawienia si\u0119 <strong>nasilonego tr\u0105dziku<\/strong> w doros\u0142ym wieku warto rozwa\u017cy\u0107 konsultacj\u0119 lekarsk\u0105 i ocen\u0119 mo\u017cliwych przyczyn.<\/p>\n\n\n\n<h2 class=\"wp-block-heading\">Co to jest tr\u0105dzik pospolity?<\/h2>\n\n\n\n<p class=\"wp-block-paragraph\"><strong>Tr\u0105dzik pospolity (acne vulgaris)<\/strong> jest przewlek\u0142\u0105 chorob\u0105 zapaln\u0105 jednostki w\u0142osowo-\u0142ojowej. Najcz\u0119\u015bciej obejmuje twarz, ale zmiany mog\u0105 wyst\u0119powa\u0107 r\u00f3wnie\u017c na plecach, klatce piersiowej, ramionach i innych obszarach cia\u0142a, w kt\u00f3rych znajduje si\u0119 du\u017co gruczo\u0142\u00f3w \u0142ojowych.<\/p>\n\n\n\n<p class=\"wp-block-paragraph\">Obraz choroby mo\u017ce by\u0107 bardzo r\u00f3\u017cny. U jednej osoby widoczne s\u0105 przede wszystkim<strong> zask\u00f3rniki,<\/strong> u innej dominuj\u0105 <strong>zmiany zapalne.<\/strong> W ci\u0119\u017cszych postaciach pojawiaj\u0105 si\u0119 bolesne guzki, nacieki i torbiele, kt\u00f3re mog\u0105 pozostawia\u0107 trwa\u0142e \u015blady.<\/p>\n\n\n\n<p class=\"wp-block-paragraph\">Nie ka\u017cdy pryszcz oznacza jednak <strong>\u0430\u043a\u043d\u0435 \u0432\u0443\u043b\u044c\u0433\u0430\u0440\u0438\u0441<\/strong>. Podobne zmiany mog\u0105 towarzyszy\u0107 mi\u0119dzy innymi zapaleniu mieszk\u00f3w w\u0142osowych, tr\u0105dzikowi r\u00f3\u017cowatemu czy reakcjom na kosmetyki. W\u0142a\u015bciwe rozpoznanie ma znaczenie dla wyboru odpowiedniego post\u0119powania.<\/p>\n\n\n\n<h2 class=\"wp-block-heading\">Jak cz\u0119sto wyst\u0119puje tr\u0105dzik?<\/h2>\n\n\n\n<p class=\"wp-block-paragraph\"><strong>\u0410\u043a\u043d\u0435 \u0432\u0443\u043b\u044c\u0433\u0430\u0440\u0438\u0441<\/strong> nale\u017cy do najcz\u0119stszych chor\u00f3b sk\u00f3ry. Najcz\u0119\u015bciej pojawia si\u0119 w okresie dojrzewania, kiedy zmienia si\u0119 aktywno\u015b\u0107 hormonalna i zwi\u0119ksza produkcja sebum. Nie oznacza to jednak, \u017ce problem ko\u0144czy si\u0119 wraz z doros\u0142o\u015bci\u0105.<\/p>\n\n\n\n<p class=\"wp-block-paragraph\">Zmiany mog\u0105 utrzymywa\u0107 si\u0119 przez wiele lat lub pojawi\u0107 si\u0119 po raz pierwszy u osoby doros\u0142ej. Szczeg\u00f3ln\u0105 uwag\u0119 zwraca si\u0119 na <strong>\u0432\u0437\u0440\u043e\u0441\u043b\u044b\u0435 \u043f\u0440\u044b\u0449\u0438<\/strong>, kt\u00f3ry cz\u0119sto ma przewlek\u0142y przebieg i mo\u017ce obejmowa\u0107 przede wszystkim doln\u0105 cz\u0119\u015b\u0107 twarzy, okolice \u017cuchwy i brody.<\/p>\n\n\n\n<h2 class=\"wp-block-heading\">Zask\u00f3rniki \u2013 pierwszy sygna\u0142 problemu<\/h2>\n\n\n\n<p class=\"wp-block-paragraph\"><a href=\"https:\/\/wellclinic.pl\/ru\/%d1%8d%d0%bd%d1%86%d0%b8%d0%ba%d0%bb%d0%be%d0%bf%d0%b5%d0%b4%d0%b8%d1%8f\/zaskorniki\/\"><strong>\u0427\u0435\u0440\u043d\u044b\u0435 \u0443\u0433\u0440\u0438 <\/strong><\/a>cz\u0119sto s\u0105 jednymi z pierwszych widocznych objaw\u00f3w tr\u0105dziku. Powstaj\u0105, gdy uj\u015bcie mieszka w\u0142osowego zostaje zablokowane przez sebum i zrogowacia\u0142e kom\u00f3rki nask\u00f3rka. <strong>Zask\u00f3rniki otwarte<\/strong> maj\u0105 charakterystyczny ciemny punkt, natomiast <strong>\u0437\u0430\u043a\u0440\u044b\u0442\u044b\u0435 \u0443\u0433\u0440\u0438<\/strong> wygl\u0105daj\u0105 jak drobne, jasne lub cieliste grudki.<\/p>\n\n\n\n<p class=\"wp-block-paragraph\">Ich obecno\u015b\u0107 nie musi oznacza\u0107 ci\u0119\u017ckiej postaci choroby, ale mo\u017ce wskazywa\u0107 na zaburzenia procesu rogowacenia i zwi\u0119kszon\u0105 aktywno\u015b\u0107 gruczo\u0142\u00f3w \u0142ojowych. <\/p>\n\n\n\n<h2 class=\"wp-block-heading\">Leczenie tr\u0105dziku u nastolatk\u00f3w<\/h2>\n\n\n\n<p class=\"wp-block-paragraph\"><strong>Tr\u0105dzik u nastolatk\u00f3w<\/strong> najcz\u0119\u015bciej pojawia si\u0119 w okresie dojrzewania, gdy zmiany hormonalne zwi\u0119kszaj\u0105 aktywno\u015b\u0107 gruczo\u0142\u00f3w \u0142ojowych i produkcj\u0119 sebum. Na sk\u00f3rze mog\u0105 wyst\u0119powa\u0107 <strong>zask\u00f3rniki, grudki, krosty i zmiany zapalne<\/strong>, obejmuj\u0105ce nie tylko twarz, ale r\u00f3wnie\u017c plecy, klatk\u0119 piersiow\u0105 czy ramiona. Nasilenie objaw\u00f3w mo\u017ce by\u0107 r\u00f3\u017cne \u2013 od pojedynczych niedoskona\u0142o\u015bci po rozleg\u0142e zmiany wymagaj\u0105ce specjalistycznego post\u0119powania.<\/p>\n\n\n\n<p class=\"wp-block-paragraph\"><strong>Sk\u00f3ra nastolatka wymaga odpowiednio dobranej piel\u0119gnacji i leczenia<\/strong>, poniewa\u017c intensywne przesuszanie, cz\u0119ste peelingi czy wyciskanie zmian mog\u0105 dodatkowo nasila\u0107 stan zapalny. W przypadku nawracaj\u0105cego lub nasilonego tr\u0105dziku warto odpowiednio wcze\u015bnie oceni\u0107 kondycj\u0119 sk\u00f3ry i dobra\u0107 spos\u00f3b post\u0119powania do rodzaju zmian. Pozwala to nie tylko ograniczy\u0107 aktywny tr\u0105dzik, ale r\u00f3wnie\u017c zmniejszy\u0107 ryzyko powstawania <strong>przebarwie\u0144 pozapalnych i blizn potr\u0105dzikowych<\/strong>.<\/p>\n\n\n\n<h2 class=\"wp-block-heading\">Leczenie tr\u0105dziku u doros\u0142ych<\/h2>\n\n\n\n<p class=\"wp-block-paragraph\"><strong>Tr\u0105dzik u doros\u0142ych<\/strong> mo\u017ce pojawi\u0107 si\u0119 po raz pierwszy nawet po wielu latach bez problem\u00f3w ze sk\u00f3r\u0105. Cz\u0119sto ma przewlek\u0142y, nawracaj\u0105cy charakter, a zmiany mog\u0105 koncentrowa\u0107 si\u0119 przede wszystkim w okolicy <strong>brody, \u017cuchwy i dolnej cz\u0119\u015bci twarzy<\/strong>. U cz\u0119\u015bci kobiet ich nasilenie mo\u017ce zmienia\u0107 si\u0119 w zale\u017cno\u015bci od cyklu menstruacyjnego, dlatego w przypadku nag\u0142ego wyst\u0105pienia zmian lub ich wyra\u017anego nasilenia warto uwzgl\u0119dni\u0107 r\u00f3wnie\u017c mo\u017cliwe czynniki hormonalne.<\/p>\n\n\n\n<p class=\"wp-block-paragraph\"><strong><a href=\"https:\/\/wellclinic.pl\/ru\/zabiegi-na-tradzik-doroslych-wellclinic-2\/\">Leczenie tr\u0105dziku doros\u0142ych<\/a><\/strong> powinno uwzgl\u0119dnia\u0107 nie tylko widoczne niedoskona\u0142o\u015bci, ale r\u00f3wnie\u017c przyczyn\u0119 i charakter zmian. Znaczenie mog\u0105 mie\u0107 m.in. gospodarka hormonalna, stres, predyspozycje genetyczne, stosowane leki oraz spos\u00f3b piel\u0119gnacji. W zale\u017cno\u015bci od potrzeb sk\u00f3ry stosuje si\u0119 <strong>leczenie miejscowe, terapi\u0119 og\u00f3ln\u0105 oraz odpowiednio dobrane zabiegi wspieraj\u0105ce terapi\u0119 tr\u0105dziku<\/strong>. Indywidualne podej\u015bcie pozwala skoncentrowa\u0107 si\u0119 zar\u00f3wno na wyciszeniu aktywnych zmian, jak i poprawie wygl\u0105du oraz kondycji sk\u00f3ry.<\/p>\n\n\n\n<h2 class=\"wp-block-heading\">Jak powstaj\u0105 zmiany tr\u0105dzikowe?<\/h2>\n\n\n\n<p class=\"wp-block-paragraph\"><strong>Powstawanie zmian tr\u0105dzikowych <\/strong>jest wynikiem kilku proces\u00f3w, kt\u00f3re wzajemnie na siebie oddzia\u0142uj\u0105. Zwi\u0119kszona produkcja sebum tworzy warunki sprzyjaj\u0105ce zatykaniu uj\u015b\u0107 mieszk\u00f3w w\u0142osowych, a zaburzone rogowacenie prowadzi do powstawania mikrozask\u00f3rnik\u00f3w. Z czasem mog\u0105 one przekszta\u0142ca\u0107 si\u0119 w widoczne zask\u00f3rniki.<\/p>\n\n\n\n<p class=\"wp-block-paragraph\">Je\u017celi w obr\u0119bie mieszka w\u0142osowego rozwija si\u0119 stan zapalny, pojawiaj\u0105 si\u0119 <strong>grudki i krosty<\/strong>. Przy bardziej nasilonym procesie zapalnym mog\u0105 powstawa\u0107 g\u0142\u0119bokie guzki i torbiele. To w\u0142a\u015bnie g\u0142\u0119bokie, d\u0142ugo utrzymuj\u0105ce si\u0119 zmiany zapalne wi\u0105\u017c\u0105 si\u0119 z wi\u0119kszym ryzykiem powstawania blizn.<\/p>\n\n\n\n<p class=\"wp-block-paragraph\">\u0421\u0442\u043e\u0438\u0442 \u043f\u043e\u043c\u043d\u0438\u0442\u044c, \u0447\u0442\u043e <strong>\u0430\u043a\u043d\u0435 \u0432\u0443\u043b\u044c\u0433\u0430\u0440\u0438\u0441 <\/strong>nie jest po prostu efektem \u201ebrudnej sk\u00f3ry\u201d. Nadmierne mycie, intensywne peelingi czy agresywne kosmetyki mog\u0105 dodatkowo podra\u017cnia\u0107 sk\u00f3r\u0119 i os\u0142abia\u0107 jej barier\u0119 ochronn\u0105. Piel\u0119gnacja powinna by\u0107 dopasowana do rodzaju zmian i aktualnej kondycji sk\u00f3ry.<\/p>\n\n\n\n<h2 class=\"wp-block-heading\">Czynniki zaostrzaj\u0105ce tr\u0105dzik<\/h2>\n\n\n\n<p class=\"wp-block-paragraph\">\u0425\u043e\u0434 \u0441\u043e\u0431\u044b\u0442\u0438\u0439 <strong>tr\u0105dziku pospolitego<\/strong> mo\u017ce zmienia\u0107 si\u0119 pod wp\u0142ywem wielu czynnik\u00f3w. U cz\u0119\u015bci os\u00f3b znaczenie ma przewlek\u0142y stres, kt\u00f3ry mo\u017ce wp\u0142ywa\u0107 na aktywno\u015b\u0107 gruczo\u0142\u00f3w \u0142ojowych i nasila\u0107 procesy zapalne. Istotna mo\u017ce by\u0107 r\u00f3wnie\u017c niew\u0142a\u015bciwie dobrana piel\u0119gnacja, szczeg\u00f3lnie kosmetyki komedogenne lub nadmierne przesuszanie sk\u00f3ry.<\/p>\n\n\n\n<p class=\"wp-block-paragraph\">Wp\u0142yw na przebieg choroby mo\u017ce mie\u0107 tak\u017ce <strong>\u0434\u0438\u0435\u0442\u0430<\/strong>. Najwi\u0119cej uwagi po\u015bwi\u0119ca si\u0119 produktom o wysokim <strong>indeksie glikemicznym<\/strong> oraz niekt\u00f3rym produktom mlecznym. Nie oznacza to jednak, \u017ce ka\u017cda osoba z tr\u0105dzikiem powinna ca\u0142kowicie wykluczy\u0107 nabia\u0142 czy stosowa\u0107 restrykcyjn\u0105 diet\u0119. Spos\u00f3b \u017cywienia warto traktowa\u0107 jako jeden z element\u00f3w ca\u0142ego post\u0119powania.<\/p>\n\n\n\n<p class=\"wp-block-paragraph\">Na sk\u00f3r\u0119 mog\u0105 wp\u0142ywa\u0107 r\u00f3wnie\u017c niekt\u00f3re leki, z<strong>miany hormonalne<\/strong>, palenie tytoniu, niewystarczaj\u0105ca ilo\u015b\u0107 snu oraz czynniki \u015brodowiskowe. Identyfikacja indywidualnych czynnik\u00f3w nasilaj\u0105cych zmiany mo\u017ce u\u0142atwi\u0107 kontrolowanie choroby.<\/p>\n\n\n\n<h2 class=\"wp-block-heading\">Rodzaje tr\u0105dziku<\/h2>\n\n\n\n<p class=\"wp-block-paragraph\"><strong>\u0410\u043a\u043d\u0435 \u0432\u0443\u043b\u044c\u0433\u0430\u0440\u0438\u0441<\/strong> mo\u017ce wygl\u0105da\u0107 r\u00f3\u017cnie w zale\u017cno\u015bci od rodzaju zmian sk\u00f3rnych i ich nasilenia. W \u0142agodniejszych przypadkach na sk\u00f3rze pojawiaj\u0105 si\u0119 przede wszystkim zask\u00f3rniki otwarte i zamkni\u0119te. T\u0119 posta\u0107 okre\u015bla si\u0119 jako <strong>tr\u0105dzik zask\u00f3rnikowy<\/strong>. Zask\u00f3rniki powstaj\u0105, gdy uj\u015bcia mieszk\u00f3w w\u0142osowych zostaj\u0105 zablokowane przez sebum i zrogowacia\u0142e kom\u00f3rki nask\u00f3rka. Zask\u00f3rniki otwarte maj\u0105 ciemne zabarwienie, natomiast zamkni\u0119te s\u0105 widoczne jako niewielkie, jasne lub cieliste grudki.<\/p>\n\n\n\n<p class=\"wp-block-paragraph\">Gdy do zask\u00f3rnik\u00f3w do\u0142\u0105czaj\u0105 zmiany zapalne, takie jak czerwone grudki i krosty z tre\u015bci\u0105 ropn\u0105, m\u00f3wimy o <strong>tr\u0105dziku grudkowo-krostkowym<\/strong>. Stan zapalny mo\u017ce powodowa\u0107 zaczerwienienie, obrz\u0119k i tkliwo\u015b\u0107 sk\u00f3ry. Zmiany cz\u0119sto wyst\u0119puj\u0105 na twarzy, ale mog\u0105 pojawia\u0107 si\u0119 r\u00f3wnie\u017c na plecach, klatce piersiowej i ramionach.<\/p>\n\n\n\n<p class=\"wp-block-paragraph\">Ci\u0119\u017csz\u0105 postaci\u0105 jest <strong>tr\u0105dzik guzkowo-torbielowaty<\/strong>. W jego przebiegu tworz\u0105 si\u0119 g\u0142\u0119bokie, bolesne guzki i torbiele, kt\u00f3re mog\u0105 utrzymywa\u0107 si\u0119 przez d\u0142u\u017cszy czas. Zmiany obejmuj\u0105 g\u0142\u0119bsze warstwy sk\u00f3ry, dlatego po ich ust\u0105pieniu mog\u0105 pozosta\u0107 blizny potr\u0105dzikowe i przebarwienia.<\/p>\n\n\n\n<p class=\"wp-block-paragraph\">Do najci\u0119\u017cszych odmian nale\u017cy <strong><a href=\"https:\/\/wellclinic.pl\/ru\/%d1%8d%d0%bd%d1%86%d0%b8%d0%ba%d0%bb%d0%be%d0%bf%d0%b5%d0%b4%d0%b8%d1%8f\/%d0%b3%d0%bd%d0%be%d0%b9%d0%bd%d1%8b%d0%b5-%d0%bf%d1%80%d1%8b%d1%89%d0%b8\/\">\u0433\u043d\u043e\u0439\u043d\u0430\u044f \u0443\u0433\u0440\u0435\u0432\u0430\u044f \u0441\u044b\u043f\u044c<\/a><\/strong>, kt\u00f3remu towarzysz\u0105 rozleg\u0142e i g\u0142\u0119bokie zmiany zapalne oraz ropne. W niekt\u00f3rych przypadkach mog\u0105 powstawa\u0107 nacieki i przetoki. Taki przebieg choroby wi\u0105\u017ce si\u0119 z du\u017cym ryzykiem powstawania trwa\u0142ych blizn.<\/p>\n\n\n\n<p class=\"wp-block-paragraph\">Rodzaj zmian ma znaczenie przy wyborze odpowiedniego sposobu leczenia. Innego post\u0119powania wymaga sk\u00f3ra z przewag\u0105 zask\u00f3rnik\u00f3w, a innego g\u0142\u0119boki tr\u0105dzik ze zmianami zapalnymi. Znaczenie ma r\u00f3wnie\u017c lokalizacja zmian, ich nasilenie, czas trwania oraz to, czy na sk\u00f3rze pojawiaj\u0105 si\u0119 ju\u017c blizny lub przebarwienia.<\/p>\n\n\n\n<h2 class=\"wp-block-heading\">Rzadsze postaci tr\u0105dziku<\/h2>\n\n\n\n<p class=\"wp-block-paragraph\">Poza typowymi zmianami <strong>tr\u0105dziku pospolitego<\/strong> wyst\u0119puj\u0105 r\u00f3wnie\u017c rzadsze, ci\u0119\u017csze postacie choroby. Mog\u0105 one przebiega\u0107 z nasilonym stanem zapalnym, g\u0142\u0119bokimi i bolesnymi zmianami oraz wi\u0119kszym ryzykiem powstawania blizn.<\/p>\n\n\n\n<p class=\"wp-block-paragraph\"><strong>Tr\u0105dzik skupiony (acne conglobata)<\/strong> charakteryzuje si\u0119 licznymi guzkami, torbielami, krostami i zask\u00f3rnikami, kt\u00f3re mog\u0105 \u0142\u0105czy\u0107 si\u0119 ze sob\u0105. Zmiany cz\u0119sto pojawiaj\u0105 si\u0119 na twarzy, plecach i klatce piersiowej i mog\u0105 pozostawia\u0107 trwa\u0142e blizny.<\/p>\n\n\n\n<p class=\"wp-block-paragraph\"><strong>Tr\u0105dzik piorunuj\u0105cy (acne fulminans)<\/strong> jest bardzo rzadk\u0105, gwa\u0142townie rozwijaj\u0105c\u0105 si\u0119 postaci\u0105 choroby. Opr\u00f3cz bolesnych zmian sk\u00f3rnych mog\u0105 wyst\u0105pi\u0107 objawy og\u00f3lne, takie jak gor\u0105czka czy os\u0142abienie. Wymaga pilnej konsultacji lekarskiej.<\/p>\n\n\n\n<p class=\"wp-block-paragraph\">Do nietypowych odmian zalicza si\u0119 r\u00f3wnie\u017c <strong>tr\u0105dzik mechaniczny<\/strong>, zwi\u0105zany z tarciem, uciskiem lub przegrzewaniem sk\u00f3ry, oraz zmiany tr\u0105dzikopodobne wywo\u0142ane przez niekt\u00f3re leki.<\/p>\n\n\n\n<p class=\"wp-block-paragraph\">Warto pami\u0119ta\u0107, \u017ce nie ka\u017cda krostka lub grudka oznacza <strong>\u0430\u043a\u043d\u0435 \u0432\u0443\u043b\u044c\u0433\u0430\u0440\u0438\u0441<\/strong>. Podobne objawy mog\u0105 wyst\u0119powa\u0107 m.in. przy <strong>zapaleniu mieszk\u00f3w w\u0142osowych<\/strong> czy innych chorobach sk\u00f3ry. Prawid\u0142owe rozpoznanie pozwala dobra\u0107 w\u0142a\u015bciwe leczenie i ograniczy\u0107 ryzyko powik\u0142a\u0144.<\/p>\n\n\n\n<h2 class=\"wp-block-heading\">Czy zmiany tr\u0105dzikowe mo\u017cna wyciska\u0107?<\/h2>\n\n\n\n<p class=\"wp-block-paragraph\">Wyciskanie zask\u00f3rnik\u00f3w, grudek i krost mo\u017ce wydawa\u0107 si\u0119 szybkim sposobem na pozbycie si\u0119 niedoskona\u0142o\u015bci, ale cz\u0119sto przynosi odwrotny efekt. Mechaniczne uszkadzanie sk\u00f3ry mo\u017ce zwi\u0119ksza\u0107 stan zapalny, wyd\u0142u\u017ca\u0107 gojenie i zwi\u0119ksza\u0107 ryzyko powstania <strong>blizn potr\u0105dzikowych oraz przebarwie\u0144<\/strong>.<\/p>\n\n\n\n<p class=\"wp-block-paragraph\">Szczeg\u00f3lnie nie nale\u017cy samodzielnie wyciska\u0107 g\u0142\u0119bokich, bolesnych zmian. W przypadku nasilonego tr\u0105dziku bezpieczniejsze jest dobranie odpowiedniego leczenia ni\u017c wielokrotne mechaniczne oczyszczanie sk\u00f3ry.<\/p>\n\n\n\n<h2 class=\"wp-block-heading\">Tr\u0105dzik \u2013 jak si\u0119 go pozby\u0107?<\/h2>\n\n\n\n<p class=\"wp-block-paragraph\">Nie istnieje jedna metoda, kt\u00f3ra b\u0119dzie odpowiednia dla ka\u017cdej osoby z tr\u0105dzikiem. Skuteczne post\u0119powanie zale\u017cy od rodzaju zmian, ich nasilenia, wieku pacjenta, lokalizacji oraz wcze\u015bniejszych terapii.<\/p>\n\n\n\n<p class=\"wp-block-paragraph\">Podstaw\u0105 jest odpowiednia diagnostyka i konsekwentne leczenie. W zale\u017cno\u015bci od sytuacji mo\u017ce ono obejmowa\u0107 preparaty stosowane miejscowo, leki doustne, leczenie hormonalne, a w wybranych przypadkach tak\u017ce uzupe\u0142niaj\u0105ce zabiegi dermatologiczne i kosmetologiczne.<\/p>\n\n\n\n<p class=\"wp-block-paragraph\">Warto r\u00f3wnie\u017c pami\u0119ta\u0107, \u017ce <strong>\u043b\u0435\u0447\u0435\u043d\u0438\u0435 \u0430\u043a\u0442\u0438\u0432\u043d\u043e\u0433\u043e \u0430\u043a\u043d\u0435<\/strong> i terapia jego nast\u0119pstw to dwa r\u00f3\u017cne etapy. Blizny i przebarwienia wymagaj\u0105 osobnego podej\u015bcia, dlatego najlepiej zaplanowa\u0107 terapi\u0119 z uwzgl\u0119dnieniem zar\u00f3wno aktualnych zmian, jak i kondycji sk\u00f3ry po ich wyciszeniu.<\/p>\n\n\n\n<h2 class=\"wp-block-heading\">Tr\u0105dzik \u2013 leczenie miejscowe<\/h2>\n\n\n\n<p class=\"wp-block-paragraph\">Przy \u0142agodnym i umiarkowanym nasileniu choroby cz\u0119sto stosuje si\u0119<strong> leczenie miejscowe<\/strong>. W zale\u017cno\u015bci od obrazu klinicznego lekarz mo\u017ce zaleci\u0107 mi\u0119dzy innymi retinoidy, nadtlenek benzoilu, kwas azelainowy lub inne preparaty o dzia\u0142aniu przeciwzapalnym i przeciwzask\u00f3rnikowym.<\/p>\n\n\n\n<p class=\"wp-block-paragraph\">Efekty nie pojawiaj\u0105 si\u0119 natychmiast. Leczenie wymaga regularno\u015bci i odpowiedniego czasu, aby ograniczy\u0107 powstawanie nowych zmian i stopniowo poprawi\u0107 wygl\u0105d sk\u00f3ry. Jednocze\u015bnie nale\u017cy zadba\u0107 o delikatn\u0105 piel\u0119gnacj\u0119 oraz ochron\u0119 przeciws\u0142oneczn\u0105.<\/p>\n\n\n\n<h2 class=\"wp-block-heading\">Tr\u0105dzik \u2013 leczenie doustne<\/h2>\n\n\n\n<p class=\"wp-block-paragraph\">W przypadku bardziej nasilonego tr\u0105dziku samo leczenie miejscowe mo\u017ce by\u0107 niewystarczaj\u0105ce. Dermatolog mo\u017ce w\u00f3wczas rozwa\u017cy\u0107 zastosowanie <strong>lek\u00f3w doustnych<\/strong>, kt\u00f3rych rodzaj zale\u017cy od postaci choroby i indywidualnej sytuacji pacjenta.<\/p>\n\n\n\n<p class=\"wp-block-paragraph\">Terapia og\u00f3lna wymaga kontroli lekarskiej. Nie nale\u017cy samodzielnie rozpoczyna\u0107, modyfikowa\u0107 ani przerywa\u0107 leczenia, poniewa\u017c wyb\u00f3r preparatu i dawki powinien wynika\u0107 z oceny stanu zdrowia oraz charakteru zmian sk\u00f3rnych.<\/p>\n\n\n\n<h2 class=\"wp-block-heading\">Tr\u0105dzik \u2013 antybiotykoterapia<\/h2>\n\n\n\n<p class=\"wp-block-paragraph\">Antybiotyki mog\u0105 by\u0107 stosowane w wybranych przypadkach tr\u0105dziku o nasilonym stanie zapalnym. W terapii wykorzystuje si\u0119 zar\u00f3wno preparaty miejscowe, jak i \u2013 przy odpowiednich wskazaniach \u2013 leczenie doustne.<\/p>\n\n\n\n<p class=\"wp-block-paragraph\">Ze wzgl\u0119du na ryzyko rozwoju antybiotykooporno\u015bci antybiotykoterapia powinna by\u0107 prowadzona zgodnie z zaleceniami lekarza i zwykle nie powinna stanowi\u0107 jedynego elementu d\u0142ugotrwa\u0142ego leczenia.<\/p>\n\n\n\n<h2 class=\"wp-block-heading\">Tr\u0105dzik \u2013 leczenie izotretynoin\u0105<\/h2>\n\n\n\n<p class=\"wp-block-paragraph\"><strong>Izotretynoina<\/strong> jest jednym z najskuteczniejszych lek\u00f3w stosowanych w ci\u0119\u017ckich postaciach tr\u0105dziku oraz w wybranych przypadkach choroby, kt\u00f3ra nie odpowiada na inne metody leczenia. Dzia\u0142a na kilka kluczowych mechanizm\u00f3w odpowiedzialnych za rozw\u00f3j zmian.<\/p>\n\n\n\n<p class=\"wp-block-paragraph\"><strong>Terapia izotretynoin\u0105 <\/strong>wymaga \u015bcis\u0142ego nadzoru dermatologa, odpowiednich bada\u0144 kontrolnych oraz przestrzegania zalece\u0144 dotycz\u0105cych bezpiecze\u0144stwa. Lek mo\u017ce powodowa\u0107 mi\u0119dzy innymi znaczn\u0105 sucho\u015b\u0107 sk\u00f3ry i b\u0142on \u015bluzowych, dlatego podczas terapii konieczna jest w\u0142a\u015bciwa piel\u0119gnacja.<\/p>\n\n\n\n<h2 class=\"wp-block-heading\">Tr\u0105dzik \u2013 leczenie hormonalne<\/h2>\n\n\n\n<p class=\"wp-block-paragraph\">U niekt\u00f3rych kobiet <strong>\u0430\u043a\u043d\u0435 \u0432\u0443\u043b\u044c\u0433\u0430\u0440\u0438\u0441<\/strong> mo\u017ce mie\u0107 zwi\u0105zek z gospodark\u0105 hormonaln\u0105. Szczeg\u00f3lnie istotne jest to w przypadku nag\u0142ego pojawienia si\u0119 zmian w doros\u0142ym wieku, ich nasilania si\u0119 w okre\u015blonych momentach cyklu lub wsp\u00f3\u0142istnienia innych objaw\u00f3w zaburze\u0144 hormonalnych.<\/p>\n\n\n\n<p class=\"wp-block-paragraph\">W takich sytuacjach lekarz mo\u017ce zdecydowa\u0107 o potrzebie wykonania bada\u0144 i konsultacji odpowiednich specjalist\u00f3w. <strong>Leczenie hormonalne<\/strong> dobiera si\u0119 indywidualnie i nie powinno by\u0107 stosowane wy\u0142\u0105cznie na podstawie wygl\u0105du zmian sk\u00f3rnych.<\/p>\n\n\n\n<h2 class=\"wp-block-heading\">Laseroterapia w leczeniu tr\u0105dziku<\/h2>\n\n\n\n<p class=\"wp-block-paragraph\"><strong><a href=\"https:\/\/wellclinic.pl\/ru\/%d0%bb%d0%b5%d1%87%d0%b5%d0%bd%d0%b8%d0%b5-%d0%b0%d0%ba%d1%82%d0%b8%d0%b2%d0%bd%d0%be%d0%b3%d0%be-%d0%b0%d0%ba%d0%bd%d0%b5\/\">\u041b\u0430\u0437\u0435\u0440\u043d\u043e\u0435 \u043b\u0435\u0447\u0435\u043d\u0438\u0435 \u0430\u043a\u043d\u0435<\/a> <\/strong>to jedna z mo\u017cliwo\u015bci nowoczesnego wsparcia terapii aktywnego tr\u0105dziku. Odpowiednio dobrana <strong>energia lasera <\/strong>mo\u017ce dzia\u0142a\u0107 na kilka mechanizm\u00f3w zwi\u0105zanych z powstawaniem zmian \u2013 wspiera\u0107 redukcj\u0119 stanu zapalnego, ogranicza\u0107 aktywno\u015b\u0107 gruczo\u0142\u00f3w \u0142ojowych i poprawia\u0107 kondycj\u0119 sk\u00f3ry. Dzi\u0119ki temu terapia mo\u017ce by\u0107 warto\u015bciowym elementem indywidualnie zaplanowanego post\u0119powania, szczeg\u00f3lnie gdy zale\u017cy nam nie tylko na wyciszeniu zmian, ale r\u00f3wnie\u017c na poprawie og\u00f3lnego wygl\u0105du i jako\u015bci sk\u00f3ry. Jak podkre\u015bla <strong>Kosmetolog Klasy Master Brygida Kasperowicz:<\/strong><\/p>\n\n\n\n<blockquote class=\"wp-block-quote is-layout-flow wp-block-quote-is-layout-flow\">\n<p class=\"wp-block-paragraph\">\u201eLaserowe leczenie tr\u0105dziku daje mo\u017cliwo\u015b\u0107 dzia\u0142ania nie tylko na to, co widzimy na powierzchni sk\u00f3ry, ale r\u00f3wnie\u017c na procesy, kt\u00f3re stoj\u0105 za powstawaniem zmian. To w\u0142a\u015bnie wielokierunkowe dzia\u0142anie sprawia, \u017ce laseroterapia mo\u017ce by\u0107 warto\u015bciowym elementem terapii sk\u00f3ry tr\u0105dzikowej. W zale\u017cno\u015bci od zastosowanej metody zabieg mo\u017ce wp\u0142ywa\u0107 m.in. na wydzielanie sebum, stan zapalny i \u015brodowisko sprzyjaj\u0105ce powstawaniu zmian. Nie ma jednak jednego schematu odpowiedniego dla ka\u017cdej sk\u00f3ry. O wyj\u0105tkowo\u015bci terapii decyduje przede wszystkim jej indywidualne dopasowanie \u2013 do rodzaju tr\u0105dziku, jego nasilenia oraz aktualnej kondycji sk\u00f3ry. Dzi\u0119ki temu mo\u017cna skoncentrowa\u0107 dzia\u0142anie dok\u0142adnie tam, gdzie sk\u00f3ra najbardziej tego potrzebuje.\u201d<\/p>\n\n\n\n<figure class=\"wp-block-image size-large\"><img fetchpriority=\"high\" decoding=\"async\" width=\"683\" height=\"1024\" src=\"https:\/\/wellclinic.pl\/wp-content\/uploads\/2026\/07\/sentiq-683x1024.jpg\" alt=\"\u043b\u0435\u0447\u0435\u043d\u0438\u0435 \u0430\u043a\u043d\u0435\" class=\"wp-image-53391\" srcset=\"https:\/\/wellclinic.pl\/wp-content\/uploads\/2026\/07\/sentiq-683x1024.jpg 683w, https:\/\/wellclinic.pl\/wp-content\/uploads\/2026\/07\/sentiq-200x300.jpg 200w, https:\/\/wellclinic.pl\/wp-content\/uploads\/2026\/07\/sentiq-8x12.jpg 8w, https:\/\/wellclinic.pl\/wp-content\/uploads\/2026\/07\/sentiq.jpg 745w\" sizes=\"(max-width: 683px) 100vw, 683px\" \/><\/figure>\n<\/blockquote>\n\n\n\n<h2 class=\"wp-block-heading\">Jak d\u0142ugo trwa leczenie tr\u0105dziku?<\/h2>\n\n\n\n<p class=\"wp-block-paragraph\"><strong>Leczenie tr\u0105dziku pospolitego<\/strong> jest procesem, kt\u00f3ry wymaga czasu i konsekwencji. Pierwsze efekty mog\u0105 pojawi\u0107 si\u0119 po kilku tygodniach, jednak pe\u0142na poprawa cz\u0119sto wymaga kilku miesi\u0119cy systematycznego post\u0119powania.<\/p>\n\n\n\n<p class=\"wp-block-paragraph\">Czas terapii zale\u017cy od postaci choroby, jej nasilenia, zastosowanych metod oraz indywidualnej reakcji sk\u00f3ry. Nawet po wyciszeniu aktywnych zmian warto kontynuowa\u0107 zalecone dzia\u0142ania podtrzymuj\u0105ce, poniewa\u017c tr\u0105dzik ma charakter przewlek\u0142y i mo\u017ce nawraca\u0107.<\/p>\n\n\n\n<p class=\"wp-block-paragraph\">W przypadku utrzymuj\u0105cych si\u0119 zmian nie warto wielokrotnie zmienia\u0107 kosmetyk\u00f3w na w\u0142asn\u0105 r\u0119k\u0119. Znacznie wa\u017cniejsze jest ustalenie przyczyny problemu i stworzenie sp\u00f3jnego planu terapii.<\/p>\n\n\n\n<h2 class=\"wp-block-heading\">Tr\u0105dzik pospolity a dieta i mikrobiota jelitowa<\/h2>\n\n\n\n<p class=\"wp-block-paragraph\">Zale\u017cno\u015b\u0107 mi\u0119dzy sposobem \u017cywienia a <strong>tr\u0105dzikiem pospolitym<\/strong> jest przedmiotem licznych bada\u0144. Najwi\u0119cej uwagi po\u015bwi\u0119ca si\u0119 diecie o wysokim indeksie glikemicznym oraz potencjalnemu wp\u0142ywowi niekt\u00f3rych produkt\u00f3w mlecznych. Nie oznacza to jednak, \u017ce dieta jest samodzieln\u0105 przyczyn\u0105 tr\u0105dziku.<\/p>\n\n\n\n<p class=\"wp-block-paragraph\">Coraz cz\u0119\u015bciej analizuje si\u0119 r\u00f3wnie\u017c zale\u017cno\u015bci pomi\u0119dzy mikrobiot\u0105 jelitow\u0105, stanem zapalnym i kondycj\u0105 sk\u00f3ry. O\u015b jelita\u2013sk\u00f3ra jest intensywnie badanym obszarem, jednak obecnie nie ma podstaw, aby traktowa\u0107 suplementacj\u0119 probiotykami czy restrykcyjne diety jako uniwersalne leczenie tr\u0105dziku.<\/p>\n\n\n\n<p class=\"wp-block-paragraph\">Najlepsze efekty daje podej\u015bcie obejmuj\u0105ce w\u0142a\u015bciw\u0105 diagnostyk\u0119, odpowiedni\u0105 piel\u0119gnacj\u0119 oraz leczenie dobrane do rodzaju i nasilenia zmian. Dieta mo\u017ce by\u0107 jednym z element\u00f3w wspieraj\u0105cych terapi\u0119, ale nie powinna zast\u0119powa\u0107 leczenia zaleconego przez specjalist\u0119.<\/p>\n\n\n\n<h2 class=\"wp-block-heading\">Tr\u0105dzik pospolity i jego nast\u0119pstwa<\/h2>\n\n\n\n<p class=\"wp-block-paragraph\">Problem nie zawsze ko\u0144czy si\u0119 wraz z ust\u0105pieniem aktywnych zmian. <strong>\u0410\u043a\u043d\u0435 \u0432\u0443\u043b\u044c\u0433\u0430\u0440\u0438\u0441<\/strong> mo\u017ce pozostawia\u0107 przebarwienia pozapalne, nier\u00f3wn\u0105 struktur\u0119 sk\u00f3ry oraz blizny zanikowe lub przerostowe.<\/p>\n\n\n\n<p class=\"wp-block-paragraph\">Dlatego tak wa\u017cne jest odpowiednio wczesne rozpocz\u0119cie leczenia i ograniczenie przewlek\u0142ego stanu zapalnego. Dopiero po opanowaniu aktywnego tr\u0105dziku mo\u017cna zaplanowa\u0107 terapi\u0119 jego nast\u0119pstw, dostosowan\u0105 do rodzaju blizn i aktualnej kondycji sk\u00f3ry.<\/p>\n\n\n\n<h2 class=\"wp-block-heading\">Leczenie tr\u0105dziku dopasowane do potrzeb sk\u00f3ry<\/h2>\n\n\n\n<p class=\"wp-block-paragraph\"><strong>Tr\u0105dzik pospolity wymaga indywidualnego podej\u015bcia<\/strong>, poniewa\u017c podobnie wygl\u0105daj\u0105ce zmiany mog\u0105 mie\u0107 r\u00f3\u017cne przyczyny i r\u00f3\u017cne nasilenie. W Wellclinic plan terapii poprzedza ocena sk\u00f3ry, rodzaju zmian i jej aktualnych potrzeb.<\/p>\n\n\n\n<p class=\"wp-block-paragraph\">W przypadku aktywnego tr\u0105dziku mo\u017cliwe jest zastosowanie odpowiednio dobranej terapii laserowej w ramach <strong>Sentiq Skin<\/strong>. To nowoczesne podej\u015bcie pozwala skoncentrowa\u0107 dzia\u0142anie na sk\u00f3rze wymagaj\u0105cej szczeg\u00f3lnej uwagi, wspieraj\u0105c ograniczenie zmian zapalnych, regulacj\u0119 wydzielania sebum i popraw\u0119 jej kondycji.<\/p>\n\n\n\n<p class=\"wp-block-paragraph\"><strong>Nie musisz godzi\u0107 si\u0119 na kolejne niedoskona\u0142o\u015bci i ci\u0105g\u0142e pr\u00f3by znalezienia skutecznego rozwi\u0105zania.<\/strong> Je\u015bli chcesz \u015bwiadomie zadba\u0107 o sk\u00f3r\u0119 tr\u0105dzikow\u0105 i pozna\u0107 mo\u017cliwo\u015bci nowoczesnej terapii, zr\u00f3b pierwszy krok. <strong><a href=\"https:\/\/wellclinic.pl\/ru\/%d1%81%d0%b2%d1%8f%d0%b7%d0%b0%d1%82%d1%8c%d1%81%d1%8f-%d1%81\/\">\u0421\u0432\u044f\u0436\u0438\u0442\u0435\u0441\u044c \u0441 Wellclinic<\/a><\/strong> i poznaj mo\u017cliwo\u015bci terapii laserowej.<\/p>\n\n\n\n<p class=\"wp-block-paragraph\"><\/p>","protected":false},"excerpt":{"rendered":"<p>Tr\u0105dzik pospolity to jedna z tych przypad\u0142o\u015bci, kt\u00f3re trudno przeoczy\u0107. Pojedyncza krostka przed wa\u017cnym spotkaniem, zask\u00f3rniki, kt\u00f3re pojawiaj\u0105 si\u0119 mimo starannej piel\u0119gnacji, albo nawracaj\u0105ce stany zapalne \u2013 problem mo\u017ce wygl\u0105da\u0107 r\u00f3\u017cnie, ale cz\u0119sto ma wsp\u00f3lne \u017ar\u00f3d\u0142o. Co wa\u017cne, tr\u0105dzik nie jest wy\u0142\u0105cznie problemem nastolatk\u00f3w. Zmiany tr\u0105dzikowe mog\u0105 pojawia\u0107 si\u0119 r\u00f3wnie\u017c u os\u00f3b doros\u0142ych, nawet je\u015bli [&hellip;]<\/p>\n","protected":false},"author":26,"featured_media":55039,"comment_status":"closed","ping_status":"closed","sticky":false,"template":"","format":"standard","meta":{"_acf_changed":false,"footnotes":""},"categories":[101],"tags":[],"class_list":["post-55037","post","type-post","status-publish","format-standard","has-post-thumbnail","hentry","category-zabieg-laserowy"],"acf":[],"yoast_head":"<!-- This site is optimized with the Yoast SEO plugin v28.4 - https:\/\/yoast.com\/product\/yoast-seo-wordpress\/ -->\n<title>Tr\u0105dzik pospolity \u2013 przyczyny, objawy i nowoczesne leczenie<\/title>\n<meta name=\"description\" content=\"Tr\u0105dzik pospolity \u2013 poznaj jego przyczyny, rodzaje i objawy oraz sprawd\u017a, jakie mo\u017cliwo\u015bci oferuje nowoczesne leczenie tr\u0105dziku.\" \/>\n<meta name=\"robots\" content=\"index, follow, max-snippet:-1, max-image-preview:large, max-video-preview:-1\" \/>\n<link rel=\"canonical\" href=\"https:\/\/wellclinic.pl\/ru\/tradzik-pospolity-poznaj-przyczyny-zmian-i-mozliwosci-nowoczesnego-leczenia\/\" \/>\n<meta property=\"og:locale\" content=\"ru_RU\" \/>\n<meta property=\"og:type\" content=\"article\" \/>\n<meta property=\"og:title\" content=\"Tr\u0105dzik pospolity \u2013 przyczyny, objawy i nowoczesne leczenie\" \/>\n<meta property=\"og:description\" content=\"Tr\u0105dzik pospolity \u2013 poznaj jego przyczyny, rodzaje i objawy oraz sprawd\u017a, jakie mo\u017cliwo\u015bci oferuje nowoczesne leczenie tr\u0105dziku.\" \/>\n<meta property=\"og:url\" content=\"https:\/\/wellclinic.pl\/ru\/tradzik-pospolity-poznaj-przyczyny-zmian-i-mozliwosci-nowoczesnego-leczenia\/\" \/>\n<meta property=\"og:site_name\" content=\"Wellclinic\" \/>\n<meta property=\"article:published_time\" content=\"2026-09-01T12:15:05+00:00\" \/>\n<meta property=\"article:modified_time\" content=\"2026-09-01T12:55:53+00:00\" \/>\n<meta property=\"og:image\" content=\"https:\/\/wellclinic.pl\/wp-content\/uploads\/2026\/09\/tradzik_pospolity_2026a.webp\" \/>\n\t<meta property=\"og:image:width\" content=\"1024\" \/>\n\t<meta property=\"og:image:height\" content=\"793\" \/>\n\t<meta property=\"og:image:type\" content=\"image\/webp\" \/>\n<meta name=\"author\" content=\"Katarzyna Paw\u0142owska\" \/>\n<meta name=\"twitter:card\" content=\"summary_large_image\" \/>\n<meta name=\"twitter:label1\" content=\"\u041d\u0430\u043f\u0438\u0441\u0430\u043d\u043e \u0430\u0432\u0442\u043e\u0440\u043e\u043c\" \/>\n\t<meta name=\"twitter:data1\" content=\"Katarzyna Paw\u0142owska\" \/>\n\t<meta name=\"twitter:label2\" content=\"\u041f\u0440\u0438\u043c\u0435\u0440\u043d\u043e\u0435 \u0432\u0440\u0435\u043c\u044f \u0434\u043b\u044f \u0447\u0442\u0435\u043d\u0438\u044f\" \/>\n\t<meta name=\"twitter:data2\" content=\"15 \u043c\u0438\u043d\u0443\u0442\" \/>\n<script type=\"application\/ld+json\" class=\"yoast-schema-graph\">{\"@context\":\"https:\\\/\\\/schema.org\",\"@graph\":[{\"@type\":\"Article\",\"@id\":\"https:\\\/\\\/wellclinic.pl\\\/tradzik-pospolity-poznaj-przyczyny-zmian-i-mozliwosci-nowoczesnego-leczenia\\\/#article\",\"isPartOf\":{\"@id\":\"https:\\\/\\\/wellclinic.pl\\\/tradzik-pospolity-poznaj-przyczyny-zmian-i-mozliwosci-nowoczesnego-leczenia\\\/\"},\"author\":{\"name\":\"Katarzyna Paw\u0142owska\",\"@id\":\"https:\\\/\\\/wellclinic.pl\\\/#\\\/schema\\\/person\\\/d6ba279cafc77bac21a8cf59a8aa67d6\"},\"headline\":\"Tr\u0105dzik pospolity \u2013 poznaj przyczyny zmian i mo\u017cliwo\u015bci nowoczesnego leczenia\",\"datePublished\":\"2026-09-01T12:15:05+00:00\",\"dateModified\":\"2026-09-01T12:55:53+00:00\",\"mainEntityOfPage\":{\"@id\":\"https:\\\/\\\/wellclinic.pl\\\/tradzik-pospolity-poznaj-przyczyny-zmian-i-mozliwosci-nowoczesnego-leczenia\\\/\"},\"wordCount\":3128,\"image\":{\"@id\":\"https:\\\/\\\/wellclinic.pl\\\/tradzik-pospolity-poznaj-przyczyny-zmian-i-mozliwosci-nowoczesnego-leczenia\\\/#primaryimage\"},\"thumbnailUrl\":\"https:\\\/\\\/wellclinic.pl\\\/wp-content\\\/uploads\\\/2026\\\/09\\\/tradzik_pospolity_2026a.webp\",\"articleSection\":[\"Zabieg laserowy\"],\"inLanguage\":\"ru-RU\"},{\"@type\":\"WebPage\",\"@id\":\"https:\\\/\\\/wellclinic.pl\\\/tradzik-pospolity-poznaj-przyczyny-zmian-i-mozliwosci-nowoczesnego-leczenia\\\/\",\"url\":\"https:\\\/\\\/wellclinic.pl\\\/tradzik-pospolity-poznaj-przyczyny-zmian-i-mozliwosci-nowoczesnego-leczenia\\\/\",\"name\":\"Tr\u0105dzik pospolity \u2013 przyczyny, objawy i nowoczesne leczenie\",\"isPartOf\":{\"@id\":\"https:\\\/\\\/wellclinic.pl\\\/#website\"},\"primaryImageOfPage\":{\"@id\":\"https:\\\/\\\/wellclinic.pl\\\/tradzik-pospolity-poznaj-przyczyny-zmian-i-mozliwosci-nowoczesnego-leczenia\\\/#primaryimage\"},\"image\":{\"@id\":\"https:\\\/\\\/wellclinic.pl\\\/tradzik-pospolity-poznaj-przyczyny-zmian-i-mozliwosci-nowoczesnego-leczenia\\\/#primaryimage\"},\"thumbnailUrl\":\"https:\\\/\\\/wellclinic.pl\\\/wp-content\\\/uploads\\\/2026\\\/09\\\/tradzik_pospolity_2026a.webp\",\"datePublished\":\"2026-09-01T12:15:05+00:00\",\"dateModified\":\"2026-09-01T12:55:53+00:00\",\"author\":{\"@id\":\"https:\\\/\\\/wellclinic.pl\\\/#\\\/schema\\\/person\\\/d6ba279cafc77bac21a8cf59a8aa67d6\"},\"description\":\"Tr\u0105dzik pospolity \u2013 poznaj jego przyczyny, rodzaje i objawy oraz sprawd\u017a, jakie mo\u017cliwo\u015bci oferuje nowoczesne leczenie tr\u0105dziku.\",\"breadcrumb\":{\"@id\":\"https:\\\/\\\/wellclinic.pl\\\/tradzik-pospolity-poznaj-przyczyny-zmian-i-mozliwosci-nowoczesnego-leczenia\\\/#breadcrumb\"},\"inLanguage\":\"ru-RU\",\"potentialAction\":[{\"@type\":\"ReadAction\",\"target\":[\"https:\\\/\\\/wellclinic.pl\\\/tradzik-pospolity-poznaj-przyczyny-zmian-i-mozliwosci-nowoczesnego-leczenia\\\/\"]}]},{\"@type\":\"ImageObject\",\"inLanguage\":\"ru-RU\",\"@id\":\"https:\\\/\\\/wellclinic.pl\\\/tradzik-pospolity-poznaj-przyczyny-zmian-i-mozliwosci-nowoczesnego-leczenia\\\/#primaryimage\",\"url\":\"https:\\\/\\\/wellclinic.pl\\\/wp-content\\\/uploads\\\/2026\\\/09\\\/tradzik_pospolity_2026a.webp\",\"contentUrl\":\"https:\\\/\\\/wellclinic.pl\\\/wp-content\\\/uploads\\\/2026\\\/09\\\/tradzik_pospolity_2026a.webp\",\"width\":1024,\"height\":793,\"caption\":\"Tr\u0105dzik pospolity\"},{\"@type\":\"BreadcrumbList\",\"@id\":\"https:\\\/\\\/wellclinic.pl\\\/tradzik-pospolity-poznaj-przyczyny-zmian-i-mozliwosci-nowoczesnego-leczenia\\\/#breadcrumb\",\"itemListElement\":[{\"@type\":\"ListItem\",\"position\":1,\"name\":\"Strona g\u0142\u00f3wna\",\"item\":\"https:\\\/\\\/wellclinic.pl\\\/\"},{\"@type\":\"ListItem\",\"position\":2,\"name\":\"Tr\u0105dzik pospolity \u2013 poznaj przyczyny zmian i mo\u017cliwo\u015bci nowoczesnego leczenia\"}]},{\"@type\":\"WebSite\",\"@id\":\"https:\\\/\\\/wellclinic.pl\\\/#website\",\"url\":\"https:\\\/\\\/wellclinic.pl\\\/\",\"name\":\"Wellclinic Klinika Medycyny Estetycznej - Warszawa | Gda\u0144sk | Krak\u00f3w\",\"description\":\"Klinika Medycyny Estetycznej - Warszawa i Gda\u0144sk\",\"potentialAction\":[{\"@type\":\"SearchAction\",\"target\":{\"@type\":\"EntryPoint\",\"urlTemplate\":\"https:\\\/\\\/wellclinic.pl\\\/?s={search_term_string}\"},\"query-input\":{\"@type\":\"PropertyValueSpecification\",\"valueRequired\":true,\"valueName\":\"search_term_string\"}}],\"inLanguage\":\"ru-RU\"},{\"@type\":\"Person\",\"@id\":\"https:\\\/\\\/wellclinic.pl\\\/#\\\/schema\\\/person\\\/d6ba279cafc77bac21a8cf59a8aa67d6\",\"name\":\"Katarzyna Paw\u0142owska\",\"url\":\"https:\\\/\\\/wellclinic.pl\\\/ru\\\/author\\\/kasia\\\/\"}]}<\/script>\n<!-- \/ Yoast SEO plugin. -->","yoast_head_json":{"title":"Tr\u0105dzik pospolity \u2013 przyczyny, objawy i nowoczesne leczenie","description":"Tr\u0105dzik pospolity \u2013 poznaj jego przyczyny, rodzaje i objawy oraz sprawd\u017a, jakie mo\u017cliwo\u015bci oferuje nowoczesne leczenie tr\u0105dziku.","robots":{"index":"index","follow":"follow","max-snippet":"max-snippet:-1","max-image-preview":"max-image-preview:large","max-video-preview":"max-video-preview:-1"},"canonical":"https:\/\/wellclinic.pl\/ru\/tradzik-pospolity-poznaj-przyczyny-zmian-i-mozliwosci-nowoczesnego-leczenia\/","og_locale":"ru_RU","og_type":"article","og_title":"Tr\u0105dzik pospolity \u2013 przyczyny, objawy i nowoczesne leczenie","og_description":"Tr\u0105dzik pospolity \u2013 poznaj jego przyczyny, rodzaje i objawy oraz sprawd\u017a, jakie mo\u017cliwo\u015bci oferuje nowoczesne leczenie tr\u0105dziku.","og_url":"https:\/\/wellclinic.pl\/ru\/tradzik-pospolity-poznaj-przyczyny-zmian-i-mozliwosci-nowoczesnego-leczenia\/","og_site_name":"Wellclinic","article_published_time":"2026-09-01T12:15:05+00:00","article_modified_time":"2026-09-01T12:55:53+00:00","og_image":[{"width":1024,"height":793,"url":"https:\/\/wellclinic.pl\/wp-content\/uploads\/2026\/09\/tradzik_pospolity_2026a.webp","type":"image\/webp"}],"author":"Katarzyna Paw\u0142owska","twitter_card":"summary_large_image","twitter_misc":{"\u041d\u0430\u043f\u0438\u0441\u0430\u043d\u043e \u0430\u0432\u0442\u043e\u0440\u043e\u043c":"Katarzyna Paw\u0142owska","\u041f\u0440\u0438\u043c\u0435\u0440\u043d\u043e\u0435 \u0432\u0440\u0435\u043c\u044f \u0434\u043b\u044f \u0447\u0442\u0435\u043d\u0438\u044f":"15 \u043c\u0438\u043d\u0443\u0442"},"schema":{"@context":"https:\/\/schema.org","@graph":[{"@type":"Article","@id":"https:\/\/wellclinic.pl\/tradzik-pospolity-poznaj-przyczyny-zmian-i-mozliwosci-nowoczesnego-leczenia\/#article","isPartOf":{"@id":"https:\/\/wellclinic.pl\/tradzik-pospolity-poznaj-przyczyny-zmian-i-mozliwosci-nowoczesnego-leczenia\/"},"author":{"name":"Katarzyna Paw\u0142owska","@id":"https:\/\/wellclinic.pl\/#\/schema\/person\/d6ba279cafc77bac21a8cf59a8aa67d6"},"headline":"Tr\u0105dzik pospolity \u2013 poznaj przyczyny zmian i mo\u017cliwo\u015bci nowoczesnego leczenia","datePublished":"2026-09-01T12:15:05+00:00","dateModified":"2026-09-01T12:55:53+00:00","mainEntityOfPage":{"@id":"https:\/\/wellclinic.pl\/tradzik-pospolity-poznaj-przyczyny-zmian-i-mozliwosci-nowoczesnego-leczenia\/"},"wordCount":3128,"image":{"@id":"https:\/\/wellclinic.pl\/tradzik-pospolity-poznaj-przyczyny-zmian-i-mozliwosci-nowoczesnego-leczenia\/#primaryimage"},"thumbnailUrl":"https:\/\/wellclinic.pl\/wp-content\/uploads\/2026\/09\/tradzik_pospolity_2026a.webp","articleSection":["Zabieg laserowy"],"inLanguage":"ru-RU"},{"@type":"WebPage","@id":"https:\/\/wellclinic.pl\/tradzik-pospolity-poznaj-przyczyny-zmian-i-mozliwosci-nowoczesnego-leczenia\/","url":"https:\/\/wellclinic.pl\/tradzik-pospolity-poznaj-przyczyny-zmian-i-mozliwosci-nowoczesnego-leczenia\/","name":"Tr\u0105dzik pospolity \u2013 przyczyny, objawy i nowoczesne leczenie","isPartOf":{"@id":"https:\/\/wellclinic.pl\/#website"},"primaryImageOfPage":{"@id":"https:\/\/wellclinic.pl\/tradzik-pospolity-poznaj-przyczyny-zmian-i-mozliwosci-nowoczesnego-leczenia\/#primaryimage"},"image":{"@id":"https:\/\/wellclinic.pl\/tradzik-pospolity-poznaj-przyczyny-zmian-i-mozliwosci-nowoczesnego-leczenia\/#primaryimage"},"thumbnailUrl":"https:\/\/wellclinic.pl\/wp-content\/uploads\/2026\/09\/tradzik_pospolity_2026a.webp","datePublished":"2026-09-01T12:15:05+00:00","dateModified":"2026-09-01T12:55:53+00:00","author":{"@id":"https:\/\/wellclinic.pl\/#\/schema\/person\/d6ba279cafc77bac21a8cf59a8aa67d6"},"description":"Tr\u0105dzik pospolity \u2013 poznaj jego przyczyny, rodzaje i objawy oraz sprawd\u017a, jakie mo\u017cliwo\u015bci oferuje nowoczesne leczenie tr\u0105dziku.","breadcrumb":{"@id":"https:\/\/wellclinic.pl\/tradzik-pospolity-poznaj-przyczyny-zmian-i-mozliwosci-nowoczesnego-leczenia\/#breadcrumb"},"inLanguage":"ru-RU","potentialAction":[{"@type":"ReadAction","target":["https:\/\/wellclinic.pl\/tradzik-pospolity-poznaj-przyczyny-zmian-i-mozliwosci-nowoczesnego-leczenia\/"]}]},{"@type":"ImageObject","inLanguage":"ru-RU","@id":"https:\/\/wellclinic.pl\/tradzik-pospolity-poznaj-przyczyny-zmian-i-mozliwosci-nowoczesnego-leczenia\/#primaryimage","url":"https:\/\/wellclinic.pl\/wp-content\/uploads\/2026\/09\/tradzik_pospolity_2026a.webp","contentUrl":"https:\/\/wellclinic.pl\/wp-content\/uploads\/2026\/09\/tradzik_pospolity_2026a.webp","width":1024,"height":793,"caption":"Tr\u0105dzik pospolity"},{"@type":"BreadcrumbList","@id":"https:\/\/wellclinic.pl\/tradzik-pospolity-poznaj-przyczyny-zmian-i-mozliwosci-nowoczesnego-leczenia\/#breadcrumb","itemListElement":[{"@type":"ListItem","position":1,"name":"Strona g\u0142\u00f3wna","item":"https:\/\/wellclinic.pl\/"},{"@type":"ListItem","position":2,"name":"Tr\u0105dzik pospolity \u2013 poznaj przyczyny zmian i mo\u017cliwo\u015bci nowoczesnego leczenia"}]},{"@type":"WebSite","@id":"https:\/\/wellclinic.pl\/#website","url":"https:\/\/wellclinic.pl\/","name":"\u041a\u043b\u0438\u043d\u0438\u043a\u0430 \u044d\u0441\u0442\u0435\u0442\u0438\u0447\u0435\u0441\u043a\u043e\u0439 \u043c\u0435\u0434\u0438\u0446\u0438\u043d\u044b Wellclinic - \u0412\u0430\u0440\u0448\u0430\u0432\u0430 | \u0413\u0434\u0430\u043d\u044c\u0441\u043a | \u041a\u0440\u0430\u043a\u043e\u0432","description":"\u041a\u043b\u0438\u043d\u0438\u043a\u0430 \u044d\u0441\u0442\u0435\u0442\u0438\u0447\u0435\u0441\u043a\u043e\u0439 \u043c\u0435\u0434\u0438\u0446\u0438\u043d\u044b - \u0412\u0430\u0440\u0448\u0430\u0432\u0430 \u0438 \u0413\u0434\u0430\u043d\u044c\u0441\u043a","potentialAction":[{"@type":"SearchAction","target":{"@type":"EntryPoint","urlTemplate":"https:\/\/wellclinic.pl\/?s={search_term_string}"},"query-input":{"@type":"PropertyValueSpecification","valueRequired":true,"valueName":"search_term_string"}}],"inLanguage":"ru-RU"},{"@type":"Person","@id":"https:\/\/wellclinic.pl\/#\/schema\/person\/d6ba279cafc77bac21a8cf59a8aa67d6","name":"\u041a\u0430\u0442\u0430\u0436\u0438\u043d\u0430 \u041f\u0430\u0432\u043b\u043e\u0432\u0441\u043a\u0430","url":"https:\/\/wellclinic.pl\/ru\/author\/kasia\/"}]}},"_links":{"self":[{"href":"https:\/\/wellclinic.pl\/ru\/wp-json\/wp\/v2\/posts\/55037","targetHints":{"allow":["GET"]}}],"collection":[{"href":"https:\/\/wellclinic.pl\/ru\/wp-json\/wp\/v2\/posts"}],"about":[{"href":"https:\/\/wellclinic.pl\/ru\/wp-json\/wp\/v2\/types\/post"}],"author":[{"embeddable":true,"href":"https:\/\/wellclinic.pl\/ru\/wp-json\/wp\/v2\/users\/26"}],"replies":[{"embeddable":true,"href":"https:\/\/wellclinic.pl\/ru\/wp-json\/wp\/v2\/comments?post=55037"}],"version-history":[{"count":3,"href":"https:\/\/wellclinic.pl\/ru\/wp-json\/wp\/v2\/posts\/55037\/revisions"}],"predecessor-version":[{"id":55043,"href":"https:\/\/wellclinic.pl\/ru\/wp-json\/wp\/v2\/posts\/55037\/revisions\/55043"}],"wp:featuredmedia":[{"embeddable":true,"href":"https:\/\/wellclinic.pl\/ru\/wp-json\/wp\/v2\/media\/55039"}],"wp:attachment":[{"href":"https:\/\/wellclinic.pl\/ru\/wp-json\/wp\/v2\/media?parent=55037"}],"wp:term":[{"taxonomy":"category","embeddable":true,"href":"https:\/\/wellclinic.pl\/ru\/wp-json\/wp\/v2\/categories?post=55037"},{"taxonomy":"post_tag","embeddable":true,"href":"https:\/\/wellclinic.pl\/ru\/wp-json\/wp\/v2\/tags?post=55037"}],"curies":[{"name":"wp","href":"https:\/\/api.w.org\/{rel}","templated":true}]}}