{"id":6715,"date":"2026-08-24T00:03:00","date_gmt":"2026-08-23T22:03:00","guid":{"rendered":"https:\/\/wellclinic.pl\/?p=6715"},"modified":"2026-09-02T12:04:31","modified_gmt":"2026-09-02T10:04:31","slug":"%d0%ba%d0%b0%d0%ba-%d1%8d%d1%84%d1%84%d0%b5%d0%ba%d1%82%d0%b8%d0%b2%d0%bd%d0%be-%d0%b2%d1%8b%d0%bb%d0%b5%d1%87%d0%b8%d1%82%d1%8c-%d1%85%d1%80%d0%b0%d0%bf","status":"publish","type":"post","link":"https:\/\/wellclinic.pl\/ru\/jak-skutecznie-wyleczyc-chrapanie\/","title":{"rendered":"\u041a\u0430\u043a \u044d\u0444\u0444\u0435\u043a\u0442\u0438\u0432\u043d\u043e \u0438\u0437\u0431\u0430\u0432\u0438\u0442\u044c\u0441\u044f \u043e\u0442 \u0445\u0440\u0430\u043f\u0430 \u0438 \u0443\u0441\u0442\u0440\u0430\u043d\u0438\u0442\u044c \u0441\u0432\u044f\u0437\u0430\u043d\u043d\u044b\u0435 \u0441 \u043d\u0438\u043c \u043d\u0435\u043f\u0440\u0438\u044f\u0442\u043d\u044b\u0435 \u0441\u0438\u043c\u043f\u0442\u043e\u043c\u044b?"},"content":{"rendered":"<p class=\"wp-block-paragraph\"><strong>To mo\u017ce nie by\u0107 tylko chrapanie.<\/strong> Je\u015bli ka\u017cdej nocy g\u0142o\u015bno chrapiesz, a rano budzisz si\u0119 zm\u0119czony, z b\u00f3lem g\u0142owy albo masz wra\u017cenie, \u017ce mimo przespanej nocy nadal brakuje Ci energii, nie warto tego ignorowa\u0107. Za pozornie niewinnym d\u017awi\u0119kiem mo\u017ce kry\u0107 si\u0119 problem z oddychaniem podczas snu.<\/p>\n\n\n\n<p class=\"wp-block-paragraph\">Regularne, g\u0142o\u015bne <strong>\u0445\u0440\u0430\u043f<\/strong> nie jest wy\u0142\u0105cznie problemem, kt\u00f3ry utrudnia sen osobie \u015bpi\u0105cej obok. Mo\u017ce by\u0107 sygna\u0142em, \u017ce podczas snu przep\u0142yw powietrza przez g\u00f3rne drogi oddechowe jest utrudniony. Kiedy ich \u015bwiat\u0142o si\u0119 zw\u0119\u017ca, przep\u0142yw powietrza staje si\u0119 turbulentny, a tkanki mi\u0119kkie gard\u0142a zaczynaj\u0105 drga\u0107.<\/p>\n\n\n\n<p class=\"wp-block-paragraph\">Czasem pow\u00f3d jest prosty: niedro\u017cny nos, infekcja, alkohol wypity wieczorem albo spanie na plecach. W innych przypadkach przyczyn\u0105 s\u0105 utrwalone zmiany anatomiczne lub zaburzenia oddychania podczas snu. Dlatego <strong><a href=\"https:\/\/wellclinic.pl\/ru\/%d0%bb%d0%b5%d1%87%d0%b5%d0%bd%d0%b8%d0%b5-%d1%85%d1%80%d0%b0%d0%bf%d0%b0\/\">\u043b\u0435\u0447\u0435\u043d\u0438\u0435 \u0445\u0440\u0430\u043f\u0430<\/a><\/strong> powinno zaczyna\u0107 si\u0119 od ustalenia, sk\u0105d w\u0142a\u015bciwie bierze si\u0119 problem.<\/p>\n\n\n\n<h2 class=\"wp-block-heading\">Sk\u0105d bierze si\u0119 chrapanie?<\/h2>\n\n\n\n<p class=\"wp-block-paragraph\">Podczas snu zmniejsza si\u0119 napi\u0119cie mi\u0119\u015bni gard\u0142a, j\u0119zyka i podniebienia mi\u0119kkiego. U cz\u0119\u015bci os\u00f3b prowadzi to do cz\u0119\u015bciowego zw\u0119\u017cenia g\u00f3rnych dr\u00f3g oddechowych. Powietrze musi wtedy przep\u0142ywa\u0107 przez w\u0119\u017csz\u0105 przestrze\u0144, a jego ruch powoduje drgania tkanek.<\/p>\n\n\n\n<p class=\"wp-block-paragraph\">Najcz\u0119\u015bciej wibruje podniebienie mi\u0119kkie oraz j\u0119zyczek. Na przep\u0142yw powietrza wp\u0142ywa r\u00f3wnie\u017c po\u0142o\u017cenie j\u0119zyka. Je\u017celi podczas snu przesuwa si\u0119 on ku ty\u0142owi, przestrze\u0144 w gardle mo\u017ce dodatkowo si\u0119 zmniejsza\u0107.<\/p>\n\n\n\n<p class=\"wp-block-paragraph\">Na mechanizm powstawania problemu wp\u0142ywa r\u00f3wnie\u017c anatomia nosa. <strong><a href=\"https:\/\/wellclinic.pl\/ru\/%d1%8d%d0%bd%d1%86%d0%b8%d0%ba%d0%bb%d0%be%d0%bf%d0%b5%d0%b4%d0%b8%d1%8f\/%d0%b8%d1%81%d0%ba%d1%80%d0%b8%d0%b2%d0%bb%d0%b5%d0%bd%d0%bd%d0%b0%d1%8f-%d0%bd%d0%be%d1%81%d0%be%d0%b2%d0%b0%d1%8f-%d0%bf%d0%b5%d1%80%d0%b5%d0%b3%d0%be%d1%80%d0%be%d0%b4%d0%ba%d0%b0\/\">\u0418\u0441\u043a\u0440\u0438\u0432\u043b\u0435\u043d\u043d\u0430\u044f \u043d\u043e\u0441\u043e\u0432\u0430\u044f \u043f\u0435\u0440\u0435\u0433\u043e\u0440\u043e\u0434\u043a\u0430<\/a><\/strong>, p<strong>rzerost ma\u0142\u017cowin nosowych czy przewlek\u0142y obrz\u0119k b\u0142ony \u015bluzowej <\/strong>mog\u0105 utrudnia\u0107 oddychanie przez nos. Organizm zaczyna wtedy korzysta\u0107 z oddychania przez usta, co mo\u017ce sprzyja\u0107 nasileniu drga\u0144 tkanek gard\u0142a.<\/p>\n\n\n\n<h2 class=\"wp-block-heading\">\u041f\u0440\u0438\u0447\u0438\u043d\u044b \u0445\u0440\u0430\u043f\u0430<\/h2>\n\n\n\n<p class=\"wp-block-paragraph\"><strong>\u041f\u0440\u0438\u0447\u0438\u043d\u044b \u0445\u0440\u0430\u043f\u0430<\/strong> rzadko ograniczaj\u0105 si\u0119 do jednego czynnika. Znaczenie ma zar\u00f3wno budowa anatomiczna dr\u00f3g oddechowych, jak i styl \u017cycia czy jako\u015b\u0107 snu.<\/p>\n\n\n\n<p class=\"wp-block-paragraph\">Jednym z problem\u00f3w mo\u017ce by\u0107 <strong>nieprawid\u0142owa budowa nosa<\/strong>. Zw\u0119\u017cenie przewod\u00f3w nosowych zwi\u0119ksza op\u00f3r dla przep\u0142ywaj\u0105cego powietrza. Podobny efekt mo\u017ce powodowa\u0107 przewlek\u0142y nie\u017cyt nosa, alergia albo infekcja, podczas kt\u00f3rej dochodzi do obrz\u0119ku b\u0142ony \u015bluzowej.<\/p>\n\n\n\n<p class=\"wp-block-paragraph\">\u0412\u0430\u0436\u043d\u043e\u0435 \u0437\u043d\u0430\u0447\u0435\u043d\u0438\u0435 \u0438\u043c\u0435\u0435\u0442 \u0442\u0430\u043a\u0436\u0435 <strong>budowa gard\u0142a<\/strong>. Wyd\u0142u\u017cone lub wiotkie podniebienie mi\u0119kkie, wi\u0119kszy j\u0119zyczek czy nadmiar tkanek w obr\u0119bie gard\u0142a mog\u0105 zwi\u0119ksza\u0107 podatno\u015b\u0107 na ich drgania podczas snu. U niekt\u00f3rych os\u00f3b znaczenie ma r\u00f3wnie\u017c cofni\u0119ta \u017cuchwa, kt\u00f3ra ogranicza przestrze\u0144 dla j\u0119zyka i mo\u017ce sprzyja\u0107 zw\u0119\u017ceniu gard\u0142a.<\/p>\n\n\n\n<p class=\"wp-block-paragraph\"><strong>\u0425\u0440\u0430\u043f<\/strong> mo\u017ce nasila\u0107 si\u0119 wraz ze wzrostem masy cia\u0142a. Dodatkowa tkanka w okolicy szyi mo\u017ce zmniejsza\u0107 przestrze\u0144, przez kt\u00f3r\u0105 przep\u0142ywa powietrze. Nie oznacza to jednak, \u017ce ka\u017cda osoba z nadwag\u0105 chrapie ani \u017ce redukcja masy cia\u0142a rozwi\u0105\u017ce problem w ka\u017cdym przypadku.<\/p>\n\n\n\n<h2 class=\"wp-block-heading\">Co nasila chrapanie?<\/h2>\n\n\n\n<p class=\"wp-block-paragraph\">\u041d\u0430 \u0441\u0430\u0439\u0442\u0435 <strong>intensywno\u015b\u0107 chrapania <\/strong>wp\u0142ywa r\u00f3wnie\u017c spos\u00f3b funkcjonowania organizmu przed snem. Alkohol zmniejsza napi\u0119cie mi\u0119\u015bniowe, dlatego jego spo\u017cycie wieczorem mo\u017ce sprzyja\u0107 zapadaniu si\u0119 tkanek gard\u0142a. Podobnie dzia\u0142aj\u0105 niekt\u00f3re leki uspokajaj\u0105ce i nasenne.<\/p>\n\n\n\n<p class=\"wp-block-paragraph\">Znaczenie ma tak\u017ce pozycja podczas snu. Spanie na plecach u cz\u0119\u015bci os\u00f3b nasila przesuwanie j\u0119zyka w kierunku tylnej \u015bciany gard\u0142a. Zmiana pozycji na boczn\u0105 mo\u017ce w takim przypadku ograniczy\u0107 objawy.<\/p>\n\n\n\n<p class=\"wp-block-paragraph\"><strong>\u0425\u0440\u0430\u043f <\/strong>cz\u0119sto pojawia si\u0119 lub nasila r\u00f3wnie\u017c podczas infekcji g\u00f3rnych dr\u00f3g oddechowych. Zatkany nos utrudnia swobodny przep\u0142yw powietrza, a obrz\u0119k b\u0142on \u015bluzowych zwi\u0119ksza op\u00f3r w drogach oddechowych.<\/p>\n\n\n\n<p class=\"wp-block-paragraph\">Nie bez znaczenia jest jako\u015b\u0107 snu. D\u0142ugotrwa\u0142e zm\u0119czenie i nieregularny rytm dobowy mog\u0105 wp\u0142ywa\u0107 na napi\u0119cie mi\u0119\u015bniowe oraz przebieg nocnego oddychania.<\/p>\n\n\n\n<h2 class=\"wp-block-heading\">\u041a\u0430\u043a \u043b\u0435\u0447\u0438\u0442\u044c \u0445\u0440\u0430\u043f?<\/h2>\n\n\n\n<p class=\"wp-block-paragraph\"><strong>Jak leczy\u0107 chrapanie<\/strong>, je\u015bli problem pojawia si\u0119 regularnie? Przede wszystkim trzeba ustali\u0107 jego przyczyn\u0119. Innego post\u0119powania wymaga chrapanie zwi\u0105zane z niedro\u017cno\u015bci\u0105 nosa, innego wiotko\u015b\u0107 tkanek podniebienia, a jeszcze innego objawy towarzysz\u0105ce<a href=\"https:\/\/wellclinic.pl\/ru\/%d0%b0%d0%bf%d0%bd%d0%be%d1%8d-%d1%81%d0%bd%d0%b0-3\/\"> <\/a><strong><a href=\"https:\/\/wellclinic.pl\/ru\/%d0%b0%d0%bf%d0%bd%d0%be%d1%8d-%d1%81%d0%bd%d0%b0-3\/\">bezdechowi sennemu<\/a>.<\/strong><\/p>\n\n\n\n<p class=\"wp-block-paragraph\">W \u0142agodnych przypadkach pomocne mog\u0105 by\u0107 zmiany stylu \u017cycia, ograniczenie alkoholu przed snem, redukcja masy cia\u0142a u os\u00f3b z nadwag\u0105 oraz zmiana pozycji podczas snu. Je\u017celi problem ma pod\u0142o\u017ce anatomiczne, mo\u017cna rozwa\u017cy\u0107 leczenie ukierunkowane na konkretn\u0105 struktur\u0119.<\/p>\n\n\n\n<p class=\"wp-block-paragraph\">W zale\u017cno\u015bci od przyczyny stosuje si\u0119 mi\u0119dzy innymi aparaty wewn\u0105trzustne, leczenie zabiegowe oraz wybrane metody laserowe. <strong>Metody leczenia chrapania<\/strong> powinny by\u0107 dobierane indywidualnie, poniewa\u017c sam d\u017awi\u0119k chrapania nie m\u00f3wi jeszcze, co jest jego przyczyn\u0105.<\/p>\n\n\n\n<div class=\"wp-block-buttons is-content-justification-center is-layout-flex wp-container-core-buttons-is-layout-3e41869c wp-block-buttons-is-layout-flex\">\n<div class=\"wp-block-button well-btn\"><a class=\"wp-block-button__link has-text-align-center wp-element-button\" href=\"https:\/\/wellclinic.pl\/ru\/%d0%bb%d0%b5%d1%87%d0%b5%d0%bd%d0%b8%d0%b5-%d1%85%d1%80%d0%b0%d0%bf%d0%b0\/\">\u0423\u0437\u043d\u0430\u0442\u044c \u0431\u043e\u043b\u044c\u0448\u0435<\/a><\/div>\n<\/div>\n\n\n\n<h2 class=\"wp-block-heading\">Chrapanie a bezdech senny<\/h2>\n\n\n\n<p class=\"wp-block-paragraph\">Samo <a href=\"https:\/\/wellclinic.pl\/ru\/%d1%8d%d0%bd%d1%86%d0%b8%d0%ba%d0%bb%d0%be%d0%bf%d0%b5%d0%b4%d0%b8%d1%8f\/%d1%85%d1%80%d0%b0%d0%bf-3\/\"><strong>\u0445\u0440\u0430\u043f<\/strong><\/a> nie oznacza bezdechu sennego, ale mo\u017ce by\u0107 jednym z jego objaw\u00f3w. Szczeg\u00f3lnej uwagi wymagaj\u0105 sytuacje, w kt\u00f3rych g\u0142o\u015bnemu chrapaniu towarzysz\u0105 przerwy w oddychaniu, nag\u0142e wybudzenia, uczucie duszno\u015bci lub brak powietrza podczas snu.<\/p>\n\n\n\n<p class=\"wp-block-paragraph\"><a href=\"https:\/\/wellclinic.pl\/ru\/%d1%8d%d0%bd%d1%86%d0%b8%d0%ba%d0%bb%d0%be%d0%bf%d0%b5%d0%b4%d0%b8%d1%8f\/%d0%b0%d0%bf%d0%bd%d0%be%d1%8d-%d1%81%d0%bd%d0%b0-3\/\"><strong>\u0410\u043f\u043d\u043e\u044d \u0441\u043d\u0430<\/strong><\/a> mo\u017ce r\u00f3wnie\u017c powodowa\u0107 poranne b\u00f3le g\u0142owy, sucho\u015b\u0107 w jamie ustnej, problemy z koncentracj\u0105 oraz nadmiern\u0105 senno\u015b\u0107 w ci\u0105gu dnia.<\/p>\n\n\n\n<p class=\"wp-block-paragraph\">W takim przypadku samo <strong>\u043b\u0435\u0447\u0435\u043d\u0438\u0435 \u0445\u0440\u0430\u043f\u0430<\/strong> mo\u017ce nie rozwi\u0105za\u0107 problemu. Konieczne jest ustalenie, czy za objawami nie stoi zaburzenie oddychania podczas snu. Diagnostyka pozwala okre\u015bli\u0107 charakter problemu i dobra\u0107 odpowiednie post\u0119powanie.<\/p>\n\n\n\n<h2 class=\"wp-block-heading\">\u0414\u0438\u0430\u0433\u043d\u043e\u0441\u0442\u0438\u043a\u0430 \u0445\u0440\u0430\u043f\u0430<\/h2>\n\n\n\n<p class=\"wp-block-paragraph\">Pierwszym etapem jest konsultacja i dok\u0142adny wywiad. Specjalista ocenia mi\u0119dzy innymi spos\u00f3b oddychania, dro\u017cno\u015b\u0107 nosa, budow\u0119 jamy ustnej i gard\u0142a oraz czynniki, kt\u00f3re mog\u0105 nasila\u0107 objawy.<\/p>\n\n\n\n<p class=\"wp-block-paragraph\">Znaczenie ma r\u00f3wnie\u017c ocena budowy twarzoczaszki i \u017cuchwy. W przypadku podejrzenia problemu z dro\u017cno\u015bci\u0105 nosa analizuje si\u0119 budow\u0119 przegrody nosowej oraz ma\u0142\u017cowin nosowych.<\/p>\n\n\n\n<p class=\"wp-block-paragraph\">W wybranych przypadkach wykonywana jest fiberoskopia nosa i gard\u0142a. Badanie pozwala obejrze\u0107 poszczeg\u00f3lne struktury i oceni\u0107 miejsce, w kt\u00f3rym mo\u017ce dochodzi\u0107 do zw\u0119\u017cenia.<\/p>\n\n\n\n<p class=\"wp-block-paragraph\">Je\u017celi objawy sugeruj\u0105 obturacyjny bezdech senny, lekarz mo\u017ce zaleci\u0107 odpowiedni\u0105 diagnostyk\u0119 snu. Pozwala ona oceni\u0107 przebieg oddychania podczas nocy i odr\u00f3\u017cni\u0107 izolowane chrapanie od powa\u017cniejszego zaburzenia.<\/p>\n\n\n\n<h2 class=\"wp-block-heading\">Leczenie chrapania zaczyna si\u0119 od prostych zmian<\/h2>\n\n\n\n<p class=\"wp-block-paragraph\">Nie ka\u017cdy przypadek wymaga zabiegu. Je\u017celi chrapanie wi\u0105\u017ce si\u0119 przede wszystkim ze stylem \u017cycia lub czynnikami przej\u015bciowymi, pierwszym krokiem jest ich ograniczenie.<\/p>\n\n\n\n<p class=\"wp-block-paragraph\">W przypadku nadmiernej masy cia\u0142a redukcja tkanki t\u0142uszczowej mo\u017ce zmniejszy\u0107 obci\u0105\u017cenie tkanek w okolicy szyi. Warto r\u00f3wnie\u017c ograniczy\u0107 alkohol przed snem, zadba\u0107 o regularne godziny odpoczynku i obserwowa\u0107, czy zmiana pozycji snu wp\u0142ywa na intensywno\u015b\u0107 objaw\u00f3w.<\/p>\n\n\n\n<p class=\"wp-block-paragraph\">Istotna jest tak\u017ce prawid\u0142owa dro\u017cno\u015b\u0107 nosa. Je\u017celi problem wynika z alergii, infekcji lub przewlek\u0142ego obrz\u0119ku b\u0142ony \u015bluzowej, konieczne mo\u017ce by\u0107 leczenie przyczyny niedro\u017cno\u015bci.<\/p>\n\n\n\n<h2 class=\"wp-block-heading\">\u0412\u043d\u0443\u0442\u0440\u0438\u0440\u043e\u0442\u043e\u0432\u044b\u0435 \u0430\u043f\u043f\u0430\u0440\u0430\u0442\u044b \u0434\u043b\u044f \u043b\u0435\u0447\u0435\u043d\u0438\u044f \u0445\u0440\u0430\u043f\u0430<\/h2>\n\n\n\n<p class=\"wp-block-paragraph\">U cz\u0119\u015bci pacjent\u00f3w stosuje si\u0119 aparaty wewn\u0105trzustne. Ich zadaniem jest utrzymanie \u017cuchwy w pozycji wysuni\u0119tej do przodu podczas snu. Dzi\u0119ki temu zwi\u0119ksza si\u0119 przestrze\u0144 w cz\u0119\u015bci ustno-gard\u0142owej, a j\u0119zyk ma mniejsz\u0105 tendencj\u0119 do przesuwania si\u0119 ku ty\u0142owi.<\/p>\n\n\n\n<p class=\"wp-block-paragraph\">Takie rozwi\u0105zanie mo\u017ce by\u0107 rozwa\u017cane mi\u0119dzy innymi u os\u00f3b, u kt\u00f3rych budowa \u017cuchwy i tkanek mi\u0119kkich sprzyja zw\u0119\u017caniu dr\u00f3g oddechowych.<\/p>\n\n\n\n<p class=\"wp-block-paragraph\">Aparat powinien by\u0107 odpowiednio dopasowany. Nie ka\u017cdy model b\u0119dzie w\u0142a\u015bciwy dla ka\u017cdej osoby, dlatego przed zastosowaniem warto przeprowadzi\u0107 ocen\u0119 stomatologiczn\u0105 lub specjalistyczn\u0105.<\/p>\n\n\n\n<h2 class=\"wp-block-heading\">\u0425\u0438\u0440\u0443\u0440\u0433\u0438\u0447\u0435\u0441\u043a\u043e\u0435 \u043b\u0435\u0447\u0435\u043d\u0438\u0435 \u0445\u0440\u0430\u043f\u0430<\/h2>\n\n\n\n<p class=\"wp-block-paragraph\">Je\u017celi problem wynika z trwa\u0142ych zmian anatomicznych, lekarz mo\u017ce rozwa\u017cy\u0107 leczenie zabiegowe. Dotyczy to przede wszystkim przypadk\u00f3w, w kt\u00f3rych zw\u0119\u017cenie dr\u00f3g oddechowych jest zwi\u0105zane z budow\u0105 nosa lub gard\u0142a.<\/p>\n\n\n\n<p class=\"wp-block-paragraph\">W przypadku nieprawid\u0142owej budowy przegrody nosowej mo\u017cliwa jest jej korekcja. Je\u017celi problemem jest przerost ma\u0142\u017cowin nosowych, rozwa\u017ca si\u0119 metody maj\u0105ce na celu popraw\u0119 dro\u017cno\u015bci nosa.<\/p>\n\n\n\n<p class=\"wp-block-paragraph\">W wybranych przypadkach zabiegi dotycz\u0105 r\u00f3wnie\u017c podniebienia mi\u0119kkiego. Ich celem jest ograniczenie nadmiernej wiotko\u015bci tkanek i zmniejszenie ich drga\u0144 podczas przep\u0142ywu powietrza.<\/p>\n\n\n\n<h2 class=\"wp-block-heading\">\u041b\u0430\u0437\u0435\u0440\u043d\u043e\u0435 \u043b\u0435\u0447\u0435\u043d\u0438\u0435 \u0445\u0440\u0430\u043f\u0430<\/h2>\n\n\n\n<p class=\"wp-block-paragraph\">Jedn\u0105 z metod stosowanych w wybranych przypadkach jest <strong><a href=\"https:\/\/wellclinic.pl\/ru\/%d1%8d%d0%bd%d1%86%d0%b8%d0%ba%d0%bb%d0%be%d0%bf%d0%b5%d0%b4%d0%b8%d1%8f\/%d0%bb%d0%b0%d0%b7%d0%b5%d1%80%d0%bd%d0%be%d0%b5-%d0%bb%d0%b5%d1%87%d0%b5%d0%bd%d0%b8%d0%b5-%d1%85%d1%80%d0%b0%d0%bf%d0%b0\/\">\u043b\u0430\u0437\u0435\u0440\u043d\u043e\u0435 \u043b\u0435\u0447\u0435\u043d\u0438\u0435 \u0445\u0440\u0430\u043f\u0430<\/a><\/strong>. W Wellclinic wykorzystywana jest procedura <a href=\"https:\/\/wellclinic.pl\/ru\/%d1%8d%d0%bd%d1%86%d0%b8%d0%ba%d0%bb%d0%be%d0%bf%d0%b5%d0%b4%d0%b8%d1%8f\/nightlase\/\"><strong>NightLase<\/strong><\/a>, oparta na zastosowaniu<strong> <a href=\"\/ru\/%d1%8d%d0%bd%d1%86%d0%b8%d0%ba%d0%bb%d0%be%d0%bf%d0%b5%d0%b4%d0%b8%d1%8f\/laser-er-yag\/\">\u043b\u0430\u0437\u0435\u0440\u0430 \u043d\u0430 \u043e\u0441\u043d\u043e\u0432\u0435 \u044d\u0440\u0431\u0438\u044f \u0438 YAG<\/a><\/strong>.<\/p>\n\n\n\n<p class=\"wp-block-paragraph\">Laser oddzia\u0142uje na tkanki mi\u0119kkie w obr\u0119bie podniebienia i gard\u0142a. Kontrolowane podgrzewanie tkanek uruchamia proces ich przebudowy, co mo\u017ce prowadzi\u0107 do poprawy ich napi\u0119cia i zmniejszenia podatno\u015bci na wibracje.<\/p>\n\n\n\n<p class=\"wp-block-paragraph\">Terapia nie polega na mechanicznym usuwaniu tkanek. Jej dzia\u0142anie opiera si\u0119 na kontrolowanym oddzia\u0142ywaniu termicznym, kt\u00f3re ma pobudza\u0107 procesy przebudowy kolagenu.<\/p>\n\n\n\n<p class=\"wp-block-paragraph\">Efekt nie pojawia si\u0119 zazwyczaj natychmiast. Zmiany zachodz\u0105 stopniowo, dlatego procedura wykonywana jest w serii zabieg\u00f3w, a spos\u00f3b terapii dobierany jest do indywidualnej sytuacji pacjenta.<\/p>\n\n\n\n<div class=\"wp-block-buttons is-content-justification-center is-layout-flex wp-container-core-buttons-is-layout-3e41869c wp-block-buttons-is-layout-flex\">\n<div class=\"wp-block-button well-btn\"><a class=\"wp-block-button__link has-text-align-center wp-element-button\" href=\"https:\/\/wellclinic.pl\/ru\/%d0%bb%d0%b5%d1%87%d0%b5%d0%bd%d0%b8%d0%b5-%d1%85%d1%80%d0%b0%d0%bf%d0%b0\/\">\u0423\u0437\u043d\u0430\u0442\u044c \u0431\u043e\u043b\u044c\u0448\u0435<\/a><\/div>\n<\/div>\n\n\n\n<h2 class=\"wp-block-heading\">Leczenie chrapania laserem \u2013 dla kogo?<\/h2>\n\n\n\n<p class=\"wp-block-paragraph\">Nie ka\u017cda osoba chrapi\u0105ca jest odpowiednim kandydatem do terapii laserowej. Najpierw nale\u017cy ustali\u0107, z czego wynika problem.<\/p>\n\n\n\n<p class=\"wp-block-paragraph\">Je\u017celi chrapanie jest zwi\u0105zane z istotn\u0105 niedro\u017cno\u015bci\u0105 nosa, konieczne mo\u017ce by\u0107 zaj\u0119cie si\u0119 w\u0142a\u015bnie t\u0105 przyczyn\u0105. Je\u017celi natomiast objawy s\u0105 cz\u0119\u015bci\u0105 obrazu bezdechu sennego, priorytetem pozostaje w\u0142a\u015bciwa diagnostyka i leczenie zaburze\u0144 oddychania podczas snu.<\/p>\n\n\n\n<p class=\"wp-block-paragraph\"><strong>\u041b\u0435\u0447\u0435\u043d\u0438\u0435 \u0445\u0440\u0430\u043f\u0430 \u0441 \u043f\u043e\u043c\u043e\u0449\u044c\u044e \u043b\u0430\u0437\u0435\u0440\u0430<\/strong> mo\u017ce by\u0107 rozwa\u017cane przede wszystkim wtedy, gdy problem dotyczy wiotko\u015bci tkanek mi\u0119kkich i ich nadmiernych drga\u0144. O kwalifikacji decyduje ocena specjalisty.<\/p>\n\n\n\n<h2 class=\"wp-block-heading\">Sposoby na chrapanie a styl \u017cycia<\/h2>\n\n\n\n<p class=\"wp-block-paragraph\">Nawet dobrze dobrana terapia mo\u017ce nie przynie\u015b\u0107 oczekiwanej poprawy, je\u017celi jednocze\u015bnie utrzymuj\u0105 si\u0119 czynniki nasilaj\u0105ce chrapanie.<\/p>\n\n\n\n<p class=\"wp-block-paragraph\">Znaczenie ma masa cia\u0142a, ilo\u015b\u0107 alkoholu spo\u017cywanego wieczorem, pozycja podczas snu oraz regularno\u015b\u0107 odpoczynku. Warto r\u00f3wnie\u017c zwr\u00f3ci\u0107 uwag\u0119 na dro\u017cno\u015b\u0107 nosa i warunki panuj\u0105ce w sypialni.<\/p>\n\n\n\n<p class=\"wp-block-paragraph\">Suche powietrze mo\u017ce zwi\u0119ksza\u0107 uczucie podra\u017cnienia nosa i gard\u0142a. Odpowiednia wilgotno\u015b\u0107 pomieszczenia mo\u017ce poprawia\u0107 komfort oddychania, szczeg\u00f3lnie w sezonie grzewczym.<\/p>\n\n\n\n<p class=\"wp-block-paragraph\">Nie chodzi jednak o to, aby szuka\u0107 jednej uniwersalnej przyczyny. <strong>\u0421\u043f\u043e\u0441\u043e\u0431\u044b \u043b\u0435\u0447\u0435\u043d\u0438\u044f \u0445\u0440\u0430\u043f\u0430<\/strong> powinny uwzgl\u0119dnia\u0107 to, co rzeczywi\u015bcie powoduje problem.<\/p>\n\n\n\n<h2 class=\"wp-block-heading\">\u0413\u0438\u0433\u0438\u0435\u043d\u0430 \u0441\u043d\u0430 \u0438 \u043f\u0440\u043e\u0444\u0438\u043b\u0430\u043a\u0442\u0438\u043a\u0430<\/h2>\n\n\n\n<p class=\"wp-block-paragraph\">Regularne godziny zasypiania i wstawania pomagaj\u0105 utrzyma\u0107 prawid\u0142owy rytm dobowy. Warto r\u00f3wnie\u017c zadba\u0107 o odpowiedni\u0105 d\u0142ugo\u015b\u0107 snu, poniewa\u017c przewlek\u0142e niewyspanie mo\u017ce wp\u0142ywa\u0107 na jako\u015b\u0107 nocnego odpoczynku i przebieg oddychania.<\/p>\n\n\n\n<p class=\"wp-block-paragraph\">Pomocna mo\u017ce by\u0107 tak\u017ce obserwacja w\u0142asnego snu. Informacja o tym, czy chrapanie wyst\u0119puje ka\u017cdej nocy, czy nasila si\u0119 po alkoholu albo w okre\u015blonej pozycji, mo\u017ce by\u0107 cenna podczas konsultacji.<\/p>\n\n\n\n<p class=\"wp-block-paragraph\">Je\u017celi problem pojawia si\u0119 tylko podczas infekcji lub sezonowej alergii, post\u0119powanie b\u0119dzie inne ni\u017c w przypadku przewlek\u0142ego chrapania wyst\u0119puj\u0105cego niezale\u017cnie od okoliczno\u015bci.<\/p>\n\n\n\n<figure class=\"wp-block-image size-full\"><img fetchpriority=\"high\" decoding=\"async\" width=\"850\" height=\"561\" src=\"https:\/\/wellclinic.pl\/wp-content\/uploads\/2022\/06\/leczenie_chrapania_2026.webp\" alt=\"\u043b\u0435\u0447\u0435\u043d\u0438\u0435 \u0445\u0440\u0430\u043f\u0430\" class=\"wp-image-52198\" srcset=\"https:\/\/wellclinic.pl\/wp-content\/uploads\/2022\/06\/leczenie_chrapania_2026.webp 850w, https:\/\/wellclinic.pl\/wp-content\/uploads\/2022\/06\/leczenie_chrapania_2026-300x198.webp 300w, https:\/\/wellclinic.pl\/wp-content\/uploads\/2022\/06\/leczenie_chrapania_2026-768x507.webp 768w, https:\/\/wellclinic.pl\/wp-content\/uploads\/2022\/06\/leczenie_chrapania_2026-18x12.webp 18w\" sizes=\"(max-width: 850px) 100vw, 850px\" \/><\/figure>\n\n\n\n<h2 class=\"wp-block-heading\">Skuteczne leczenie chrapania<\/h2>\n\n\n\n<p class=\"wp-block-paragraph\">Nie ma jednej metody, kt\u00f3ra b\u0119dzie skuteczna u ka\u017cdego pacjenta. <strong>Skuteczne leczenie chrapania<\/strong> zale\u017cy przede wszystkim od w\u0142a\u015bciwego rozpoznania mechanizmu problemu.<\/p>\n\n\n\n<p class=\"wp-block-paragraph\">U jednej osoby wystarczaj\u0105ca mo\u017ce by\u0107 zmiana pozycji snu i ograniczenie czynnik\u00f3w nasilaj\u0105cych objawy. U innej konieczna b\u0119dzie poprawa dro\u017cno\u015bci nosa, zastosowanie aparatu wewn\u0105trzustnego albo leczenie zabiegowe.<\/p>\n\n\n\n<p class=\"wp-block-paragraph\">Je\u017celi przyczyn\u0105 s\u0105 drgania wiotkich tkanek podniebienia i gard\u0142a, mo\u017cna rozwa\u017cy\u0107 odpowiednio dobran\u0105 terapi\u0119 laserow\u0105. W ka\u017cdym przypadku punkt wyj\u015bcia pozostaje jednak taki sam: okre\u015blenie, gdzie i dlaczego dochodzi do ograniczenia prawid\u0142owego przep\u0142ywu powietrza.<\/p>\n\n\n\n<div class=\"wp-block-buttons is-content-justification-center is-layout-flex wp-container-core-buttons-is-layout-3e41869c wp-block-buttons-is-layout-flex\">\n<div class=\"wp-block-button well-btn\"><a class=\"wp-block-button__link has-text-align-center wp-element-button\" href=\"https:\/\/wellclinic.pl\/ru\/%d0%bb%d0%b5%d1%87%d0%b5%d0%bd%d0%b8%d0%b5-%d1%85%d1%80%d0%b0%d0%bf%d0%b0\/\">\u0423\u0437\u043d\u0430\u0442\u044c \u0431\u043e\u043b\u044c\u0448\u0435<\/a><\/div>\n<\/div>\n\n\n\n<h2 class=\"wp-block-heading\">Chrapanie to sygna\u0142. Pytanie, jak d\u0142ugo zamierzasz go ignorowa\u0107<\/h2>\n\n\n\n<p class=\"wp-block-paragraph\">Je\u017celi <strong>\u0445\u0440\u0430\u043f<\/strong> pojawia si\u0119 regularnie, jest g\u0142o\u015bne i utrzymuje si\u0119 przez d\u0142u\u017cszy czas, nie warto traktowa\u0107 go jak zwyk\u0142ej niedogodno\u015bci. Szczeg\u00f3lnie je\u015bli towarzysz\u0105 mu przerwy w oddychaniu, nag\u0142e wybudzenia, uczucie duszno\u015bci, poranne b\u00f3le g\u0142owy lub senno\u015b\u0107 w ci\u0105gu dnia.<\/p>\n\n\n\n<p class=\"wp-block-paragraph\">Niepokoj\u0105ce mo\u017ce by\u0107 tak\u017ce nag\u0142e <strong>nasilenie chrapania<\/strong>. Przyczyn\u0105 mog\u0105 by\u0107 zar\u00f3wno czynniki zwi\u0105zane ze stylem \u017cycia, jak i zmiany w obr\u0119bie nosa czy gard\u0142a. Dlatego leczenie chrapania powinno zaczyna\u0107 si\u0119 od ustalenia, sk\u0105d w\u0142a\u015bciwie bierze si\u0119 problem.<\/p>\n\n\n\n<p class=\"wp-block-paragraph\">Mo\u017cesz przyzwyczai\u0107 si\u0119 do chrapania i przesta\u0107 je zauwa\u017ca\u0107. To nie oznacza jednak, \u017ce problem znikn\u0105\u0142. Ka\u017cda kolejna noc mo\u017ce wygl\u0105da\u0107 tak samo, je\u015bli nie sprawdzisz jego przyczyny.<\/p>\n\n\n\n<p class=\"wp-block-paragraph\">\u0425\u043e\u0442\u0438\u0442\u0435 \u0443\u0437\u043d\u0430\u0442\u044c \u0431\u043e\u043b\u044c\u0448\u0435 \u043e <strong>leczeniu chrapania w Wellclinic<\/strong>? <strong><a href=\"https:\/\/wellclinic.pl\/ru\/%d1%81%d0%b2%d1%8f%d0%b7%d0%b0%d1%82%d1%8c%d1%81%d1%8f-%d1%81\/\">\u0417\u0430\u043f\u0438\u0448\u0438\u0442\u0435\u0441\u044c \u043d\u0430 \u043a\u043e\u043d\u0441\u0443\u043b\u044c\u0442\u0430\u0446\u0438\u044e<\/a><\/strong> \u2013 sprawdzimy przyczyn\u0119 problemu i dobierzemy odpowiednie post\u0119powanie. Zabiegi wykonujemy w naszych klinikach w\u00a0<strong>\u0412\u0430\u0440\u0448\u0430\u0432\u0430, \u0413\u0434\u0430\u043d\u044c\u0441\u043a \u0438 \u041a\u0440\u0430\u043a\u043e\u0432<\/strong>.<\/p>\n\n\n\n<p class=\"wp-block-paragraph\"><\/p>","protected":false},"excerpt":{"rendered":"<p>To mo\u017ce nie by\u0107 tylko chrapanie. Je\u015bli ka\u017cdej nocy g\u0142o\u015bno chrapiesz, a rano budzisz si\u0119 zm\u0119czony, z b\u00f3lem g\u0142owy albo masz wra\u017cenie, \u017ce mimo przespanej nocy nadal brakuje Ci energii, nie warto tego ignorowa\u0107. Za pozornie niewinnym d\u017awi\u0119kiem mo\u017ce kry\u0107 si\u0119 problem z oddychaniem podczas snu. Regularne, g\u0142o\u015bne chrapanie nie jest wy\u0142\u0105cznie problemem, kt\u00f3ry utrudnia [&hellip;]<\/p>\n","protected":false},"author":26,"featured_media":52206,"comment_status":"closed","ping_status":"closed","sticky":false,"template":"","format":"standard","meta":{"_acf_changed":false,"footnotes":""},"categories":[59,38,75],"tags":[148,149,150],"class_list":["post-6715","post","type-post","status-publish","format-standard","has-post-thumbnail","hentry","category-blog","category-zabieg-dla-mezczyzn","category-zabieg-nieinwazyjny","tag-leczenie-chrapania","tag-leczenie-chrapania-laserem","tag-leczenie-chrapania-warszawa"],"acf":[],"yoast_head":"<!-- This site is optimized with the Yoast SEO plugin v28.4 - https:\/\/yoast.com\/product\/yoast-seo-wordpress\/ -->\n<title>Leczenie chrapania \u2013 przyczyny i skuteczne metody leczenia<\/title>\n<meta name=\"description\" content=\"Leczenie chrapania \u2013 poznaj przyczyny problemu i skuteczne metody, kt\u00f3re pomagaj\u0105 poprawi\u0107 jako\u015b\u0107 snu i ograniczy\u0107 chrapanie\" \/>\n<meta name=\"robots\" content=\"index, follow, max-snippet:-1, max-image-preview:large, max-video-preview:-1\" \/>\n<link rel=\"canonical\" href=\"https:\/\/wellclinic.pl\/ru\/\u043a\u0430\u043a-\u044d\u0444\u0444\u0435\u043a\u0442\u0438\u0432\u043d\u043e-\u0432\u044b\u043b\u0435\u0447\u0438\u0442\u044c-\u0445\u0440\u0430\u043f\/\" \/>\n<meta property=\"og:locale\" content=\"ru_RU\" \/>\n<meta property=\"og:type\" content=\"article\" \/>\n<meta property=\"og:title\" content=\"Leczenie chrapania \u2013 przyczyny i skuteczne metody leczenia\" \/>\n<meta property=\"og:description\" content=\"Leczenie chrapania \u2013 poznaj przyczyny problemu i skuteczne metody, kt\u00f3re pomagaj\u0105 poprawi\u0107 jako\u015b\u0107 snu i ograniczy\u0107 chrapanie\" \/>\n<meta property=\"og:url\" content=\"https:\/\/wellclinic.pl\/ru\/\u043a\u0430\u043a-\u044d\u0444\u0444\u0435\u043a\u0442\u0438\u0432\u043d\u043e-\u0432\u044b\u043b\u0435\u0447\u0438\u0442\u044c-\u0445\u0440\u0430\u043f\/\" \/>\n<meta property=\"og:site_name\" content=\"Wellclinic\" \/>\n<meta property=\"article:published_time\" content=\"2026-08-23T22:03:00+00:00\" \/>\n<meta property=\"article:modified_time\" content=\"2026-09-02T10:04:31+00:00\" \/>\n<meta property=\"og:image\" content=\"https:\/\/wellclinic.pl\/wp-content\/uploads\/2026\/06\/leczenie_chrapania.jpg\" \/>\n\t<meta property=\"og:image:width\" content=\"935\" \/>\n\t<meta property=\"og:image:height\" content=\"624\" \/>\n\t<meta property=\"og:image:type\" content=\"image\/jpeg\" \/>\n<meta name=\"author\" content=\"Katarzyna Paw\u0142owska\" \/>\n<meta name=\"twitter:card\" content=\"summary_large_image\" \/>\n<meta name=\"twitter:label1\" content=\"\u041d\u0430\u043f\u0438\u0441\u0430\u043d\u043e \u0430\u0432\u0442\u043e\u0440\u043e\u043c\" \/>\n\t<meta name=\"twitter:data1\" content=\"Katarzyna Paw\u0142owska\" \/>\n\t<meta name=\"twitter:label2\" content=\"\u041f\u0440\u0438\u043c\u0435\u0440\u043d\u043e\u0435 \u0432\u0440\u0435\u043c\u044f \u0434\u043b\u044f \u0447\u0442\u0435\u043d\u0438\u044f\" \/>\n\t<meta name=\"twitter:data2\" content=\"11 \u043c\u0438\u043d\u0443\u0442\" \/>\n<script type=\"application\/ld+json\" class=\"yoast-schema-graph\">{\"@context\":\"https:\\\/\\\/schema.org\",\"@graph\":[{\"@type\":\"Article\",\"@id\":\"https:\\\/\\\/wellclinic.pl\\\/jak-skutecznie-wyleczyc-chrapanie\\\/#article\",\"isPartOf\":{\"@id\":\"https:\\\/\\\/wellclinic.pl\\\/jak-skutecznie-wyleczyc-chrapanie\\\/\"},\"author\":{\"name\":\"Katarzyna Paw\u0142owska\",\"@id\":\"https:\\\/\\\/wellclinic.pl\\\/#\\\/schema\\\/person\\\/d6ba279cafc77bac21a8cf59a8aa67d6\"},\"headline\":\"Jak skutecznie wyleczy\u0107 chrapanie i pozby\u0107 si\u0119 dolegliwo\u015bci?\",\"datePublished\":\"2026-08-23T22:03:00+00:00\",\"dateModified\":\"2026-09-02T10:04:31+00:00\",\"mainEntityOfPage\":{\"@id\":\"https:\\\/\\\/wellclinic.pl\\\/jak-skutecznie-wyleczyc-chrapanie\\\/\"},\"wordCount\":2033,\"image\":{\"@id\":\"https:\\\/\\\/wellclinic.pl\\\/jak-skutecznie-wyleczyc-chrapanie\\\/#primaryimage\"},\"thumbnailUrl\":\"https:\\\/\\\/wellclinic.pl\\\/wp-content\\\/uploads\\\/2026\\\/06\\\/leczenie_chrapania.jpg\",\"keywords\":[\"leczenie chrapania\",\"leczenie chrapania laserem\",\"leczenie chrapania warszawa\"],\"articleSection\":[\"Blog\",\"Zabieg dla m\u0119\u017cczyzn\",\"Zabieg nieinwazyjny\"],\"inLanguage\":\"ru-RU\"},{\"@type\":\"WebPage\",\"@id\":\"https:\\\/\\\/wellclinic.pl\\\/jak-skutecznie-wyleczyc-chrapanie\\\/\",\"url\":\"https:\\\/\\\/wellclinic.pl\\\/jak-skutecznie-wyleczyc-chrapanie\\\/\",\"name\":\"Leczenie chrapania \u2013 przyczyny i skuteczne metody leczenia\",\"isPartOf\":{\"@id\":\"https:\\\/\\\/wellclinic.pl\\\/#website\"},\"primaryImageOfPage\":{\"@id\":\"https:\\\/\\\/wellclinic.pl\\\/jak-skutecznie-wyleczyc-chrapanie\\\/#primaryimage\"},\"image\":{\"@id\":\"https:\\\/\\\/wellclinic.pl\\\/jak-skutecznie-wyleczyc-chrapanie\\\/#primaryimage\"},\"thumbnailUrl\":\"https:\\\/\\\/wellclinic.pl\\\/wp-content\\\/uploads\\\/2026\\\/06\\\/leczenie_chrapania.jpg\",\"datePublished\":\"2026-08-23T22:03:00+00:00\",\"dateModified\":\"2026-09-02T10:04:31+00:00\",\"author\":{\"@id\":\"https:\\\/\\\/wellclinic.pl\\\/#\\\/schema\\\/person\\\/d6ba279cafc77bac21a8cf59a8aa67d6\"},\"description\":\"Leczenie chrapania \u2013 poznaj przyczyny problemu i skuteczne metody, kt\u00f3re pomagaj\u0105 poprawi\u0107 jako\u015b\u0107 snu i ograniczy\u0107 chrapanie\",\"breadcrumb\":{\"@id\":\"https:\\\/\\\/wellclinic.pl\\\/jak-skutecznie-wyleczyc-chrapanie\\\/#breadcrumb\"},\"inLanguage\":\"ru-RU\",\"potentialAction\":[{\"@type\":\"ReadAction\",\"target\":[\"https:\\\/\\\/wellclinic.pl\\\/jak-skutecznie-wyleczyc-chrapanie\\\/\"]}]},{\"@type\":\"ImageObject\",\"inLanguage\":\"ru-RU\",\"@id\":\"https:\\\/\\\/wellclinic.pl\\\/jak-skutecznie-wyleczyc-chrapanie\\\/#primaryimage\",\"url\":\"https:\\\/\\\/wellclinic.pl\\\/wp-content\\\/uploads\\\/2026\\\/06\\\/leczenie_chrapania.jpg\",\"contentUrl\":\"https:\\\/\\\/wellclinic.pl\\\/wp-content\\\/uploads\\\/2026\\\/06\\\/leczenie_chrapania.jpg\",\"width\":935,\"height\":624,\"caption\":\"leczenie chrapania\"},{\"@type\":\"BreadcrumbList\",\"@id\":\"https:\\\/\\\/wellclinic.pl\\\/jak-skutecznie-wyleczyc-chrapanie\\\/#breadcrumb\",\"itemListElement\":[{\"@type\":\"ListItem\",\"position\":1,\"name\":\"Strona g\u0142\u00f3wna\",\"item\":\"https:\\\/\\\/wellclinic.pl\\\/\"},{\"@type\":\"ListItem\",\"position\":2,\"name\":\"Jak skutecznie wyleczy\u0107 chrapanie i pozby\u0107 si\u0119 dolegliwo\u015bci?\"}]},{\"@type\":\"WebSite\",\"@id\":\"https:\\\/\\\/wellclinic.pl\\\/#website\",\"url\":\"https:\\\/\\\/wellclinic.pl\\\/\",\"name\":\"Wellclinic Klinika Medycyny Estetycznej - Warszawa | Gda\u0144sk | Krak\u00f3w\",\"description\":\"Klinika Medycyny Estetycznej - Warszawa i Gda\u0144sk\",\"potentialAction\":[{\"@type\":\"SearchAction\",\"target\":{\"@type\":\"EntryPoint\",\"urlTemplate\":\"https:\\\/\\\/wellclinic.pl\\\/?s={search_term_string}\"},\"query-input\":{\"@type\":\"PropertyValueSpecification\",\"valueRequired\":true,\"valueName\":\"search_term_string\"}}],\"inLanguage\":\"ru-RU\"},{\"@type\":\"Person\",\"@id\":\"https:\\\/\\\/wellclinic.pl\\\/#\\\/schema\\\/person\\\/d6ba279cafc77bac21a8cf59a8aa67d6\",\"name\":\"Katarzyna Paw\u0142owska\",\"url\":\"https:\\\/\\\/wellclinic.pl\\\/ru\\\/author\\\/kasia\\\/\"}]}<\/script>\n<!-- \/ Yoast SEO plugin. -->","yoast_head_json":{"title":"\u041b\u0435\u0447\u0435\u043d\u0438\u0435 \u0445\u0440\u0430\u043f\u0430 \u2014 \u043f\u0440\u0438\u0447\u0438\u043d\u044b \u0438 \u044d\u0444\u0444\u0435\u043a\u0442\u0438\u0432\u043d\u044b\u0435 \u043c\u0435\u0442\u043e\u0434\u044b \u043b\u0435\u0447\u0435\u043d\u0438\u044f","description":"\u041b\u0435\u0447\u0435\u043d\u0438\u0435 \u0445\u0440\u0430\u043f\u0430 \u2014 \u0443\u0437\u043d\u0430\u0439\u0442\u0435 \u043e \u043f\u0440\u0438\u0447\u0438\u043d\u0430\u0445 \u044d\u0442\u043e\u0439 \u043f\u0440\u043e\u0431\u043b\u0435\u043c\u044b \u0438 \u044d\u0444\u0444\u0435\u043a\u0442\u0438\u0432\u043d\u044b\u0445 \u043c\u0435\u0442\u043e\u0434\u0430\u0445, \u043a\u043e\u0442\u043e\u0440\u044b\u0435 \u043f\u043e\u043c\u043e\u0433\u0430\u044e\u0442 \u0443\u043b\u0443\u0447\u0448\u0438\u0442\u044c \u043a\u0430\u0447\u0435\u0441\u0442\u0432\u043e \u0441\u043d\u0430 \u0438 \u0443\u043c\u0435\u043d\u044c\u0448\u0438\u0442\u044c \u0445\u0440\u0430\u043f","robots":{"index":"index","follow":"follow","max-snippet":"max-snippet:-1","max-image-preview":"max-image-preview:large","max-video-preview":"max-video-preview:-1"},"canonical":"https:\/\/wellclinic.pl\/ru\/\u043a\u0430\u043a-\u044d\u0444\u0444\u0435\u043a\u0442\u0438\u0432\u043d\u043e-\u0432\u044b\u043b\u0435\u0447\u0438\u0442\u044c-\u0445\u0440\u0430\u043f\/","og_locale":"ru_RU","og_type":"article","og_title":"Leczenie chrapania \u2013 przyczyny i skuteczne metody leczenia","og_description":"Leczenie chrapania \u2013 poznaj przyczyny problemu i skuteczne metody, kt\u00f3re pomagaj\u0105 poprawi\u0107 jako\u015b\u0107 snu i ograniczy\u0107 chrapanie","og_url":"https:\/\/wellclinic.pl\/ru\/\u043a\u0430\u043a-\u044d\u0444\u0444\u0435\u043a\u0442\u0438\u0432\u043d\u043e-\u0432\u044b\u043b\u0435\u0447\u0438\u0442\u044c-\u0445\u0440\u0430\u043f\/","og_site_name":"Wellclinic","article_published_time":"2026-08-23T22:03:00+00:00","article_modified_time":"2026-09-02T10:04:31+00:00","og_image":[{"width":935,"height":624,"url":"https:\/\/wellclinic.pl\/wp-content\/uploads\/2026\/06\/leczenie_chrapania.jpg","type":"image\/jpeg"}],"author":"Katarzyna Paw\u0142owska","twitter_card":"summary_large_image","twitter_misc":{"\u041d\u0430\u043f\u0438\u0441\u0430\u043d\u043e \u0430\u0432\u0442\u043e\u0440\u043e\u043c":"Katarzyna Paw\u0142owska","\u041f\u0440\u0438\u043c\u0435\u0440\u043d\u043e\u0435 \u0432\u0440\u0435\u043c\u044f \u0434\u043b\u044f \u0447\u0442\u0435\u043d\u0438\u044f":"11 \u043c\u0438\u043d\u0443\u0442"},"schema":{"@context":"https:\/\/schema.org","@graph":[{"@type":"Article","@id":"https:\/\/wellclinic.pl\/jak-skutecznie-wyleczyc-chrapanie\/#article","isPartOf":{"@id":"https:\/\/wellclinic.pl\/jak-skutecznie-wyleczyc-chrapanie\/"},"author":{"name":"Katarzyna Paw\u0142owska","@id":"https:\/\/wellclinic.pl\/#\/schema\/person\/d6ba279cafc77bac21a8cf59a8aa67d6"},"headline":"Jak skutecznie wyleczy\u0107 chrapanie i pozby\u0107 si\u0119 dolegliwo\u015bci?","datePublished":"2026-08-23T22:03:00+00:00","dateModified":"2026-09-02T10:04:31+00:00","mainEntityOfPage":{"@id":"https:\/\/wellclinic.pl\/jak-skutecznie-wyleczyc-chrapanie\/"},"wordCount":2033,"image":{"@id":"https:\/\/wellclinic.pl\/jak-skutecznie-wyleczyc-chrapanie\/#primaryimage"},"thumbnailUrl":"https:\/\/wellclinic.pl\/wp-content\/uploads\/2026\/06\/leczenie_chrapania.jpg","keywords":["leczenie chrapania","leczenie chrapania laserem","leczenie chrapania warszawa"],"articleSection":["Blog","Zabieg dla m\u0119\u017cczyzn","Zabieg nieinwazyjny"],"inLanguage":"ru-RU"},{"@type":"WebPage","@id":"https:\/\/wellclinic.pl\/jak-skutecznie-wyleczyc-chrapanie\/","url":"https:\/\/wellclinic.pl\/jak-skutecznie-wyleczyc-chrapanie\/","name":"\u041b\u0435\u0447\u0435\u043d\u0438\u0435 \u0445\u0440\u0430\u043f\u0430 \u2014 \u043f\u0440\u0438\u0447\u0438\u043d\u044b \u0438 \u044d\u0444\u0444\u0435\u043a\u0442\u0438\u0432\u043d\u044b\u0435 \u043c\u0435\u0442\u043e\u0434\u044b \u043b\u0435\u0447\u0435\u043d\u0438\u044f","isPartOf":{"@id":"https:\/\/wellclinic.pl\/#website"},"primaryImageOfPage":{"@id":"https:\/\/wellclinic.pl\/jak-skutecznie-wyleczyc-chrapanie\/#primaryimage"},"image":{"@id":"https:\/\/wellclinic.pl\/jak-skutecznie-wyleczyc-chrapanie\/#primaryimage"},"thumbnailUrl":"https:\/\/wellclinic.pl\/wp-content\/uploads\/2026\/06\/leczenie_chrapania.jpg","datePublished":"2026-08-23T22:03:00+00:00","dateModified":"2026-09-02T10:04:31+00:00","author":{"@id":"https:\/\/wellclinic.pl\/#\/schema\/person\/d6ba279cafc77bac21a8cf59a8aa67d6"},"description":"\u041b\u0435\u0447\u0435\u043d\u0438\u0435 \u0445\u0440\u0430\u043f\u0430 \u2014 \u0443\u0437\u043d\u0430\u0439\u0442\u0435 \u043e \u043f\u0440\u0438\u0447\u0438\u043d\u0430\u0445 \u044d\u0442\u043e\u0439 \u043f\u0440\u043e\u0431\u043b\u0435\u043c\u044b \u0438 \u044d\u0444\u0444\u0435\u043a\u0442\u0438\u0432\u043d\u044b\u0445 \u043c\u0435\u0442\u043e\u0434\u0430\u0445, \u043a\u043e\u0442\u043e\u0440\u044b\u0435 \u043f\u043e\u043c\u043e\u0433\u0430\u044e\u0442 \u0443\u043b\u0443\u0447\u0448\u0438\u0442\u044c \u043a\u0430\u0447\u0435\u0441\u0442\u0432\u043e \u0441\u043d\u0430 \u0438 \u0443\u043c\u0435\u043d\u044c\u0448\u0438\u0442\u044c \u0445\u0440\u0430\u043f","breadcrumb":{"@id":"https:\/\/wellclinic.pl\/jak-skutecznie-wyleczyc-chrapanie\/#breadcrumb"},"inLanguage":"ru-RU","potentialAction":[{"@type":"ReadAction","target":["https:\/\/wellclinic.pl\/jak-skutecznie-wyleczyc-chrapanie\/"]}]},{"@type":"ImageObject","inLanguage":"ru-RU","@id":"https:\/\/wellclinic.pl\/jak-skutecznie-wyleczyc-chrapanie\/#primaryimage","url":"https:\/\/wellclinic.pl\/wp-content\/uploads\/2026\/06\/leczenie_chrapania.jpg","contentUrl":"https:\/\/wellclinic.pl\/wp-content\/uploads\/2026\/06\/leczenie_chrapania.jpg","width":935,"height":624,"caption":"leczenie chrapania"},{"@type":"BreadcrumbList","@id":"https:\/\/wellclinic.pl\/jak-skutecznie-wyleczyc-chrapanie\/#breadcrumb","itemListElement":[{"@type":"ListItem","position":1,"name":"Strona g\u0142\u00f3wna","item":"https:\/\/wellclinic.pl\/"},{"@type":"ListItem","position":2,"name":"Jak skutecznie wyleczy\u0107 chrapanie i pozby\u0107 si\u0119 dolegliwo\u015bci?"}]},{"@type":"WebSite","@id":"https:\/\/wellclinic.pl\/#website","url":"https:\/\/wellclinic.pl\/","name":"\u041a\u043b\u0438\u043d\u0438\u043a\u0430 \u044d\u0441\u0442\u0435\u0442\u0438\u0447\u0435\u0441\u043a\u043e\u0439 \u043c\u0435\u0434\u0438\u0446\u0438\u043d\u044b Wellclinic - \u0412\u0430\u0440\u0448\u0430\u0432\u0430 | \u0413\u0434\u0430\u043d\u044c\u0441\u043a | \u041a\u0440\u0430\u043a\u043e\u0432","description":"\u041a\u043b\u0438\u043d\u0438\u043a\u0430 \u044d\u0441\u0442\u0435\u0442\u0438\u0447\u0435\u0441\u043a\u043e\u0439 \u043c\u0435\u0434\u0438\u0446\u0438\u043d\u044b - \u0412\u0430\u0440\u0448\u0430\u0432\u0430 \u0438 \u0413\u0434\u0430\u043d\u044c\u0441\u043a","potentialAction":[{"@type":"SearchAction","target":{"@type":"EntryPoint","urlTemplate":"https:\/\/wellclinic.pl\/?s={search_term_string}"},"query-input":{"@type":"PropertyValueSpecification","valueRequired":true,"valueName":"search_term_string"}}],"inLanguage":"ru-RU"},{"@type":"Person","@id":"https:\/\/wellclinic.pl\/#\/schema\/person\/d6ba279cafc77bac21a8cf59a8aa67d6","name":"\u041a\u0430\u0442\u0430\u0436\u0438\u043d\u0430 \u041f\u0430\u0432\u043b\u043e\u0432\u0441\u043a\u0430","url":"https:\/\/wellclinic.pl\/ru\/author\/kasia\/"}]}},"_links":{"self":[{"href":"https:\/\/wellclinic.pl\/ru\/wp-json\/wp\/v2\/posts\/6715","targetHints":{"allow":["GET"]}}],"collection":[{"href":"https:\/\/wellclinic.pl\/ru\/wp-json\/wp\/v2\/posts"}],"about":[{"href":"https:\/\/wellclinic.pl\/ru\/wp-json\/wp\/v2\/types\/post"}],"author":[{"embeddable":true,"href":"https:\/\/wellclinic.pl\/ru\/wp-json\/wp\/v2\/users\/26"}],"replies":[{"embeddable":true,"href":"https:\/\/wellclinic.pl\/ru\/wp-json\/wp\/v2\/comments?post=6715"}],"version-history":[{"count":21,"href":"https:\/\/wellclinic.pl\/ru\/wp-json\/wp\/v2\/posts\/6715\/revisions"}],"predecessor-version":[{"id":55182,"href":"https:\/\/wellclinic.pl\/ru\/wp-json\/wp\/v2\/posts\/6715\/revisions\/55182"}],"wp:featuredmedia":[{"embeddable":true,"href":"https:\/\/wellclinic.pl\/ru\/wp-json\/wp\/v2\/media\/52206"}],"wp:attachment":[{"href":"https:\/\/wellclinic.pl\/ru\/wp-json\/wp\/v2\/media?parent=6715"}],"wp:term":[{"taxonomy":"category","embeddable":true,"href":"https:\/\/wellclinic.pl\/ru\/wp-json\/wp\/v2\/categories?post=6715"},{"taxonomy":"post_tag","embeddable":true,"href":"https:\/\/wellclinic.pl\/ru\/wp-json\/wp\/v2\/tags?post=6715"}],"curies":[{"name":"wp","href":"https:\/\/api.w.org\/{rel}","templated":true}]}}